{"id":14,"date":"2019-10-11T00:00:49","date_gmt":"2019-10-10T22:00:49","guid":{"rendered":"https:\/\/zagros-centre.org\/es\/?p=14"},"modified":"2019-10-11T02:11:50","modified_gmt":"2019-10-11T00:11:50","slug":"carta-abierta-al-secretario-general-de-las-naciones-unidas-al-alto-comisionado-de-las-naciones-unidas-para-los-refugiados-y-al-alto-comisionado-de-las-naciones-unidas-para-los-derechos-humanos-sobre","status":"publish","type":"post","link":"https:\/\/zagros-centre.org\/es\/?p=14","title":{"rendered":"Carta abierta al Secretario General de las Naciones Unidas, al Alto Comisionado de las Naciones Unidas para los Refugiados y al Alto Comisionado de las Naciones Unidas para los Derechos Humanos sobre la situaci\u00f3n en Rojava, Siria"},"content":{"rendered":"<p><img loading=\"lazy\" decoding=\"async\" class=\"size-full wp-image-15 aligncenter\" src=\"https:\/\/zagros-centre.org\/es\/wp-content\/uploads\/2019\/10\/Rojava.jpg\" alt=\"\" width=\"640\" height=\"360\" srcset=\"https:\/\/zagros-centre.org\/es\/wp-content\/uploads\/2019\/10\/Rojava.jpg 640w, https:\/\/zagros-centre.org\/es\/wp-content\/uploads\/2019\/10\/Rojava-300x169.jpg 300w\" sizes=\"auto, (max-width: 640px) 100vw, 640px\" \/><\/p>\n<p>Varias personalidades y organizaciones internacionales en una carta abierta dirigida al Secretario General de las Naciones Unidas, el Alto Comisionado de las Naciones Unidas para los Refugiados y el Alto Comisionado de las Naciones Unidas para los Derechos Humanos expresaron su preocupaci\u00f3n por la situaci\u00f3n en Rojava (Siria) y las consecuencias de la invasi\u00f3n de la regi\u00f3n por Turqu\u00eda.<\/p>\n<p>la carta abierta:<\/p>\n<p>Excelencias<\/p>\n<p>Las recientes declaraciones del presidente de Turqu\u00eda y de los Estados Unidos sobre una inminente agresi\u00f3n militar en el noreste de Siria son extremadamente alarmantes.<br \/>\nTal acci\u00f3n no solo contravendr\u00e1 el derecho internacional y ser\u00e1 ilegal, sino que el aspecto m\u00e1s preocupante es que ciertamente conducir\u00e1 a m\u00e1s cr\u00edmenes de guerra y cr\u00edmenes contra la humanidad.<br \/>\nTeniendo en cuenta la actitud represiva constante del presidente Erdogan hacia el pueblo kurdo, hay razones para temer que se est\u00e9 preparando una limpieza \u00e9tnica en la frontera turco-siria. Pero esta vez, nadie podr\u00e1 decir \u00abNo sab\u00eda\u00bb.<br \/>\nTeniendo en cuenta la complicidad pasada del Estado turco con el llamado Estado Isl\u00e1mico (ISIS), tampoco se puede ignorar que los 70,000 prisioneros detenidos por las Fuerzas Democr\u00e1ticas Sirias (SDF) podr\u00e1n recuperar su libertad y reanudar a su terrorista. actividades en la regi\u00f3n (por medio del genocidio, feminicidio y etnocidio, no solo de los kurdos sino tambi\u00e9n de los sirios-asirios y otros grupos \u00e9tnicos y religiosos ind\u00edgenas de la regi\u00f3n) y en otras partes del mundo.<br \/>\nEl hecho de que la comunidad internacional no impida dicha acci\u00f3n militar plantea la cuesti\u00f3n de su complicidad en los cr\u00edmenes que se cometer\u00e1n.<br \/>\nLa responsabilidad de las instituciones que diriges es primordial tanto para la poblaci\u00f3n kurda de Rojava, que ha sacrificado m\u00e1s de 10,000 vidas en la lucha contra el terrorismo global, como para los miles de refugiados en la regi\u00f3n atacados por el presidente Erdogan.<br \/>\nLas organizaciones y personalidades abajo firmantes le exhortan, Excelencias, a tomar una posici\u00f3n p\u00fablica pidiendo al presidente Erdogan que renuncie a cualquier acci\u00f3n militar en la regi\u00f3n de Rojava que conduzca a la profundizaci\u00f3n de la crisis humanitaria actual y al resurgimiento de las actividades de ISIS.<\/p>\n<p>9 de octubre de 2019<\/p>\n<div class=\"\" data-block=\"true\" data-editor=\"5m4rl\" data-offset-key=\"99btv-0-0\">\n<div class=\"\" data-block=\"true\" data-editor=\"5m4rl\" data-offset-key=\"6l0jv-0-0\">\n<div class=\"_1mf _1mj\" data-offset-key=\"6l0jv-0-0\"><span data-offset-key=\"6l0jv-0-0\">\u2013 Mr. SOMMARUGA Carlo, Member of the Swiss Parliament<\/span><\/div>\n<\/div>\n<div class=\"\" data-block=\"true\" data-editor=\"5m4rl\" data-offset-key=\"d2vn4-0-0\">\n<div class=\"_1mf _1mj\" data-offset-key=\"d2vn4-0-0\"><span data-offset-key=\"d2vn4-0-0\">\u2013 Mr. CHETERIAN Vicken, author and lecturer at Geneva University \u2013 Switzerland<\/span><\/div>\n<\/div>\n<div class=\"\" data-block=\"true\" data-editor=\"5m4rl\" data-offset-key=\"2lh0d-0-0\">\n<div class=\"_1mf _1mj\" data-offset-key=\"2lh0d-0-0\"><span data-offset-key=\"2lh0d-0-0\">\u2013 Mr. DE ZAYAS Alfred, Former UN Independent Expert on the promotion of a democratic and equitable international order<\/span><\/div>\n<\/div>\n<div class=\"\" data-block=\"true\" data-editor=\"5m4rl\" data-offset-key=\"dqqpg-0-0\">\n<div class=\"_1mf _1mj\" data-offset-key=\"dqqpg-0-0\"><span data-offset-key=\"dqqpg-0-0\">\u2013 Ms. FEHLMANN-RIELLE Laurence, Member of the Swiss Parliament<\/span><\/div>\n<\/div>\n<div class=\"\" data-block=\"true\" data-editor=\"5m4rl\" data-offset-key=\"f8ffc-0-0\">\n<div class=\"_1mf _1mj\" data-offset-key=\"f8ffc-0-0\"><span data-offset-key=\"f8ffc-0-0\">\u2013 Mr. GALAND Pierre, Belgian senator \u2013 President of the Belgian Association for the UN <\/span><\/div>\n<\/div>\n<div class=\"\" data-block=\"true\" data-editor=\"5m4rl\" data-offset-key=\"4bmpn-0-0\">\n<div class=\"_1mf _1mj\" data-offset-key=\"4bmpn-0-0\"><span data-offset-key=\"4bmpn-0-0\">\u2013 Ms. KIENER NELLEN Margret, Member of the Swiss Parliament<\/span><\/div>\n<\/div>\n<div class=\"\" data-block=\"true\" data-editor=\"5m4rl\" data-offset-key=\"57b6c-0-0\">\n<div class=\"_1mf _1mj\" data-offset-key=\"57b6c-0-0\"><span data-offset-key=\"57b6c-0-0\">\u2013 Ms. PORTIOLI Eugenia, Geneva University \u2013 Switzerland<\/span><\/div>\n<\/div>\n<div class=\"\" data-block=\"true\" data-editor=\"5m4rl\" data-offset-key=\"7uuqf-0-0\">\n<div class=\"_1mf _1mj\" data-offset-key=\"7uuqf-0-0\"><span data-offset-key=\"7uuqf-0-0\">\u2013 MS. RAMOS Vanessa, Presidenta de Asociaci\u00f3n Americana de Juristas<\/span><\/div>\n<\/div>\n<div class=\"\" data-block=\"true\" data-editor=\"5m4rl\" data-offset-key=\"14s68-0-0\">\n<div class=\"_1mf _1mj\" data-offset-key=\"14s68-0-0\"><span data-offset-key=\"14s68-0-0\">\u2014\u2014\u2014\u2014\u2014\u2013<\/span><\/div>\n<\/div>\n<div class=\"\" data-block=\"true\" data-editor=\"5m4rl\" data-offset-key=\"1tr0q-0-0\">\n<div class=\"_1mf _1mj\" data-offset-key=\"1tr0q-0-0\"><span data-offset-key=\"1tr0q-0-0\">\u2013 Alliance for Minority Rights<\/span><\/div>\n<\/div>\n<div class=\"\" data-block=\"true\" data-editor=\"5m4rl\" data-offset-key=\"d5rel-0-0\">\n<div class=\"_1mf _1mj\" data-offset-key=\"d5rel-0-0\"><span data-offset-key=\"d5rel-0-0\">\u2013 Asociaci\u00f3n Americana de Juristas (AAJ)<\/span><\/div>\n<\/div>\n<div class=\"\" data-block=\"true\" data-editor=\"5m4rl\" data-offset-key=\"alrf2-0-0\">\n<div class=\"_1mf _1mj\" data-offset-key=\"alrf2-0-0\"><span data-offset-key=\"alrf2-0-0\">\u2013 Association des juristes progressistes \u2013 Geneva (Switzerland)<\/span><\/div>\n<\/div>\n<div class=\"\" data-block=\"true\" data-editor=\"5m4rl\" data-offset-key=\"eu0vb-0-0\">\n<div class=\"_1mf _1mj\" data-offset-key=\"eu0vb-0-0\"><span data-offset-key=\"eu0vb-0-0\">\u2013 Centre Zagros pour les Droits de l\u2019Homme \u2013 Geneva (Switzerland)<\/span><\/div>\n<\/div>\n<div class=\"\" data-block=\"true\" data-editor=\"5m4rl\" data-offset-key=\"6kg7m-0-0\">\n<div class=\"_1mf _1mj\" data-offset-key=\"6kg7m-0-0\"><span data-offset-key=\"6kg7m-0-0\">\u2013 Euskal Herria Bildu (Basque political coalition)<\/span><\/div>\n<\/div>\n<div class=\"\" data-block=\"true\" data-editor=\"5m4rl\" data-offset-key=\"cnmge-0-0\">\n<div class=\"_1mf _1mj\" data-offset-key=\"cnmge-0-0\"><span data-offset-key=\"cnmge-0-0\">\u2013 Fondation Franz Fanon \u2013 Paris (France)<\/span><\/div>\n<\/div>\n<div class=\"\" data-block=\"true\" data-editor=\"5m4rl\" data-offset-key=\"fp7ta-0-0\">\n<div class=\"_1mf _1mj\" data-offset-key=\"fp7ta-0-0\"><span data-offset-key=\"fp7ta-0-0\">\u2013 France-Libert\u00e9s \u2013 Fondation Danielle Mitterrand<\/span><\/div>\n<\/div>\n<div class=\"\" data-block=\"true\" data-editor=\"5m4rl\" data-offset-key=\"f3npn-0-0\">\n<div class=\"_1mf _1mj\" data-offset-key=\"f3npn-0-0\"><span data-offset-key=\"f3npn-0-0\">\u2013 Fundaci\u00f3n Latinoamericana por los Derechos Humanos y el Desarrollo Social Housing and Land Rights Network \u2013 Habitat \u2013 International Coalition<\/span><\/div>\n<\/div>\n<div class=\"\" data-block=\"true\" data-editor=\"5m4rl\" data-offset-key=\"9haet-0-0\">\n<div class=\"_1mf _1mj\" data-offset-key=\"9haet-0-0\"><span data-offset-key=\"9haet-0-0\">\u2013 Indian Movement \u201cTupaj Amaru\u201d<\/span><\/div>\n<\/div>\n<div class=\"\" data-block=\"true\" data-editor=\"5m4rl\" data-offset-key=\"8jlb5-0-0\">\n<div class=\"_1mf _1mj\" data-offset-key=\"8jlb5-0-0\"><span data-offset-key=\"8jlb5-0-0\">\u2013 International Association of Democratic Lawyers<\/span><\/div>\n<\/div>\n<div class=\"\" data-block=\"true\" data-editor=\"5m4rl\" data-offset-key=\"1ofls-0-0\">\n<div class=\"_1mf _1mj\" data-offset-key=\"1ofls-0-0\"><span data-offset-key=\"1ofls-0-0\">\u2013 International Educational Development, Inc.<\/span><\/div>\n<\/div>\n<div class=\"\" data-block=\"true\" data-editor=\"5m4rl\" data-offset-key=\"2m1rp-0-0\">\n<div class=\"_1mf _1mj\" data-offset-key=\"2m1rp-0-0\"><span data-offset-key=\"2m1rp-0-0\">\u2013 International Society for Human Rights<\/span><\/div>\n<\/div>\n<div class=\"\" data-block=\"true\" data-editor=\"5m4rl\" data-offset-key=\"ekg5b-0-0\">\n<div class=\"_1mf _1mj\" data-offset-key=\"ekg5b-0-0\"><span data-offset-key=\"ekg5b-0-0\">\u2013 Italian Association of Democratic Lawyers<\/span><\/div>\n<\/div>\n<div class=\"\" data-block=\"true\" data-editor=\"5m4rl\" data-offset-key=\"1cc3f-0-0\">\n<div class=\"_1mf _1mj\" data-offset-key=\"1cc3f-0-0\"><span data-offset-key=\"1cc3f-0-0\">\u2013 Kurdish- Swiss Alliance<\/span><\/div>\n<\/div>\n<div class=\"\" data-block=\"true\" data-editor=\"5m4rl\" data-offset-key=\"7ctcl-0-0\">\n<div class=\"_1mf _1mj\" data-offset-key=\"7ctcl-0-0\"><span data-offset-key=\"7ctcl-0-0\">\u2013 Mouvement contre le racisme et pour l\u2019amiti\u00e9 entre les peuples (MRAP)<\/span><\/div>\n<\/div>\n<div class=\"\" data-block=\"true\" data-editor=\"5m4rl\" data-offset-key=\"adlhb-0-0\">\n<div class=\"_1mf _1mj\" data-offset-key=\"adlhb-0-0\"><span data-offset-key=\"adlhb-0-0\">\u2013 Maat for Peace, Development and Human Rights Association<\/span><\/div>\n<\/div>\n<div class=\"\" data-block=\"true\" data-editor=\"5m4rl\" data-offset-key=\"2o6n5-0-0\">\n<div class=\"_1mf _1mj\" data-offset-key=\"2o6n5-0-0\"><span data-offset-key=\"2o6n5-0-0\">\u2013 Projet d\u00e9mocratique du Kurdistan iranien<\/span><\/div>\n<\/div>\n<div class=\"\" data-block=\"true\" data-editor=\"5m4rl\" data-offset-key=\"76nq3-0-0\">\n<div class=\"_1mf _1mj\" data-offset-key=\"76nq3-0-0\"><span data-offset-key=\"76nq3-0-0\">\u2013 Spanish Society for International Human Rights Law<\/span><\/div>\n<\/div>\n<div class=\"\" data-block=\"true\" data-editor=\"5m4rl\" data-offset-key=\"cn4pn-0-0\">\n<div class=\"_1mf _1mj\" data-offset-key=\"cn4pn-0-0\"><span data-offset-key=\"cn4pn-0-0\">\u2013 Socialdemocratic Party of Switzerland<\/span><\/div>\n<\/div>\n<div class=\"\" data-block=\"true\" data-editor=\"5m4rl\" data-offset-key=\"7jiir-0-0\">\n<div class=\"_1mf _1mj\" data-offset-key=\"7jiir-0-0\"><span data-offset-key=\"7jiir-0-0\">\u2013 Solidarit\u00e9 Internationale pour la Paix<\/span><\/div>\n<\/div>\n<div class=\"\" data-block=\"true\" data-editor=\"5m4rl\" data-offset-key=\"2easl-0-0\">\n<div class=\"_1mf _1mj\" data-offset-key=\"2easl-0-0\"><span data-offset-key=\"2easl-0-0\">\u2013 Solidarit\u00e9S Gen\u00e8ve (political party)<\/span><\/div>\n<\/div>\n<div class=\"\" data-block=\"true\" data-editor=\"5m4rl\" data-offset-key=\"2fhk-0-0\">\n<div class=\"_1mf _1mj\" data-offset-key=\"2fhk-0-0\"><span data-offset-key=\"2fhk-0-0\">\u2013 Sortu (Basque political party)<\/span><\/div>\n<\/div>\n<div class=\"\" data-block=\"true\" data-editor=\"5m4rl\" data-offset-key=\"3ar96-0-0\">\n<div class=\"_1mf _1mj\" data-offset-key=\"3ar96-0-0\"><span data-offset-key=\"3ar96-0-0\">\u2013 Stichting Ezidis (Ezidis Foundation)<\/span><\/div>\n<\/div>\n<div class=\"\" data-block=\"true\" data-editor=\"5m4rl\" data-offset-key=\"52rm2-0-0\">\n<div class=\"_1mf _1mj\" data-offset-key=\"52rm2-0-0\"><\/div>\n<\/div>\n<div class=\"\" data-block=\"true\" data-editor=\"5m4rl\" data-offset-key=\"7877e-0-0\">\n<div class=\"_1mf _1mj\" data-offset-key=\"7877e-0-0\"><\/div>\n<\/div>\n<div class=\"\" data-block=\"true\" data-editor=\"5m4rl\" data-offset-key=\"73mfu-0-0\">\n<div class=\"_1mf _1mj\" data-offset-key=\"73mfu-0-0\"><span data-offset-key=\"73mfu-0-0\">\u2014\u2014\u2014\u2014\u2014\u2014\u2014\u2014\u2014\u2014\u2014\u2014\u2014\u2014\u2014-<\/span><\/div>\n<\/div>\n<div class=\"\" data-block=\"true\" data-editor=\"5m4rl\" data-offset-key=\"b1tuh-0-0\">\n<div class=\"_1mf _1mj\" data-offset-key=\"b1tuh-0-0\"><span data-offset-key=\"b1tuh-0-0\">image source :<\/span><\/div>\n<\/div>\n<div class=\"\" data-block=\"true\" data-editor=\"5m4rl\" data-offset-key=\"cmdm4-0-0\">\n<div class=\"_1mf _1mj\" data-offset-key=\"cmdm4-0-0\"><span data-offset-key=\"cmdm4-0-0\">https:\/\/www.sudouest.fr\/2019\/10\/10\/innaceptable-agression-attaques-aveugles-volee-de-critiques-apres-l-offensive-turque-en-syrie-6680125-4803.php<\/span><\/div>\n<\/div>\n<\/div>\n","protected":false},"excerpt":{"rendered":"<p>Varias personalidades y organizaciones internacionales en una carta abierta dirigida al Secretario General de las Naciones Unidas, el Alto Comisionado de las Naciones Unidas para los Refugiados y el Alto Comisionado de las Naciones Unidas para los Derechos Humanos expresaron su preocupaci\u00f3n por la situaci\u00f3n en Rojava (Siria) y las consecuencias de la invasi\u00f3n de &hellip;<\/p>\n","protected":false},"author":1,"featured_media":0,"comment_status":"open","ping_status":"open","sticky":false,"template":"","format":"standard","meta":{"footnotes":""},"categories":[2,8,9,10,5,7],"tags":[],"class_list":["post-14","post","type-post","status-publish","format-standard","","category-actualidad","category-carta-abierta","category-comunicado","category-por-escrito","category-siria","category-turquia"],"_links":{"self":[{"href":"https:\/\/zagros-centre.org\/es\/index.php?rest_route=\/wp\/v2\/posts\/14","targetHints":{"allow":["GET"]}}],"collection":[{"href":"https:\/\/zagros-centre.org\/es\/index.php?rest_route=\/wp\/v2\/posts"}],"about":[{"href":"https:\/\/zagros-centre.org\/es\/index.php?rest_route=\/wp\/v2\/types\/post"}],"author":[{"embeddable":true,"href":"https:\/\/zagros-centre.org\/es\/index.php?rest_route=\/wp\/v2\/users\/1"}],"replies":[{"embeddable":true,"href":"https:\/\/zagros-centre.org\/es\/index.php?rest_route=%2Fwp%2Fv2%2Fcomments&post=14"}],"version-history":[{"count":0,"href":"https:\/\/zagros-centre.org\/es\/index.php?rest_route=\/wp\/v2\/posts\/14\/revisions"}],"wp:attachment":[{"href":"https:\/\/zagros-centre.org\/es\/index.php?rest_route=%2Fwp%2Fv2%2Fmedia&parent=14"}],"wp:term":[{"taxonomy":"category","embeddable":true,"href":"https:\/\/zagros-centre.org\/es\/index.php?rest_route=%2Fwp%2Fv2%2Fcategories&post=14"},{"taxonomy":"post_tag","embeddable":true,"href":"https:\/\/zagros-centre.org\/es\/index.php?rest_route=%2Fwp%2Fv2%2Ftags&post=14"}],"curies":[{"name":"wp","href":"https:\/\/api.w.org\/{rel}","templated":true}]}}