{"id":163,"date":"2021-12-16T06:41:05","date_gmt":"2021-12-16T05:41:05","guid":{"rendered":"https:\/\/zagros-centre.org\/es\/?p=163"},"modified":"2021-12-16T06:42:14","modified_gmt":"2021-12-16T05:42:14","slug":"declaracion-oral-del-centro-zagros-en-la-14a-sesion-del-foro-de-minorias-2-3-12-2021","status":"publish","type":"post","link":"https:\/\/zagros-centre.org\/es\/?p=163","title":{"rendered":"Declaraci\u00f3n oral del Centro Zagros, en la 14\u00aa sesi\u00f3n del foro de minor\u00edas -2-3 \/ 12\/2021"},"content":{"rendered":"<p><span class=\"VIiyi\" lang=\"es\"><span class=\"JLqJ4b\" data-language-for-alternatives=\"es\" data-language-to-translate-into=\"fr\" data-phrase-index=\"0\" data-number-of-phrases=\"1\">Este foro tuvo lugar los d\u00edas 2 y 3 de diciembre de 2021 en el Consejo de Derechos Humanos en Ginebra.<\/span><\/span><\/p>\n<p><iframe loading=\"lazy\" title=\"YouTube video player\" src=\"https:\/\/www.youtube.com\/embed\/-BTZT3kaBEo\" allowfullscreen=\"allowfullscreen\" width=\"560\" height=\"315\" frameborder=\"0\"><\/iframe><\/p>\n<hr>\n<p>&nbsp;<\/p>\n<p style=\"text-align: center;\"><strong><span class=\"VIiyi\" lang=\"es\"><span class=\"JLqJ4b\" data-language-for-alternatives=\"es\" data-language-to-translate-into=\"fr\" data-phrase-index=\"0\" data-number-of-phrases=\"1\"><span class=\"JLqJ4b ChMk0b\" data-language-for-alternatives=\"es\" data-language-to-translate-into=\"fr\" data-phrase-index=\"0\" data-number-of-phrases=\"1\">Declaraci\u00f3n oral<\/span> del Centro Zagros de Derechos Humanos <\/span><\/span><\/strong><\/p>\n<p style=\"text-align: center;\"><strong><span class=\"VIiyi\" lang=\"es\"><span class=\"JLqJ4b\" data-language-for-alternatives=\"es\" data-language-to-translate-into=\"fr\" data-phrase-index=\"0\" data-number-of-phrases=\"1\">Decimocuarto per\u00edodo de sesiones del Foro sobre cuestiones de las minor\u00edas <\/span><\/span><\/strong><\/p>\n<p style=\"text-align: center;\"><span class=\"VIiyi\" lang=\"es\"><span class=\"JLqJ4b\" data-language-for-alternatives=\"es\" data-language-to-translate-into=\"fr\" data-phrase-index=\"0\" data-number-of-phrases=\"1\"><strong>Punto 3: Marco jur\u00eddico e institucional internacional: derechos humanos de las minor\u00edas y prevenci\u00f3n de conflictos<\/strong> <\/span><\/span><\/p>\n<p>&nbsp;<\/p>\n<p><span class=\"VIiyi\" lang=\"es\"><span class=\"JLqJ4b\" data-language-for-alternatives=\"es\" data-language-to-translate-into=\"fr\" data-phrase-index=\"0\" data-number-of-phrases=\"1\">Se\u00f1ora Presidenta, <\/span><\/span><\/p>\n<p style=\"text-align: justify;\"><span class=\"VIiyi\" lang=\"es\"><span class=\"JLqJ4b\" data-language-for-alternatives=\"es\" data-language-to-translate-into=\"fr\" data-phrase-index=\"0\" data-number-of-phrases=\"1\">Las constituciones de algunos pa\u00edses, incluidos Ir\u00e1n, Turqu\u00eda, Siria e Irak bajo Saddam Hussein, se basan en la superioridad de un grupo sobre otros. <\/span><\/span><\/p>\n<p style=\"text-align: justify;\"><span class=\"VIiyi\" lang=\"es\"><span class=\"JLqJ4b\" data-language-for-alternatives=\"es\" data-language-to-translate-into=\"fr\" data-phrase-index=\"0\" data-number-of-phrases=\"1\">El art\u00edculo 2 de la Constituci\u00f3n turca establece un compromiso con el nacionalismo de Atat\u00fcrk, y el art\u00edculo 3 establece una naci\u00f3n y declara que el idioma turco es el \u00fanico idioma del pa\u00eds. Otros grupos nacionales no turcos, incluidos los kurdos, que representan m\u00e1s de 30 millones de la poblaci\u00f3n de Turqu\u00eda, han sido denegados o marginados legal y sistem\u00e1ticamente.<\/span><\/span><\/p>\n<p style=\"text-align: justify;\"><span class=\"VIiyi\" lang=\"es\"><span class=\"JLqJ4b\" data-language-for-alternatives=\"es\" data-language-to-translate-into=\"fr\" data-phrase-index=\"0\" data-number-of-phrases=\"1\"> Seg\u00fan el cuarto principio de la Constituci\u00f3n de la Rep\u00fablica Isl\u00e1mica del Ir\u00e1n, todas las leyes deben ajustarse a las normas isl\u00e1micas. <\/span><\/span><\/p>\n<p style=\"text-align: justify;\"><span class=\"VIiyi\" lang=\"es\"><span class=\"JLqJ4b\" data-language-for-alternatives=\"es\" data-language-to-translate-into=\"fr\" data-phrase-index=\"0\" data-number-of-phrases=\"1\">Las minor\u00edas religiosas, incluidos los bah\u00e1&#8217;\u00eds, los yarsanis y los mandeanos, no tienen un estatus oficial y son perseguidas constantemente. <\/span><\/span><\/p>\n<p style=\"text-align: justify;\"><span class=\"VIiyi\" lang=\"es\"><span class=\"JLqJ4b\" data-language-for-alternatives=\"es\" data-language-to-translate-into=\"fr\" data-phrase-index=\"0\" data-number-of-phrases=\"1\">La parte de los grupos nacionales, incluidos los turcos, kurdos, \u00e1rabes, baluchis y otras minor\u00edas \u00e9tnicas, en la constituci\u00f3n del pa\u00eds son solo los principios no aplicados de los quince y diecinueve. A pesar de que estas naciones no persas representan m\u00e1s del cincuenta por ciento de la poblaci\u00f3n iran\u00ed. Sin embargo, en ninguna parte de la constituci\u00f3n se reconoce su existencia ni se mencionan sus derechos fundamentales. <\/span><\/span><\/p>\n<p style=\"text-align: justify;\"><span class=\"VIiyi\" lang=\"es\"><span class=\"JLqJ4b\" data-language-for-alternatives=\"es\" data-language-to-translate-into=\"fr\" data-phrase-index=\"0\" data-number-of-phrases=\"1\">Desafortunadamente, las actitudes intencionales y, a veces, hostiles hacia las diversas minor\u00edas en estos pa\u00edses solo han dado lugar a disturbios y violencia, y se han convertido en un conflicto armado. Si persisten la marginaci\u00f3n y la desigualdad, tendremos que esperar a m\u00e1s conflictos sangrientos en el futuro. <\/span><\/span><\/p>\n<p><span class=\"VIiyi\" lang=\"es\"><span class=\"JLqJ4b\" data-language-for-alternatives=\"es\" data-language-to-translate-into=\"fr\" data-phrase-index=\"0\" data-number-of-phrases=\"1\">Os agradezco<\/span><\/span><\/p>\n<p>&nbsp;<\/p>\n<p>&nbsp;<\/p>\n","protected":false},"excerpt":{"rendered":"<p>Este foro tuvo lugar los d\u00edas 2 y 3 de diciembre de 2021 en el Consejo de Derechos Humanos en Ginebra. &nbsp; Declaraci\u00f3n oral del Centro Zagros de Derechos Humanos Decimocuarto per\u00edodo de sesiones del Foro sobre cuestiones de las minor\u00edas Punto 3: Marco jur\u00eddico e institucional internacional: derechos humanos de las minor\u00edas y prevenci\u00f3n &hellip;<\/p>\n","protected":false},"author":1,"featured_media":165,"comment_status":"closed","ping_status":"closed","sticky":false,"template":"","format":"standard","meta":{"footnotes":""},"categories":[21,18,19,3,20,7],"tags":[],"class_list":["post-163","post","type-post","status-publish","format-standard","has-post-thumbnail","","category-consejo-de-derechos-humanos","category-declaracion-oral","category-foro-de-minorias","category-iran","category-minorias","category-turquia"],"_links":{"self":[{"href":"https:\/\/zagros-centre.org\/es\/index.php?rest_route=\/wp\/v2\/posts\/163","targetHints":{"allow":["GET"]}}],"collection":[{"href":"https:\/\/zagros-centre.org\/es\/index.php?rest_route=\/wp\/v2\/posts"}],"about":[{"href":"https:\/\/zagros-centre.org\/es\/index.php?rest_route=\/wp\/v2\/types\/post"}],"author":[{"embeddable":true,"href":"https:\/\/zagros-centre.org\/es\/index.php?rest_route=\/wp\/v2\/users\/1"}],"replies":[{"embeddable":true,"href":"https:\/\/zagros-centre.org\/es\/index.php?rest_route=%2Fwp%2Fv2%2Fcomments&post=163"}],"version-history":[{"count":0,"href":"https:\/\/zagros-centre.org\/es\/index.php?rest_route=\/wp\/v2\/posts\/163\/revisions"}],"wp:featuredmedia":[{"embeddable":true,"href":"https:\/\/zagros-centre.org\/es\/index.php?rest_route=\/wp\/v2\/media\/165"}],"wp:attachment":[{"href":"https:\/\/zagros-centre.org\/es\/index.php?rest_route=%2Fwp%2Fv2%2Fmedia&parent=163"}],"wp:term":[{"taxonomy":"category","embeddable":true,"href":"https:\/\/zagros-centre.org\/es\/index.php?rest_route=%2Fwp%2Fv2%2Fcategories&post=163"},{"taxonomy":"post_tag","embeddable":true,"href":"https:\/\/zagros-centre.org\/es\/index.php?rest_route=%2Fwp%2Fv2%2Ftags&post=163"}],"curies":[{"name":"wp","href":"https:\/\/api.w.org\/{rel}","templated":true}]}}