{"id":261,"date":"2024-04-04T02:22:38","date_gmt":"2024-04-04T00:22:38","guid":{"rendered":"https:\/\/zagros-centre.org\/es\/?p=261"},"modified":"2024-04-04T02:28:41","modified_gmt":"2024-04-04T00:28:41","slug":"declaracion-oral-del-centro-de-derechos-humanos-zagros-tema-5-21-de-marzo-de-2024","status":"publish","type":"post","link":"https:\/\/zagros-centre.org\/es\/?p=261","title":{"rendered":"Declaraci\u00f3n Oral del Centro de Derechos Humanos Zagros -Tema 5 &#8211; 21 de marzo de 2024"},"content":{"rendered":"<p>55\u00aa sesi\u00f3n del Consejo de Derechos Humanos (del 26 de febrero al 5 de abril de 2024)<\/p>\n<p>Tema 5 del Orden del D\u00eda: Debate general sobre organismos y mecanismos de derechos humanos<\/p>\n<p>Por: Sra. Anja Elisabeth OKSALAMPI<\/p>\n<p>Se\u00f1oras y se\u00f1ores,<\/p>\n<p style=\"text-align: justify;\">Las minor\u00edas kurda, baluche, turco-azerbaiyana, \u00e1rabe, as\u00ed como las minor\u00edas religiosas en Ir\u00e1n, sufren violaciones sistem\u00e1ticas de sus derechos fundamentales. Los informes de la Misi\u00f3n Independiente de Determinaci\u00f3n de Hechos sobre la Rep\u00fablica Isl\u00e1mica de Ir\u00e1n (FFMI) y del Relator Especial han arrojado luz sobre la magnitud de estas atrocidades. Los arrestos arbitrarios, la detenci\u00f3n prolongada sin juicio, la tortura e incluso las ejecuciones sumarias son moneda corriente para estas comunidades marginadas.<\/p>\n<p style=\"text-align: justify;\">El informe de la FFMI ha documentado exhaustivamente estas violaciones, resaltando la urgencia de una acci\u00f3n internacional concertada. Es imperativo que la comunidad internacional cumpla con sus responsabilidades hacia estas minor\u00edas oprimidas. La gravedad de las violaciones requiere una vigilancia regular por parte de la comunidad internacional. Por lo tanto, instamos a esta asamblea a renovar los mandatos del Relator Especial y de la FFMI.<\/p>\n<p style=\"text-align: justify;\">Tambi\u00e9n hacemos un llamado a las autoridades iran\u00edes para que respeten los est\u00e1ndares internacionales de derechos humanos, pongan fin a la represi\u00f3n sistem\u00e1tica y garanticen la igualdad de derechos para todos los componentes de la sociedad iran\u00ed, independientemente de su origen \u00e9tnico o creencia religiosa.<\/p>\n<p>Gracias<\/p>\n<p><iframe loading=\"lazy\" title=\"YouTube video player\" src=\"https:\/\/www.youtube.com\/embed\/NxZ9WsZ4qDI?si=PPMQTunT5c2FXteU\" width=\"560\" height=\"315\" frameborder=\"0\" allowfullscreen=\"allowfullscreen\"><\/iframe><\/p>\n","protected":false},"excerpt":{"rendered":"<p>55\u00aa sesi\u00f3n del Consejo de Derechos Humanos (del 26 de febrero al 5 de abril de 2024) Tema 5 del Orden del D\u00eda: Debate general sobre organismos y mecanismos de derechos humanos Por: Sra. Anja Elisabeth OKSALAMPI Se\u00f1oras y se\u00f1ores, Las minor\u00edas kurda, baluche, turco-azerbaiyana, \u00e1rabe, as\u00ed como las minor\u00edas religiosas en Ir\u00e1n, sufren violaciones &hellip;<\/p>\n","protected":false},"author":1,"featured_media":265,"comment_status":"closed","ping_status":"closed","sticky":false,"template":"","format":"standard","meta":{"footnotes":""},"categories":[21,18,3,20],"tags":[],"class_list":["post-261","post","type-post","status-publish","format-standard","has-post-thumbnail","","category-consejo-de-derechos-humanos","category-declaracion-oral","category-iran","category-minorias"],"_links":{"self":[{"href":"https:\/\/zagros-centre.org\/es\/index.php?rest_route=\/wp\/v2\/posts\/261","targetHints":{"allow":["GET"]}}],"collection":[{"href":"https:\/\/zagros-centre.org\/es\/index.php?rest_route=\/wp\/v2\/posts"}],"about":[{"href":"https:\/\/zagros-centre.org\/es\/index.php?rest_route=\/wp\/v2\/types\/post"}],"author":[{"embeddable":true,"href":"https:\/\/zagros-centre.org\/es\/index.php?rest_route=\/wp\/v2\/users\/1"}],"replies":[{"embeddable":true,"href":"https:\/\/zagros-centre.org\/es\/index.php?rest_route=%2Fwp%2Fv2%2Fcomments&post=261"}],"version-history":[{"count":0,"href":"https:\/\/zagros-centre.org\/es\/index.php?rest_route=\/wp\/v2\/posts\/261\/revisions"}],"wp:featuredmedia":[{"embeddable":true,"href":"https:\/\/zagros-centre.org\/es\/index.php?rest_route=\/wp\/v2\/media\/265"}],"wp:attachment":[{"href":"https:\/\/zagros-centre.org\/es\/index.php?rest_route=%2Fwp%2Fv2%2Fmedia&parent=261"}],"wp:term":[{"taxonomy":"category","embeddable":true,"href":"https:\/\/zagros-centre.org\/es\/index.php?rest_route=%2Fwp%2Fv2%2Fcategories&post=261"},{"taxonomy":"post_tag","embeddable":true,"href":"https:\/\/zagros-centre.org\/es\/index.php?rest_route=%2Fwp%2Fv2%2Ftags&post=261"}],"curies":[{"name":"wp","href":"https:\/\/api.w.org\/{rel}","templated":true}]}}