{"id":266,"date":"2024-04-10T21:50:18","date_gmt":"2024-04-10T19:50:18","guid":{"rendered":"https:\/\/zagros-centre.org\/es\/?p=266"},"modified":"2024-04-10T21:51:37","modified_gmt":"2024-04-10T19:51:37","slug":"llamado-a-la-accion-conjunta-para-detener-las-ejecuciones-relacionadas-con-las-drogas-en-iran","status":"publish","type":"post","link":"https:\/\/zagros-centre.org\/es\/?p=266","title":{"rendered":"LLAMADO A LA ACCI\u00d3N CONJUNTA PARA DETENER LAS EJECUCIONES RELACIONADAS CON LAS DROGAS EN IR\u00c1N"},"content":{"rendered":"<div class=\"presented-response-container ng-tns-c2612675863-115\">\n<div class=\"response-container-content ng-tns-c2612675863-115\">\n<div class=\"response-content ng-tns-c2612675863-115 ng-animate-disabled\">\n<div class=\"markdown markdown-main-panel\" dir=\"ltr\">\n<p style=\"text-align: justify;\" data-sourcepos=\"3:1-3:309\">10 de abril de 2024 &#8211; La pena de muerte, o asesinato estatal, es la herramienta m\u00e1s importante de la Rep\u00fablica Isl\u00e1mica para infundir temor social y mantener el poder. Las ejecuciones en Ir\u00e1n aumentaron dr\u00e1sticamente tras el levantamiento \u00abMujer, Vida, Libertad\u00bb, con al menos 834 personas ejecutadas en 2023.<\/p>\n<p style=\"text-align: justify;\" data-sourcepos=\"5:1-5:578\">En 2023, m\u00e1s de la mitad de todas las ejecuciones registradas en Ir\u00e1n se debieron a cargos relacionados con las drogas. Al menos 471 personas fueron ejecutadas sin ning\u00fan tipo de reacci\u00f3n o costo pol\u00edtico para la Rep\u00fablica Isl\u00e1mica. La mayor\u00eda de los ejecutados proceden de comunidades desfavorecidas y marginadas. El n\u00famero de ejecuciones llevadas a cabo en las regiones \u00e9tnicas, en particular las kurdas y baluchis, es desproporcionadamente alto en comparaci\u00f3n con su poblaci\u00f3n. En 2023, un tercio de los ejecutados por cargos relacionados con las drogas eran de etnia baluch.<\/p>\n<p style=\"text-align: justify;\" data-sourcepos=\"7:1-7:229\">Los acusados de tr\u00e1fico de drogas son condenados a muerte por tribunales revolucionarios bas\u00e1ndose en confesiones obtenidas mediante tortura, sin el debido proceso ni derecho a un juicio justo, y a menudo sin acceso a un abogado.<\/p>\n<p style=\"text-align: justify;\" data-sourcepos=\"9:1-9:340\">Las ejecuciones relacionadas con las drogas no han recibido una reacci\u00f3n internacional adecuada y su aplicaci\u00f3n diaria se encuentra con el silencio de los medios de comunicaci\u00f3n. Esto ha llevado a que las autoridades realicen 18 veces m\u00e1s ejecuciones relacionadas con las drogas en 2023 en comparaci\u00f3n con 2020, con el menor costo pol\u00edtico.<\/p>\n<p style=\"text-align: justify;\" data-sourcepos=\"11:1-11:510\">Por otra parte, la Oficina de las Naciones Unidas contra la Droga y el Delito (UNODC), que coopera con Ir\u00e1n en la lucha contra el tr\u00e1fico de drogas, no solo ha guardado silencio sobre el fuerte aumento de las ejecuciones relacionadas con las drogas, sino que tambi\u00e9n firm\u00f3 un nuevo acuerdo con la Rep\u00fablica Isl\u00e1mica en mayo de 2023. Adem\u00e1s de legitimar el uso de la pena de muerte por parte del Estado, esta cooperaci\u00f3n tambi\u00e9n conduce a un mayor n\u00famero de ejecuciones mediante la ayuda financiera y el equipo.<\/p>\n<p style=\"text-align: justify;\" data-sourcepos=\"13:1-13:363\">Nos preocupa que cientos de personas m\u00e1s sean ejecutadas en los pr\u00f3ximos meses si no aumentamos el costo pol\u00edtico de estas ejecuciones para la Rep\u00fablica Isl\u00e1mica. Hacemos un llamamiento a todas las organizaciones de derechos humanos y activistas para que participen en una campa\u00f1a mundial especial para detener las ejecuciones relacionadas con las drogas en Ir\u00e1n.<\/p>\n<p style=\"text-align: justify;\" data-sourcepos=\"15:1-15:311\">El objetivo de la campa\u00f1a es hacer eco de la voz de las v\u00edctimas m\u00e1s silenciadas de la m\u00e1quina de ejecuci\u00f3n e intimidaci\u00f3n de la Rep\u00fablica Isl\u00e1mica. Tambi\u00e9n instamos a la UNODC a que condicione cualquier cooperaci\u00f3n con la Rep\u00fablica Isl\u00e1mica a la suspensi\u00f3n total de las ejecuciones relacionadas con las drogas.<\/p>\n<\/div>\n<div class=\"response-footer gap complete\">\n<div class=\"sources-list-container ng-star-inserted\">\n<ol>\n<li>Abolition Death Penalty of Iraq Organization<\/li>\n<li>ACAT Belgique<\/li>\n<li>ACAT France<\/li>\n<li>ACAT Germany (Action by Christians for the Abolition of Torture)<\/li>\n<li>Ahwaz Human Rights Organisation (AHRO)<\/li>\n<li>Alborz, Paris &#8211; collectif en soutien au soul\u00e8vement \u201cFemme, Vie, Libert\u00e9\u201d<\/li>\n<li>Alliance Path for Iran (API)<\/li>\n<li>All Human Rights for All in Iran<\/li>\n<li>Alliance Path for Iran (API)<\/li>\n<li>Association des Chercheurs Iraniens (ACI)<\/li>\n<li>Association for the Human Rights of the Azerbaijani People in Iran (AHRAZ)<\/li>\n<li>Balochistan Human Rights Group<\/li>\n<li>Bramsh &#8211; Balochistan Women\u2019s Voices<\/li>\n<li>Campaign to Free Political Prisoners in Iran (CFPPI)<\/li>\n<li>Capital Punishment Justice Project, Australia<\/li>\n<li>Center for Human Rights in Iran<\/li>\n<li>Centre Zagros pour les Droits de l\u2019Homme<\/li>\n<li>Death Penalty Focus (USA)<\/li>\n<li>Defenders of Human Rights Center (Shirin Ebadi)<\/li>\n<li>Eleos Justice, Monash University, Australia<\/li>\n<li>Ensemble contre la peine de mort (ECPM)<\/li>\n<li>Ensemble pour l\u2019Iran<\/li>\n<li>Federal Association of Vietnamese Refugees in the Federal Republic of Germany<\/li>\n<li>Feminista Bonn<\/li>\n<li>Frau Leben Freiheit Darmstadt<\/li>\n<li>Frauen f\u00fcr Freiheit e.v<\/li>\n<li>Free Human Association<\/li>\n<li>Free Them Now<\/li>\n<li>Global Campaign to Stop Executions In Iran<\/li>\n<li>Grupo de Apoyo Mutuo, Guatemala<\/li>\n<li>Haalvsh<\/li>\n<li>HANA Human Rights Organization<\/li>\n<li>Hands Off Cain<\/li>\n<li>Hengaw Organization for Human Rights<\/li>\n<li>H\u00c1WAR.help Organization<\/li>\n<li>Humanity Diaspo, France<\/li>\n<li>International Committee Against Execution (ICAE)<\/li>\n<li>International Iranian Physicians and Healthcare Providers Association (IIPHA)<\/li>\n<li>International Women in Power<\/li>\n<li>Iran Human Rights (IHRNGO)<\/li>\n<li>Iran Human Rights Documentation Center<\/li>\n<li>Iranian Healthcare Association for Democracy and Human Rights<\/li>\n<li>Iransk Solidaritetsforum<\/li>\n<li>Justice for Iran<\/li>\n<li>Justice Supporters Association<\/li>\n<li>Kanoon-e Khavaran<\/li>\n<li>Key and Vulnerable Population Tanzania (KVP Forum)<\/li>\n<li>Kurdistan Human Rights Association &#8211; Geneva<\/li>\n<li>Kurdistan Human Rights Network (KHRN)<\/li>\n<li>Kurdistan Human Rights Reporters Center<\/li>\n<li>Kurdpa Human Rights Organization<\/li>\n<li>Kurdish Community of Quebec (Simorgh; Centre socio-culturel des Iraniens de Qu\u00e9bec)<\/li>\n<li>Kurds for a Better Future (Kurdistan Human Rights Association &#8211; Geneva)<\/li>\n<li>Minnesota 4Iran<\/li>\n<li>Nemiran Center<\/li>\n<li>NIKA, Network of Iranians for Liberty and Democracy<\/li>\n<li>Norsk Iransk R\u00e5d<\/li>\n<li>Rasanak<\/li>\n<li>Rescue Alternatives Liberia<\/li>\n<li>Rev Group Iran<\/li>\n<li>Rojhalat Women Organisation<\/li>\n<li>SALAM DHR, Bahrain<\/li>\n<li>Simorgh; Centre socio-culturel des Iraniens de Qu\u00e9bec<\/li>\n<li>SolidIran Association<\/li>\n<li>Solidarit\u00e4t mit der Iranischen Revolution &#8211; Frankfurt\/Mainz<\/li>\n<li>Stop Child Executions (SCE)<\/li>\n<li>The Baloch Activists Campaign<\/li>\n<li>The Christian Union for Progress and Human Rights, DRC<\/li>\n<li>The Sunny Center Foundation (USA)<\/li>\n<li>Transitional Justice Working Group (TJWG), South Korea<\/li>\n<li>Transnational Community Federation e.V<\/li>\n<li>United for Iran (U4I)<\/li>\n<li>United to End Executions in Iran<\/li>\n<li>Voices of Iranians- Frankfurt<\/li>\n<li>Voix de la diaspora iranienne (Voices of Iranians- Frankfurt)<\/li>\n<li>Voluntary Health Association of Kurdistan (Hanai Rojhelat)<\/li>\n<li>Volunteer Doctors of Kurdistan<\/li>\n<li>World Coalition Against the Death Penalty<\/li>\n<li>Woman-Life-Freedom, Melbourne<\/li>\n<li>Women\u2019s Independence and Sustainable Equality (WISE)<\/li>\n<\/ol>\n<p><img loading=\"lazy\" decoding=\"async\" class=\"alignnone wp-image-268 \" src=\"https:\/\/zagros-centre.org\/es\/wp-content\/uploads\/2024\/04\/78organisations.jpg\" alt=\"\" width=\"842\" height=\"851\" srcset=\"https:\/\/zagros-centre.org\/es\/wp-content\/uploads\/2024\/04\/78organisations.jpg 1683w, https:\/\/zagros-centre.org\/es\/wp-content\/uploads\/2024\/04\/78organisations-297x300.jpg 297w, https:\/\/zagros-centre.org\/es\/wp-content\/uploads\/2024\/04\/78organisations-1014x1024.jpg 1014w, https:\/\/zagros-centre.org\/es\/wp-content\/uploads\/2024\/04\/78organisations-768x776.jpg 768w, https:\/\/zagros-centre.org\/es\/wp-content\/uploads\/2024\/04\/78organisations-1521x1536.jpg 1521w\" sizes=\"auto, (max-width: 842px) 100vw, 842px\" \/><\/p>\n<\/div>\n<\/div>\n<\/div>\n<\/div>\n<\/div>\n<div class=\"response-container-footer ng-tns-c2612675863-115\">\n<div class=\"actions-container-v2 ng-star-inserted\">\n<div class=\"buttons-container-v2 ng-star-inserted\"><\/div>\n<\/div>\n<\/div>\n<div class=\"menu-button-wrapper ng-star-inserted\"><\/div>\n<div class=\"menu-button-wrapper ng-star-inserted\"><\/div>\n<div class=\"menu-button-wrapper ng-star-inserted\"><\/div>\n<div class=\"menu-button-wrapper ng-star-inserted\"><\/div>\n<div class=\"menu-button-wrapper ng-star-inserted\"><\/div>\n<div id=\"simple-translate\" class=\"simple-translate-system-theme\">\n<div>\n<div class=\"simple-translate-button isShow\" style=\"background-image: url('moz-extension:\/\/6bb04b74-07ad-4efc-8f34-39df1d8cd40f\/icons\/512.png'); height: 22px; width: 22px; top: 613px; left: 1145px;\"><\/div>\n<div class=\"simple-translate-panel \" style=\"width: 300px; height: 200px; top: 0px; left: 0px; font-size: 13px;\">\n<div class=\"simple-translate-result-wrapper\" style=\"overflow: hidden;\">\n<div class=\"simple-translate-move\" draggable=\"true\"><\/div>\n<div class=\"simple-translate-result-contents\">\n<p class=\"simple-translate-result\" dir=\"auto\">\n<p class=\"simple-translate-candidate\" dir=\"auto\">\n<\/div>\n<\/div>\n<\/div>\n<\/div>\n<\/div>\n","protected":false},"excerpt":{"rendered":"<p>10 de abril de 2024 &#8211; La pena de muerte, o asesinato estatal, es la herramienta m\u00e1s importante de la Rep\u00fablica Isl\u00e1mica para infundir temor social y mantener el poder. Las ejecuciones en Ir\u00e1n aumentaron dr\u00e1sticamente tras el levantamiento \u00abMujer, Vida, Libertad\u00bb, con al menos 834 personas ejecutadas en 2023. En 2023, m\u00e1s de la &hellip;<\/p>\n","protected":false},"author":1,"featured_media":267,"comment_status":"closed","ping_status":"closed","sticky":false,"template":"","format":"standard","meta":{"footnotes":""},"categories":[2,25,3,13],"tags":[],"class_list":["post-266","post","type-post","status-publish","format-standard","has-post-thumbnail","","category-actualidad","category-ejecucion","category-iran","category-llamar"],"_links":{"self":[{"href":"https:\/\/zagros-centre.org\/es\/index.php?rest_route=\/wp\/v2\/posts\/266","targetHints":{"allow":["GET"]}}],"collection":[{"href":"https:\/\/zagros-centre.org\/es\/index.php?rest_route=\/wp\/v2\/posts"}],"about":[{"href":"https:\/\/zagros-centre.org\/es\/index.php?rest_route=\/wp\/v2\/types\/post"}],"author":[{"embeddable":true,"href":"https:\/\/zagros-centre.org\/es\/index.php?rest_route=\/wp\/v2\/users\/1"}],"replies":[{"embeddable":true,"href":"https:\/\/zagros-centre.org\/es\/index.php?rest_route=%2Fwp%2Fv2%2Fcomments&post=266"}],"version-history":[{"count":0,"href":"https:\/\/zagros-centre.org\/es\/index.php?rest_route=\/wp\/v2\/posts\/266\/revisions"}],"wp:featuredmedia":[{"embeddable":true,"href":"https:\/\/zagros-centre.org\/es\/index.php?rest_route=\/wp\/v2\/media\/267"}],"wp:attachment":[{"href":"https:\/\/zagros-centre.org\/es\/index.php?rest_route=%2Fwp%2Fv2%2Fmedia&parent=266"}],"wp:term":[{"taxonomy":"category","embeddable":true,"href":"https:\/\/zagros-centre.org\/es\/index.php?rest_route=%2Fwp%2Fv2%2Fcategories&post=266"},{"taxonomy":"post_tag","embeddable":true,"href":"https:\/\/zagros-centre.org\/es\/index.php?rest_route=%2Fwp%2Fv2%2Ftags&post=266"}],"curies":[{"name":"wp","href":"https:\/\/api.w.org\/{rel}","templated":true}]}}