{"id":272,"date":"2024-08-03T07:00:41","date_gmt":"2024-08-03T05:00:41","guid":{"rendered":"https:\/\/zagros-centre.org\/es\/?p=272"},"modified":"2024-08-04T15:59:27","modified_gmt":"2024-08-04T13:59:27","slug":"declaracion-del-centro-zagros-para-los-derechos-humanos-en-el-decimo-aniversario-del-genocidio-yazidi","status":"publish","type":"post","link":"https:\/\/zagros-centre.org\/es\/?p=272","title":{"rendered":"Declaraci\u00f3n del Centro Zagros para los Derechos Humanos en el D\u00e9cimo Aniversario del Genocidio Yazid\u00ed"},"content":{"rendered":"<p style=\"text-align: justify;\"><img loading=\"lazy\" decoding=\"async\" class=\"size-medium wp-image-273 alignleft\" src=\"https:\/\/zagros-centre.org\/es\/wp-content\/uploads\/2024\/08\/Genocide-Ezidi-2014-300x169.jpg\" alt=\"\" width=\"300\" height=\"169\" srcset=\"https:\/\/zagros-centre.org\/es\/wp-content\/uploads\/2024\/08\/Genocide-Ezidi-2014-300x169.jpg 300w, https:\/\/zagros-centre.org\/es\/wp-content\/uploads\/2024\/08\/Genocide-Ezidi-2014-1024x575.jpg 1024w, https:\/\/zagros-centre.org\/es\/wp-content\/uploads\/2024\/08\/Genocide-Ezidi-2014-768x432.jpg 768w, https:\/\/zagros-centre.org\/es\/wp-content\/uploads\/2024\/08\/Genocide-Ezidi-2014-1536x863.jpg 1536w, https:\/\/zagros-centre.org\/es\/wp-content\/uploads\/2024\/08\/Genocide-Ezidi-2014.jpg 1920w\" sizes=\"auto, (max-width: 300px) 100vw, 300px\" \/>En el d\u00e9cimo aniversario del genocidio yazid\u00ed perpetrado por el ISIS, el Centro Zagros para los Derechos Humanos se une a la comunidad internacional para honrar a las v\u00edctimas y expresar nuestra solidaridad con los sobrevivientes. En agosto de 2014, los ataques brutales contra la comunidad yazid\u00ed no solo causaron p\u00e9rdidas humanas devastadoras, sino que tambi\u00e9n marcaron un cap\u00edtulo oscuro en la historia de la violencia religiosa y \u00e9tnica.<\/p>\n<p style=\"text-align: justify;\">Las masacres en Sinjar en agosto de 2014 fueron una manifestaci\u00f3n devastadora de extremismo y barbarie. Miles de yazid\u00edes fueron sometidos a ejecuciones masivas, violencia sexual y esclavitud. Los hombres adultos fueron ejecutados en masa, mientras que las mujeres y los ni\u00f1os fueron secuestrados y sometidos a sufrimientos indescriptibles. Las pruebas de las investigaciones internacionales y los testimonios de los sobrevivientes indican claramente que estos actos constituyen un genocidio, como ha confirmado la Comisi\u00f3n de Investigaci\u00f3n de las Naciones Unidas.<\/p>\n<p style=\"text-align: justify;\">Diez a\u00f1os despu\u00e9s de estos horribles eventos, la situaci\u00f3n sigue siendo preocupante. Las comunidades yazid\u00edes contin\u00faan enfrentando enormes desaf\u00edos en t\u00e9rminos de rehabilitaci\u00f3n, justicia y retorno a la vida normal. La persistencia del trauma, la falta de apoyo para la reconstrucci\u00f3n de la comunidad y la lentitud de los procesos judiciales subrayan la necesidad urgente de continuar con los esfuerzos.<\/p>\n<p>&nbsp;<\/p>\n<p style=\"text-align: justify;\"><strong>Recomendaciones :<\/strong><\/p>\n<p style=\"text-align: justify;\"><em><strong>1. Reconocimiento y justicia :<\/strong><\/em> Instamos a la comunidad internacional a seguir apoyando las investigaciones de los cr\u00edmenes cometidos por el ISIS y asegurar que los responsables sean llevados ante la justicia por sus cr\u00edmenes contra la humanidad. Los pa\u00edses deben cooperar para establecer mecanismos efectivos para enjuiciar a los perpetradores.<\/p>\n<p style=\"text-align: justify;\"><em><strong>2. Apoyo a los sobrevivientes :<\/strong><\/em> Se deben intensificar los esfuerzos para apoyar a los sobrevivientes. Esto incluye acceso a atenci\u00f3n psicol\u00f3gica, asistencia humanitaria y oportunidades de integraci\u00f3n social y econ\u00f3mica.<\/p>\n<p style=\"text-align: justify;\"><em><strong>3. Reconocimiento oficial :<\/strong><\/em> Las Naciones Unidas y los gobiernos deben continuar reconociendo oficialmente el genocidio yazid\u00ed y aumentar la conciencia mundial sobre la importancia de prevenir los genocidios.<\/p>\n<p style=\"text-align: justify;\"><strong><em>4. Prevenci\u00f3n de la violencia futura :<\/em> <\/strong>Es crucial desarrollar programas educativos y de concienciaci\u00f3n para combatir el extremismo religioso y promover la tolerancia y el entendimiento intercultural.<\/p>\n<p style=\"text-align: justify;\">En este d\u00eda conmemorativo, renovamos nuestro compromiso con la justicia y la dignidad para los yazid\u00edes e instamos a la acci\u00f3n colectiva para asegurar que tales atrocidades no se repitan.<\/p>\n<p style=\"text-align: justify;\">\n<p style=\"text-align: justify;\"><span class=\"HwtZe\" lang=\"es\"><span class=\"jCAhz ChMk0b\"><span class=\"ryNqvb\">3 de julio de 2024<\/span><\/span><\/span><\/p>\n<p style=\"text-align: justify;\">Centro Zagros para los Derechos Humanos<\/p>\n<p><img loading=\"lazy\" decoding=\"async\" class=\"alignnone size-large wp-image-274\" src=\"https:\/\/zagros-centre.org\/es\/wp-content\/uploads\/2024\/08\/UN_14082021_1-1024x461.jpg\" alt=\"\" width=\"618\" height=\"278\" srcset=\"https:\/\/zagros-centre.org\/es\/wp-content\/uploads\/2024\/08\/UN_14082021_1-1024x461.jpg 1024w, https:\/\/zagros-centre.org\/es\/wp-content\/uploads\/2024\/08\/UN_14082021_1-300x135.jpg 300w, https:\/\/zagros-centre.org\/es\/wp-content\/uploads\/2024\/08\/UN_14082021_1-768x346.jpg 768w, https:\/\/zagros-centre.org\/es\/wp-content\/uploads\/2024\/08\/UN_14082021_1-1536x692.jpg 1536w, https:\/\/zagros-centre.org\/es\/wp-content\/uploads\/2024\/08\/UN_14082021_1.jpg 1974w\" sizes=\"auto, (max-width: 618px) 100vw, 618px\" \/><\/p>\n","protected":false},"excerpt":{"rendered":"<p>En el d\u00e9cimo aniversario del genocidio yazid\u00ed perpetrado por el ISIS, el Centro Zagros para los Derechos Humanos se une a la comunidad internacional para honrar a las v\u00edctimas y expresar nuestra solidaridad con los sobrevivientes. En agosto de 2014, los ataques brutales contra la comunidad yazid\u00ed no solo causaron p\u00e9rdidas humanas devastadoras, sino que &hellip;<\/p>\n","protected":false},"author":1,"featured_media":273,"comment_status":"closed","ping_status":"closed","sticky":false,"template":"","format":"standard","meta":{"footnotes":""},"categories":[30,4,17,27,29,26,28],"tags":[],"class_list":["post-272","post","type-post","status-publish","format-standard","has-post-thumbnail","","category-genocidio","category-irak","category-kurdistan","category-kurdo","category-shengal","category-sinjar","category-yazidi"],"_links":{"self":[{"href":"https:\/\/zagros-centre.org\/es\/index.php?rest_route=\/wp\/v2\/posts\/272","targetHints":{"allow":["GET"]}}],"collection":[{"href":"https:\/\/zagros-centre.org\/es\/index.php?rest_route=\/wp\/v2\/posts"}],"about":[{"href":"https:\/\/zagros-centre.org\/es\/index.php?rest_route=\/wp\/v2\/types\/post"}],"author":[{"embeddable":true,"href":"https:\/\/zagros-centre.org\/es\/index.php?rest_route=\/wp\/v2\/users\/1"}],"replies":[{"embeddable":true,"href":"https:\/\/zagros-centre.org\/es\/index.php?rest_route=%2Fwp%2Fv2%2Fcomments&post=272"}],"version-history":[{"count":0,"href":"https:\/\/zagros-centre.org\/es\/index.php?rest_route=\/wp\/v2\/posts\/272\/revisions"}],"wp:featuredmedia":[{"embeddable":true,"href":"https:\/\/zagros-centre.org\/es\/index.php?rest_route=\/wp\/v2\/media\/273"}],"wp:attachment":[{"href":"https:\/\/zagros-centre.org\/es\/index.php?rest_route=%2Fwp%2Fv2%2Fmedia&parent=272"}],"wp:term":[{"taxonomy":"category","embeddable":true,"href":"https:\/\/zagros-centre.org\/es\/index.php?rest_route=%2Fwp%2Fv2%2Fcategories&post=272"},{"taxonomy":"post_tag","embeddable":true,"href":"https:\/\/zagros-centre.org\/es\/index.php?rest_route=%2Fwp%2Fv2%2Ftags&post=272"}],"curies":[{"name":"wp","href":"https:\/\/api.w.org\/{rel}","templated":true}]}}