{"id":276,"date":"2024-08-07T07:18:07","date_gmt":"2024-08-07T05:18:07","guid":{"rendered":"https:\/\/zagros-centre.org\/es\/?p=276"},"modified":"2024-08-07T07:18:07","modified_gmt":"2024-08-07T05:18:07","slug":"minorias-en-iran-han-sido-desproporcionadamente-afectadas-en-la-represion-continua-para-sofocar-el-movimiento-mujer-vida-libertad-dice-la-mision-de-investigacion-de-la-onu","status":"publish","type":"post","link":"https:\/\/zagros-centre.org\/es\/?p=276","title":{"rendered":"Minor\u00edas en Ir\u00e1n han sido desproporcionadamente afectadas en la represi\u00f3n continua para sofocar el movimiento \u00abMujer, Vida, Libertad\u00bb, dice la Misi\u00f3n de Investigaci\u00f3n de la ONU"},"content":{"rendered":"<p>05 de agosto de 2024<\/p>\n<p style=\"text-align: justify;\"><img loading=\"lazy\" decoding=\"async\" class=\"size-medium wp-image-277 alignleft\" src=\"https:\/\/zagros-centre.org\/es\/wp-content\/uploads\/2024\/08\/Fact-finding-Mission-Iran-300x87.png\" alt=\"\" width=\"300\" height=\"87\" srcset=\"https:\/\/zagros-centre.org\/es\/wp-content\/uploads\/2024\/08\/Fact-finding-Mission-Iran-300x87.png 300w, https:\/\/zagros-centre.org\/es\/wp-content\/uploads\/2024\/08\/Fact-finding-Mission-Iran-1024x297.png 1024w, https:\/\/zagros-centre.org\/es\/wp-content\/uploads\/2024\/08\/Fact-finding-Mission-Iran-768x223.png 768w, https:\/\/zagros-centre.org\/es\/wp-content\/uploads\/2024\/08\/Fact-finding-Mission-Iran-1536x445.png 1536w, https:\/\/zagros-centre.org\/es\/wp-content\/uploads\/2024\/08\/Fact-finding-Mission-Iran.png 2000w\" sizes=\"auto, (max-width: 300px) 100vw, 300px\" \/>Las minor\u00edas \u00e9tnicas y religiosas en Ir\u00e1n, en particular las minor\u00edas kurdas y baluches, han sido desproporcionadamente afectadas por la represi\u00f3n del Gobierno contra los manifestantes desde 2022, el resultado directo de una discriminaci\u00f3n de larga data que debe terminar de inmediato, dijo la Misi\u00f3n Internacional Independiente de Investigaci\u00f3n sobre Ir\u00e1n en un nuevo documento de defensa publicado hoy.<\/p>\n<p style=\"text-align: justify;\">El documento (hiperv\u00ednculo) documenta una serie de graves violaciones de derechos humanos cometidas por las fuerzas de seguridad en Ir\u00e1n contra miembros de minor\u00edas, incluidas muertes ilegales, ejecuciones extrajudiciales, uso innecesario de fuerza letal, arrestos arbitrarios, tortura, violaci\u00f3n, desapariciones forzadas y persecuci\u00f3n de g\u00e9nero, muchas de las cuales constituyen cr\u00edmenes de lesa humanidad. Los ni\u00f1os pertenecientes a minor\u00edas \u00e9tnicas y religiosas sufrieron violaciones particularmente atroces en el contexto de las protestas, incluyendo asesinatos y mutilaciones, arrestos, desapariciones forzadas, detenci\u00f3n, as\u00ed como tortura y violaci\u00f3n y otras formas de violencia sexual, lo que resulta en da\u00f1os duraderos.<\/p>\n<p style=\"text-align: justify;\">\u00abEl impacto de las protestas en las minor\u00edas no puede ser exagerado. Las tramas sociales de las comunidades se han desgastado. Las mujeres pertenecientes a minor\u00edas \u00e9tnicas y religiosas experimentan da\u00f1os distintos que se ven agravados por la discriminaci\u00f3n y la violencia preexistentes contra ellas tanto como mujeres, como por su condici\u00f3n de minor\u00edas \u00e9tnicas y religiosas\u00bb, dec\u00eda el documento. El impacto en los ni\u00f1os es transgeneracional: los da\u00f1os multifac\u00e9ticos de los cuales pueden esperarse durante d\u00e9cadas\u00bb.<\/p>\n<p style=\"text-align: justify;\">Las protestas fueron desencadenadas por la muerte ilegal bajo custodia en septiembre de 2022 de Jina Mahsa Amini, una mujer iran\u00ed-kurda de 22 a\u00f1os, despu\u00e9s de su arresto por la \u00abpolic\u00eda de la moralidad\u00bb por presunto incumplimiento de las leyes iran\u00edes sobre el uso obligatorio del hiyab.<\/p>\n<p style=\"text-align: justify;\">Se registr\u00f3 que las minor\u00edas \u00e9tnicas y religiosas tuvieron la participaci\u00f3n m\u00e1s alta y prolongada en el movimiento hasta bien entrado 2023, habiendo ya enfrentado una pobreza generalizada, d\u00e9cadas de discriminaci\u00f3n e impunidad generalizada por las violaciones cometidas contra ellas. Una presencia militar y de seguridad pesada preexistente en las provincias fronterizas pobladas por minor\u00edas cre\u00f3 un entorno permisivo para que el Estado reprimiera las protestas, incluso mediante el lanzamiento de una respuesta militarizada concertada. Esto llev\u00f3 a que las minor\u00edas \u00e9tnicas y religiosas experimentaran el mayor n\u00famero de muertes y lesiones durante todo el movimiento.<\/p>\n<p style=\"text-align: justify;\">Entre los afectados se encontraban las minor\u00edas kurdas y baluches, as\u00ed como los turcos azerbaiyanos y los \u00e1rabes ahwaz\u00edes, muchos de los cuales son sunitas minoritarios en una naci\u00f3n predominantemente chi\u00edta.<\/p>\n<p style=\"text-align: justify;\">La Misi\u00f3n de Investigaci\u00f3n dijo en su documento que las fuerzas de seguridad participaron en arrestos y detenciones arbitrarias masivas de miembros de minor\u00edas \u00e9tnicas y religiosas que se unieron a las protestas o expresaron solidaridad con el movimiento. Sometieron a los detenidos a condiciones inhumanas, tortura, malos tratos, violaci\u00f3n y otras formas de violencia sexual y de g\u00e9nero.<\/p>\n<p style=\"text-align: justify;\">Los juicios que siguieron estuvieron plagados de violaciones del derecho a un juicio justo y del debido proceso. Los detenidos de minor\u00edas fueron a menudo acusados err\u00f3neamente de delitos relacionados con la seguridad como parte de una narrativa estatal de larga data que retrata el activismo de las minor\u00edas como una amenaza a la seguridad nacional. Ha habido un aumento notable en las ejecuciones desde las protestas de septiembre de 2022, especialmente en regiones pobladas por minor\u00edas, con varias sentencias de muerte dictadas recientemente contra mujeres de origen \u00e9tnico minoritario, lo que a\u00f1ade un efecto paralizador al activismo por los derechos de las minor\u00edas.<\/p>\n<p style=\"text-align: justify;\">Los activistas de derechos de las minor\u00edas, defensoras de los derechos humanos, sindicalistas y l\u00edderes religiosos sunitas francos fueron particularmente atacados.<\/p>\n<p style=\"text-align: justify;\">La Misi\u00f3n encontr\u00f3 que el crimen de lesa humanidad de persecuci\u00f3n por motivos de g\u00e9nero se intersectaba con la persecuci\u00f3n por motivos \u00e9tnicos y religiosos.<\/p>\n<p style=\"text-align: justify;\">Casi la mitad de las entrevistas de la Misi\u00f3n se realizaron con v\u00edctimas y testigos que eran miembros de grupos minoritarios, y un n\u00famero sustancial de incidentes investigados tuvo lugar en provincias pobladas por minor\u00edas.<\/p>\n<p style=\"text-align: justify;\">La Misi\u00f3n subray\u00f3 que la rendici\u00f3n de cuentas, sin embargo, sigue siendo elusiva. Destac\u00f3 que, dos a\u00f1os despu\u00e9s del inicio de las protestas, la Misi\u00f3n no ten\u00eda conocimiento de ninguna investigaci\u00f3n criminal significativa de altos funcionarios por las violaciones cometidas contra miembros de minor\u00edas en relaci\u00f3n con las protestas. La Misi\u00f3n pidi\u00f3 medidas transformadoras de reparaciones y rendici\u00f3n de cuentas a nivel nacional e internacional para asegurar los derechos de las v\u00edctimas, en particular, los de las mujeres y los ni\u00f1os pertenecientes a minor\u00edas.<\/p>\n<p style=\"text-align: justify;\">\n<p><img loading=\"lazy\" decoding=\"async\" class=\"size-large wp-image-278 aligncenter\" src=\"https:\/\/zagros-centre.org\/es\/wp-content\/uploads\/2024\/08\/Fact-finding-Mission-Iran-1024x576.jpg\" alt=\"\" width=\"618\" height=\"348\" srcset=\"https:\/\/zagros-centre.org\/es\/wp-content\/uploads\/2024\/08\/Fact-finding-Mission-Iran-1024x576.jpg 1024w, https:\/\/zagros-centre.org\/es\/wp-content\/uploads\/2024\/08\/Fact-finding-Mission-Iran-300x169.jpg 300w, https:\/\/zagros-centre.org\/es\/wp-content\/uploads\/2024\/08\/Fact-finding-Mission-Iran-768x432.jpg 768w, https:\/\/zagros-centre.org\/es\/wp-content\/uploads\/2024\/08\/Fact-finding-Mission-Iran.jpg 1200w\" sizes=\"auto, (max-width: 618px) 100vw, 618px\" \/><\/p>\n<div id=\"simple-translate\" class=\"simple-translate-system-theme\">\n<div>\n<div class=\"simple-translate-button isShow\" style=\"background-image: url('moz-extension:\/\/6bb04b74-07ad-4efc-8f34-39df1d8cd40f\/icons\/512.png'); height: 22px; width: 22px; top: 1176px; left: 810px;\"><\/div>\n<div class=\"simple-translate-panel \" style=\"width: 300px; height: 200px; top: 0px; left: 0px; font-size: 13px;\">\n<div class=\"simple-translate-result-wrapper\" style=\"overflow: hidden;\">\n<div class=\"simple-translate-move\" draggable=\"true\"><\/div>\n<div class=\"simple-translate-result-contents\">\n<p class=\"simple-translate-result\" dir=\"auto\">\n<p class=\"simple-translate-candidate\" dir=\"auto\">\n<\/div>\n<\/div>\n<\/div>\n<\/div>\n<\/div>\n","protected":false},"excerpt":{"rendered":"<p>05 de agosto de 2024 Las minor\u00edas \u00e9tnicas y religiosas en Ir\u00e1n, en particular las minor\u00edas kurdas y baluches, han sido desproporcionadamente afectadas por la represi\u00f3n del Gobierno contra los manifestantes desde 2022, el resultado directo de una discriminaci\u00f3n de larga data que debe terminar de inmediato, dijo la Misi\u00f3n Internacional Independiente de Investigaci\u00f3n sobre &hellip;<\/p>\n","protected":false},"author":1,"featured_media":278,"comment_status":"closed","ping_status":"closed","sticky":false,"template":"","format":"standard","meta":{"footnotes":""},"categories":[2,31,3,17,27,20],"tags":[],"class_list":["post-276","post","type-post","status-publish","format-standard","has-post-thumbnail","","category-actualidad","category-baluchi","category-iran","category-kurdistan","category-kurdo","category-minorias"],"_links":{"self":[{"href":"https:\/\/zagros-centre.org\/es\/index.php?rest_route=\/wp\/v2\/posts\/276","targetHints":{"allow":["GET"]}}],"collection":[{"href":"https:\/\/zagros-centre.org\/es\/index.php?rest_route=\/wp\/v2\/posts"}],"about":[{"href":"https:\/\/zagros-centre.org\/es\/index.php?rest_route=\/wp\/v2\/types\/post"}],"author":[{"embeddable":true,"href":"https:\/\/zagros-centre.org\/es\/index.php?rest_route=\/wp\/v2\/users\/1"}],"replies":[{"embeddable":true,"href":"https:\/\/zagros-centre.org\/es\/index.php?rest_route=%2Fwp%2Fv2%2Fcomments&post=276"}],"version-history":[{"count":0,"href":"https:\/\/zagros-centre.org\/es\/index.php?rest_route=\/wp\/v2\/posts\/276\/revisions"}],"wp:featuredmedia":[{"embeddable":true,"href":"https:\/\/zagros-centre.org\/es\/index.php?rest_route=\/wp\/v2\/media\/278"}],"wp:attachment":[{"href":"https:\/\/zagros-centre.org\/es\/index.php?rest_route=%2Fwp%2Fv2%2Fmedia&parent=276"}],"wp:term":[{"taxonomy":"category","embeddable":true,"href":"https:\/\/zagros-centre.org\/es\/index.php?rest_route=%2Fwp%2Fv2%2Fcategories&post=276"},{"taxonomy":"post_tag","embeddable":true,"href":"https:\/\/zagros-centre.org\/es\/index.php?rest_route=%2Fwp%2Fv2%2Ftags&post=276"}],"curies":[{"name":"wp","href":"https:\/\/api.w.org\/{rel}","templated":true}]}}