{"id":281,"date":"2024-08-12T23:26:34","date_gmt":"2024-08-12T21:26:34","guid":{"rendered":"https:\/\/zagros-centre.org\/es\/?p=281"},"modified":"2024-08-12T23:46:40","modified_gmt":"2024-08-12T21:46:40","slug":"declaracion-escrita-la-situacion-de-los-kurdos-en-iran","status":"publish","type":"post","link":"https:\/\/zagros-centre.org\/es\/?p=281","title":{"rendered":"Declaraci\u00f3n escrita : La situaci\u00f3n de los kurdos en Ir\u00e1n"},"content":{"rendered":"<p style=\"text-align: justify;\">Consejo de Derechos Humanos<img loading=\"lazy\" decoding=\"async\" class=\"wp-image-282 alignleft\" src=\"https:\/\/zagros-centre.org\/es\/wp-content\/uploads\/2024\/08\/Kurds_in-Iran-300x272.jpg\" alt=\"\" width=\"173\" height=\"157\" srcset=\"https:\/\/zagros-centre.org\/es\/wp-content\/uploads\/2024\/08\/Kurds_in-Iran-300x272.jpg 300w, https:\/\/zagros-centre.org\/es\/wp-content\/uploads\/2024\/08\/Kurds_in-Iran-1024x929.jpg 1024w, https:\/\/zagros-centre.org\/es\/wp-content\/uploads\/2024\/08\/Kurds_in-Iran-768x697.jpg 768w, https:\/\/zagros-centre.org\/es\/wp-content\/uploads\/2024\/08\/Kurds_in-Iran.jpg 1181w\" sizes=\"auto, (max-width: 173px) 100vw, 173px\" \/><br \/>\nQuincuag\u00e9sima s\u00e9ptima sesi\u00f3n<br \/>\n9 de septiembre\u20139 de octubre de 2024<br \/>\nPunto 3 del orden del d\u00eda<br \/>\nPromoci\u00f3n y protecci\u00f3n de todos los derechos humanos, civiles,<br \/>\npol\u00edticos, econ\u00f3micos, sociales y culturales,<br \/>\nincluido el derecho al desarrollo<\/p>\n<p>&nbsp;<\/p>\n<p>Declaraci\u00f3n escrita presentada por el Centre Zagros pour les Droits de l&#8217;Homme, una organizaci\u00f3n no gubernamental con estatus consultivo especial.<br \/>\nEl Secretario General ha recibido la siguiente declaraci\u00f3n escrita, que se distribuye de acuerdo con la resoluci\u00f3n 1996\/31 del Consejo Econ\u00f3mico y Social.<br \/>\n[12 de agosto de 2024]\n<p style=\"text-align: justify;\"><strong>Introducci\u00f3n<\/strong><\/p>\n<p style=\"text-align: justify;\">Los kurdos, un pueblo ind\u00edgena y ancestral, han vivido en sus tierras durante m\u00e1s de 10,000 a\u00f1os. Repartidos entre varios pa\u00edses, la mayor\u00eda de la poblaci\u00f3n kurda se encuentra en Turqu\u00eda, Ir\u00e1n (Rep\u00fablica Isl\u00e1mica), Irak, Siria y Armenia. Sin embargo, las estad\u00edsticas oficiales sobre su n\u00famero son escasas debido a las pol\u00edticas espec\u00edficas de estos pa\u00edses. Se estima que su poblaci\u00f3n ronda entre 35 y 40 millones. Hist\u00f3ricamente, los kurdos han enfrentado genocidios y represiones a lo largo de la historia antigua y moderna.<\/p>\n<p style=\"text-align: justify;\"><strong>Comunidad kurda en Ir\u00e1n<\/strong><\/p>\n<p style=\"text-align: justify;\">En Ir\u00e1n, los kurdos representan aproximadamente el 16 al 17% de la poblaci\u00f3n, es decir, alrededor de 14 a 15 millones de personas. Residen principalmente en las provincias de Azerbaiy\u00e1n Occidental, Kurdist\u00e1n, Kermanshah, Ilam, Lorestan y Hamad\u00e1n, con algunos tambi\u00e9n viviendo en las provincias de Joras\u00e1n. Religiosamente, la mayor\u00eda de los kurdos en Ir\u00e1n son musulmanes, predominantemente sunitas, con una presencia notable de chiitas, as\u00ed como de adherentes a otras creencias como los Yarsanis (Ahl al-Haq), los baha\u00eds y los zoroastrianos.<\/p>\n<p style=\"text-align: justify;\"><strong>Discriminaci\u00f3n y Derechos Humanos<\/strong><\/p>\n<p style=\"text-align: justify;\">A pesar de los derechos iguales prometidos por la constituci\u00f3n iran\u00ed, los kurdos contin\u00faan enfrentando una discriminaci\u00f3n sistem\u00e1tica que limita su acceso al empleo, la vivienda, la educaci\u00f3n y los cargos pol\u00edticos. Las regiones kurdas en Ir\u00e1n presentan algunas de las tasas de desempleo m\u00e1s altas del pa\u00eds, un problema agravado por la marginaci\u00f3n econ\u00f3mica y la falta de inversi\u00f3n p\u00fablica en estas \u00e1reas. La ense\u00f1anza del idioma kurdo tambi\u00e9n est\u00e1 ausente en las escuelas p\u00fablicas, encontr\u00e1ndose solo en contextos privados, lo que supone un gran obst\u00e1culo para la preservaci\u00f3n del idioma y la cultura kurda.<\/p>\n<p style=\"text-align: justify;\">En 2024, la represi\u00f3n contra los kurdos se intensific\u00f3, con arrestos arbitrarios, actos de tortura y ejecuciones de activistas kurdos. Los defensores de los derechos humanos y los activistas medioambientales contin\u00faan denunciando el uso desproporcionado de la fuerza por parte de las autoridades iran\u00edes, as\u00ed como las inhumanas condiciones de detenci\u00f3n en las que se mantienen a los presos pol\u00edticos kurdos.<\/p>\n<p style=\"text-align: justify;\"><strong>Condiciones Econ\u00f3micas<\/strong><\/p>\n<p style=\"text-align: justify;\">Las regiones kurdas en Ir\u00e1n sufren una flagrante negligencia econ\u00f3mica, lo que lleva a una pobreza arraigada y un subdesarrollo cr\u00f3nico. Los proyectos industriales son limitados o est\u00e1n prohibidos, y aunque la regi\u00f3n es rica en recursos naturales como el petr\u00f3leo y el oro, los beneficios de su extracci\u00f3n no se destinan a las poblaciones locales. Los ingresos generados se dirigen en gran medida hacia el centro del pa\u00eds, reforzando as\u00ed las disparidades econ\u00f3micas entre las regiones kurdas y el resto de Ir\u00e1n.<\/p>\n<p style=\"text-align: justify;\"><strong>Medio Ambiente<\/strong><\/p>\n<p style=\"text-align: justify;\">Las pol\u00edticas medioambientales del gobierno iran\u00ed perjudican gravemente a las regiones kurdas. La destrucci\u00f3n de bosques, la desviaci\u00f3n de recursos h\u00eddricos y el secado de los lagos Urm\u00eda y Zeribar han provocado fen\u00f3menos naturales peligrosos que afectan gravemente a las comunidades locales.<\/p>\n<p style=\"text-align: justify;\"><strong>Educaci\u00f3n<\/strong><\/p>\n<p style=\"text-align: justify;\">La falta de infraestructura educativa y la ausencia de ense\u00f1anza en la lengua materna kurda constituyen grandes obst\u00e1culos para la educaci\u00f3n de los ni\u00f1os kurdos. La prohibici\u00f3n de la ense\u00f1anza del idioma kurdo en las escuelas p\u00fablicas priva a los j\u00f3venes kurdos de la posibilidad de ser educados en su lengua materna, lo que amenaza la transmisi\u00f3n de su cultura e identidad.<\/p>\n<p style=\"text-align: justify;\"><strong>Cultura y Religi\u00f3n<\/strong><\/p>\n<p style=\"text-align: justify;\">Los kurdos en Ir\u00e1n enfrentan estrictas restricciones culturales que afectan profundamente su vida cotidiana y su identidad colectiva. El Estado impone limitaciones en la elecci\u00f3n de nombres kurdos para los ni\u00f1os, lo que constituye una violaci\u00f3n directa a la expresi\u00f3n cultural de los kurdos.<br \/>\nEn el \u00e1mbito religioso, aunque el islam sunita es reconocido, los kurdos sunitas enfrentan una discriminaci\u00f3n notable. Las autoridades chiitas en el poder tienden a marginar a los kurdos sunitas, quienes a menudo son excluidos de los cargos de poder y las funciones p\u00fablicas. Esta marginaci\u00f3n religiosa tambi\u00e9n se manifiesta en la represi\u00f3n de las pr\u00e1cticas religiosas sunitas, incluida la clausura de mezquitas sunitas y el arresto de l\u00edderes religiosos sunitas.<br \/>\nLa religi\u00f3n Yarsani, practicada principalmente por kurdos, no es reconocida por el Estado iran\u00ed. Los adeptos a esta religi\u00f3n son a menudo perseguidos y discriminados, y sus lugares de culto son vigilados o cerrados.<\/p>\n<p style=\"text-align: justify;\"><strong>Derechos Pol\u00edticos<\/strong><\/p>\n<p style=\"text-align: justify;\">Las manifestaciones pol\u00edticas de los kurdos en Ir\u00e1n son reprimidas regularmente por las fuerzas de seguridad, a menudo con una violencia excesiva. Los activistas kurdos, incluso aquellos que abogan por soluciones pac\u00edficas, son arrestados frecuentemente y condenados a largas penas de prisi\u00f3n. El gobierno iran\u00ed justifica estas acciones invocando amenazas a la seguridad nacional, pero los defensores de los derechos humanos denuncian estas represiones como violaciones flagrantes de los derechos pol\u00edticos y civiles.<\/p>\n<p style=\"text-align: justify;\"><strong>Ejecuciones y Represiones<\/strong><\/p>\n<p style=\"text-align: justify;\">Durante los primeros seis meses de 2024, 76 ciudadanos kurdos fueron ejecutados en Ir\u00e1n. Este n\u00famero sigue aumentando, con un incremento en las condenas a muerte impuestas a activistas pol\u00edticos kurdos, a menudo tras juicios injustos y basados en acusaciones de \u00abMoharebeh\u00bb (enemistad contra Dios) o terrorismo.<\/p>\n<p style=\"text-align: justify;\"><strong>Homicidios Extrajudiciales<\/strong><\/p>\n<p style=\"text-align: justify;\">Durante los primeros seis meses de 2024, 37 Kolbars fueron asesinados y m\u00e1s de 237 heridos, a menudo por disparos directos de las fuerzas armadas. Los Kolbars, porteadores kurdos que transportan mercanc\u00edas a trav\u00e9s de la frontera monta\u00f1osa entre Ir\u00e1n y el Kurdist\u00e1n iraqu\u00ed, son considerados contrabandistas ilegales por las autoridades iran\u00edes, a pesar de que esta actividad es a menudo su \u00fanico medio de subsistencia debido a la falta de oportunidades econ\u00f3micas en las regiones kurdas.<\/p>\n<p style=\"text-align: justify;\"><strong>Recomendaciones a la Rep\u00fablica Isl\u00e1mica de Ir\u00e1n Respecto a los Derechos de los Kurdos:<\/strong><\/p>\n<p style=\"text-align: justify;\"><strong>1. Adhesi\u00f3n al Derecho Internacional Humanitario:<\/strong><br \/>\nComo signatario del Pacto Internacional de Derechos Civiles y Pol\u00edticos, Ir\u00e1n deber\u00eda cumplir estrictamente con las normas del derecho internacional humanitario. Esto implica un uso medido y proporcionado de la fuerza, de acuerdo con los principios internacionales de justicia y derechos humanos. Ir\u00e1n tambi\u00e9n debe garantizar que los juicios de los activistas kurdos cumplan con los est\u00e1ndares internacionales de justicia, incluyendo garantizar procedimientos justos y la ausencia de tortura.<\/p>\n<p style=\"text-align: justify;\"><strong>2. Implementaci\u00f3n de los Derechos de las Minor\u00edas:<\/strong><br \/>\nSe anima a Ir\u00e1n a implementar plenamente las disposiciones de la Declaraci\u00f3n sobre los Derechos de las Personas Pertenecientes a Minor\u00edas, que cubre los derechos nacionales, \u00e9tnicos, religiosos y ling\u00fc\u00edsticos. Esto incluye la protecci\u00f3n y promoci\u00f3n de los derechos culturales, sociales y econ\u00f3micos de las comunidades kurdas, asegurando as\u00ed su plena integraci\u00f3n y participaci\u00f3n en la sociedad iran\u00ed.<\/p>\n<p style=\"text-align: justify;\"><strong>3. Lucha Contra la Intolerancia y la Discriminaci\u00f3n:<\/strong><br \/>\nSe recomienda que Ir\u00e1n intensifique sus esfuerzos para combatir todas las formas de intolerancia y discriminaci\u00f3n, de acuerdo con la Resoluci\u00f3n 16\/18 del Consejo de Derechos Humanos. Esto incluye combatir los estereotipos negativos, la estigmatizaci\u00f3n, la discriminaci\u00f3n y la incitaci\u00f3n a la violencia basada en la religi\u00f3n o las creencias. Un compromiso activo en estos \u00e1mbitos contribuir\u00eda a la creaci\u00f3n de una sociedad m\u00e1s inclusiva y respetuosa de la diversidad.<\/p>\n<p>&nbsp;<\/p>\n<hr \/>\n<p>Projet D\u00e9mocratique du Kurdistan iranien &#8211; PDKI, Alliance for Minority Rights, Kurdistan Human Rights Reporters Center, ONGs sin estatus consultivo, tambi\u00e9n comparten los puntos de vista expresados en esta declaraci\u00f3n.<\/p>\n<p style=\"text-align: justify;\">\n","protected":false},"excerpt":{"rendered":"<p>Consejo de Derechos Humanos Quincuag\u00e9sima s\u00e9ptima sesi\u00f3n 9 de septiembre\u20139 de octubre de 2024 Punto 3 del orden del d\u00eda Promoci\u00f3n y protecci\u00f3n de todos los derechos humanos, civiles, pol\u00edticos, econ\u00f3micos, sociales y culturales, incluido el derecho al desarrollo &nbsp; Declaraci\u00f3n escrita presentada por el Centre Zagros pour les Droits de l&#8217;Homme, una organizaci\u00f3n no &hellip;<\/p>\n","protected":false},"author":1,"featured_media":283,"comment_status":"closed","ping_status":"closed","sticky":false,"template":"","format":"standard","meta":{"footnotes":""},"categories":[32,3,27,20],"tags":[],"class_list":["post-281","post","type-post","status-publish","format-standard","has-post-thumbnail","","category-declaracion-escrita","category-iran","category-kurdo","category-minorias"],"_links":{"self":[{"href":"https:\/\/zagros-centre.org\/es\/index.php?rest_route=\/wp\/v2\/posts\/281","targetHints":{"allow":["GET"]}}],"collection":[{"href":"https:\/\/zagros-centre.org\/es\/index.php?rest_route=\/wp\/v2\/posts"}],"about":[{"href":"https:\/\/zagros-centre.org\/es\/index.php?rest_route=\/wp\/v2\/types\/post"}],"author":[{"embeddable":true,"href":"https:\/\/zagros-centre.org\/es\/index.php?rest_route=\/wp\/v2\/users\/1"}],"replies":[{"embeddable":true,"href":"https:\/\/zagros-centre.org\/es\/index.php?rest_route=%2Fwp%2Fv2%2Fcomments&post=281"}],"version-history":[{"count":0,"href":"https:\/\/zagros-centre.org\/es\/index.php?rest_route=\/wp\/v2\/posts\/281\/revisions"}],"wp:featuredmedia":[{"embeddable":true,"href":"https:\/\/zagros-centre.org\/es\/index.php?rest_route=\/wp\/v2\/media\/283"}],"wp:attachment":[{"href":"https:\/\/zagros-centre.org\/es\/index.php?rest_route=%2Fwp%2Fv2%2Fmedia&parent=281"}],"wp:term":[{"taxonomy":"category","embeddable":true,"href":"https:\/\/zagros-centre.org\/es\/index.php?rest_route=%2Fwp%2Fv2%2Fcategories&post=281"},{"taxonomy":"post_tag","embeddable":true,"href":"https:\/\/zagros-centre.org\/es\/index.php?rest_route=%2Fwp%2Fv2%2Ftags&post=281"}],"curies":[{"name":"wp","href":"https:\/\/api.w.org\/{rel}","templated":true}]}}