{"id":294,"date":"2024-10-22T16:59:40","date_gmt":"2024-10-22T14:59:40","guid":{"rendered":"https:\/\/zagros-centre.org\/es\/?p=294"},"modified":"2024-10-23T04:00:34","modified_gmt":"2024-10-23T02:00:34","slug":"llamado-a-un-dialogo-inclusivo-para-una-resolucion-sostenible-de-la-cuestion-kurda-en-turquia","status":"publish","type":"post","link":"https:\/\/zagros-centre.org\/es\/?p=294","title":{"rendered":"Llamado a un Di\u00e1logo Inclusivo para una Resoluci\u00f3n Sostenible de la Cuesti\u00f3n Kurda en Turqu\u00eda"},"content":{"rendered":"<p>22 de octubre de 2024<\/p>\n<p style=\"text-align: justify;\">El Centro Zagros para los Derechos Humanos desea expresar su apoyo al reciente llamado de Devlet Bah\u00e7eli, l\u00edder del Partido de Acci\u00f3n Nacionalista (MHP), sobre la cuesti\u00f3n kurda y el aislamiento de Abdullah \u00d6calan. Este llamado, que menciona la posibilidad de una v\u00eda legal que permita a \u00d6calan expresarse en favor de la paz, representa una oportunidad significativa para avanzar hacia una resoluci\u00f3n del conflicto que ha perdurado durante d\u00e9cadas.<\/p>\n<p style=\"text-align: justify;\">Aplaudimos la voluntad manifestada por el Sr. Bah\u00e7eli y otros l\u00edderes pol\u00edticos de construir una Turqu\u00eda donde el terrorismo no tenga cabida. Sin embargo, queremos subrayar que la verdadera paz y estabilidad en el pa\u00eds requieren un compromiso sincero de todas las partes interesadas, as\u00ed como un di\u00e1logo inclusivo que involucre a las diferentes minor\u00edas de Turqu\u00eda, incluidos los kurdos, \u00e1rabes, armenios y otros grupos.<\/p>\n<p style=\"text-align: justify;\">Es crucial que las autoridades turcas tomen medidas concretas para establecer la confianza entre el Estado y las diversas comunidades. Esto incluye:<\/p>\n<ul style=\"text-align: justify;\">\n<li><strong>Levantar el aislamiento de Abdullah \u00d6calan:<\/strong> Permitir un di\u00e1logo directo y constructivo con actores clave es esencial para fomentar un clima de confianza.<\/li>\n<li><strong>Elaborar pol\u00edticas inclusivas:<\/strong> Se deben respetar e integrar los derechos culturales y pol\u00edticos de las minor\u00edas en las decisiones pol\u00edticas del pa\u00eds. Esto requiere una reforma legislativa que garantice una representaci\u00f3n equitativa de todas las comunidades.<\/li>\n<li><strong>Establecer un marco de di\u00e1logo:<\/strong> Fomentar la creaci\u00f3n de plataformas donde todas las partes, incluidas las organizaciones de la sociedad civil, puedan reunirse para discutir las preocupaciones y aspiraciones de las diversas comunidades.<\/li>\n<li><strong>Compromiso con los derechos humanos:<\/strong> Turqu\u00eda tiene obligaciones internacionales en materia de derechos humanos. Es imperativo que se honren los compromisos asumidos y se implementen medidas para garantizar la seguridad y el bienestar de todos los ciudadanos.<\/li>\n<\/ul>\n<p style=\"text-align: justify;\">En conclusi\u00f3n, el Centro Zagros para los Derechos Humanos llama a las autoridades turcas a aprovechar esta oportunidad para avanzar hacia una soluci\u00f3n pac\u00edfica y duradera a la cuesti\u00f3n kurda, respetando al mismo tiempo los derechos de las dem\u00e1s minor\u00edas en Turqu\u00eda. Creemos firmemente que un di\u00e1logo constructivo e inclusivo es la \u00fanica manera de construir un futuro com\u00fan, donde cada individuo, sin importar su origen, se sienta valorado y respetado.<\/p>\n<p>Centro Zagros para los Derechos Humanos<\/p>\n<p>&nbsp;<\/p>\n<p><img loading=\"lazy\" decoding=\"async\" class=\"alignnone size-full wp-image-296\" src=\"https:\/\/zagros-centre.org\/es\/wp-content\/uploads\/2024\/10\/massacres-des-Kurdes-entre-2015-2017.jpg\" alt=\"\" width=\"960\" height=\"720\" srcset=\"https:\/\/zagros-centre.org\/es\/wp-content\/uploads\/2024\/10\/massacres-des-Kurdes-entre-2015-2017.jpg 960w, https:\/\/zagros-centre.org\/es\/wp-content\/uploads\/2024\/10\/massacres-des-Kurdes-entre-2015-2017-300x225.jpg 300w, https:\/\/zagros-centre.org\/es\/wp-content\/uploads\/2024\/10\/massacres-des-Kurdes-entre-2015-2017-768x576.jpg 768w\" sizes=\"auto, (max-width: 960px) 100vw, 960px\" \/><\/p>\n<div id=\"simple-translate\" class=\"simple-translate-system-theme\">\n<div>\n<div class=\"simple-translate-button isShow\" style=\"background-image: url('moz-extension:\/\/6bb04b74-07ad-4efc-8f34-39df1d8cd40f\/icons\/512.png'); height: 22px; width: 22px; top: 74px; left: 3px;\"><\/div>\n<div class=\"simple-translate-panel \" style=\"width: 300px; height: 200px; top: 0px; left: 0px; font-size: 13px;\">\n<div class=\"simple-translate-result-wrapper\" style=\"overflow: hidden;\">\n<div class=\"simple-translate-move\" draggable=\"true\"><\/div>\n<div class=\"simple-translate-result-contents\">\n<p class=\"simple-translate-result\" dir=\"auto\">\n<p class=\"simple-translate-candidate\" dir=\"auto\">\n<\/div>\n<\/div>\n<\/div>\n<\/div>\n<\/div>\n","protected":false},"excerpt":{"rendered":"<p>22 de octubre de 2024 El Centro Zagros para los Derechos Humanos desea expresar su apoyo al reciente llamado de Devlet Bah\u00e7eli, l\u00edder del Partido de Acci\u00f3n Nacionalista (MHP), sobre la cuesti\u00f3n kurda y el aislamiento de Abdullah \u00d6calan. Este llamado, que menciona la posibilidad de una v\u00eda legal que permita a \u00d6calan expresarse en &hellip;<\/p>\n","protected":false},"author":1,"featured_media":296,"comment_status":"closed","ping_status":"closed","sticky":false,"template":"","format":"standard","meta":{"footnotes":""},"categories":[11,27,20,7],"tags":[],"class_list":["post-294","post","type-post","status-publish","format-standard","has-post-thumbnail","","category-bucal","category-kurdo","category-minorias","category-turquia"],"_links":{"self":[{"href":"https:\/\/zagros-centre.org\/es\/index.php?rest_route=\/wp\/v2\/posts\/294","targetHints":{"allow":["GET"]}}],"collection":[{"href":"https:\/\/zagros-centre.org\/es\/index.php?rest_route=\/wp\/v2\/posts"}],"about":[{"href":"https:\/\/zagros-centre.org\/es\/index.php?rest_route=\/wp\/v2\/types\/post"}],"author":[{"embeddable":true,"href":"https:\/\/zagros-centre.org\/es\/index.php?rest_route=\/wp\/v2\/users\/1"}],"replies":[{"embeddable":true,"href":"https:\/\/zagros-centre.org\/es\/index.php?rest_route=%2Fwp%2Fv2%2Fcomments&post=294"}],"version-history":[{"count":0,"href":"https:\/\/zagros-centre.org\/es\/index.php?rest_route=\/wp\/v2\/posts\/294\/revisions"}],"wp:featuredmedia":[{"embeddable":true,"href":"https:\/\/zagros-centre.org\/es\/index.php?rest_route=\/wp\/v2\/media\/296"}],"wp:attachment":[{"href":"https:\/\/zagros-centre.org\/es\/index.php?rest_route=%2Fwp%2Fv2%2Fmedia&parent=294"}],"wp:term":[{"taxonomy":"category","embeddable":true,"href":"https:\/\/zagros-centre.org\/es\/index.php?rest_route=%2Fwp%2Fv2%2Fcategories&post=294"},{"taxonomy":"post_tag","embeddable":true,"href":"https:\/\/zagros-centre.org\/es\/index.php?rest_route=%2Fwp%2Fv2%2Ftags&post=294"}],"curies":[{"name":"wp","href":"https:\/\/api.w.org\/{rel}","templated":true}]}}