{"id":341,"date":"2024-12-18T07:20:27","date_gmt":"2024-12-18T06:20:27","guid":{"rendered":"https:\/\/zagros-centre.org\/es\/?p=341"},"modified":"2024-12-18T07:20:33","modified_gmt":"2024-12-18T06:20:33","slug":"declaracion-reconocimiento-suizo-del-genocidio-de-los-yazidies-un-paso-decisivo-hacia-la-justicia-y-contra-la-impunidad","status":"publish","type":"post","link":"https:\/\/zagros-centre.org\/es\/?p=341","title":{"rendered":"Declaraci\u00f3n: Reconocimiento Suizo del Genocidio de los Yazid\u00edes: Un Paso Decisivo hacia la Justicia y contra la Impunidad"},"content":{"rendered":"<p style=\"text-align: justify;\">17 de diciembre de 2024<\/p>\n<p style=\"text-align: justify;\">El Centro Zagros para los Derechos Humanos aplaude la valiente decisi\u00f3n del Consejo Nacional Suizo de reconocer el genocidio de los yazid\u00edes cometido por el Estado Isl\u00e1mico en 2014. Este reconocimiento es un paso esencial hacia la justicia para las v\u00edctimas y una se\u00f1al firme contra la impunidad de los cr\u00edmenes de lesa humanidad.<\/p>\n<p style=\"text-align: justify;\">Expresamos nuestra profunda gratitud al Parlamento Suizo y al Partido Socialista Suizo por su propuesta y su apoyo inquebrantable a esta causa. Su compromiso demuestra una firme voluntad de defender los principios del derecho internacional y de apoyar a las minor\u00edas perseguidas.<\/p>\n<p style=\"text-align: justify;\">El genocidio de los yazid\u00edes provoc\u00f3 sufrimientos indescriptibles: miles de personas fueron asesinadas, reducidas a la esclavitud y sometidas a violencia sexual y otras atrocidades. El reconocimiento de estos cr\u00edmenes por parte de Suiza es un paso crucial para que el \u00abnunca m\u00e1s\u00bb no sea solo un eslogan, sino una verdadera promesa.<\/p>\n<p style=\"text-align: justify;\">Animamos a Suiza a continuar sus esfuerzos para obtener un reconocimiento internacional de este genocidio, y hacemos un llamado a la comunidad internacional para que siga este ejemplo. La justicia para los yazid\u00edes es una responsabilidad colectiva, y cada acto de reconocimiento contribuye a la lucha contra la impunidad y a la prevenci\u00f3n de futuros genocidios.<\/p>\n<p style=\"text-align: justify;\">Centro Zagros para los Derechos Humanos<\/p>\n<p><img loading=\"lazy\" decoding=\"async\" class=\"alignnone size-large wp-image-342\" src=\"https:\/\/zagros-centre.org\/es\/wp-content\/uploads\/2024\/12\/Stop-Genocide-1024x524.jpg\" alt=\"\" width=\"618\" height=\"316\" srcset=\"https:\/\/zagros-centre.org\/es\/wp-content\/uploads\/2024\/12\/Stop-Genocide-1024x524.jpg 1024w, https:\/\/zagros-centre.org\/es\/wp-content\/uploads\/2024\/12\/Stop-Genocide-300x154.jpg 300w, https:\/\/zagros-centre.org\/es\/wp-content\/uploads\/2024\/12\/Stop-Genocide-768x393.jpg 768w, https:\/\/zagros-centre.org\/es\/wp-content\/uploads\/2024\/12\/Stop-Genocide.jpg 1344w\" sizes=\"auto, (max-width: 618px) 100vw, 618px\" \/><\/p>\n<p>Fuente : <a href=\"https:\/\/www.parlament.ch\/en\/ratsbetrieb\/suche-curia-vista\/geschaeft?AffairId=20233784\">www.parlament.ch<\/a><\/p>\n<div id=\"simple-translate\" class=\"simple-translate-system-theme\">\n<div>\n<div class=\"simple-translate-button isShow\" style=\"background-image: url('moz-extension:\/\/6bb04b74-07ad-4efc-8f34-39df1d8cd40f\/icons\/512.png'); height: 22px; width: 22px; top: 22px; left: -7px;\"><\/div>\n<div class=\"simple-translate-panel \" style=\"width: 300px; height: 200px; top: 0px; left: 0px; font-size: 13px;\">\n<div class=\"simple-translate-result-wrapper\" style=\"overflow: hidden;\">\n<div class=\"simple-translate-move\" draggable=\"true\"><\/div>\n<div class=\"simple-translate-result-contents\">\n<p class=\"simple-translate-candidate\" dir=\"auto\">\n<\/div>\n<\/div>\n<\/div>\n<\/div>\n<\/div>\n","protected":false},"excerpt":{"rendered":"<p>17 de diciembre de 2024 El Centro Zagros para los Derechos Humanos aplaude la valiente decisi\u00f3n del Consejo Nacional Suizo de reconocer el genocidio de los yazid\u00edes cometido por el Estado Isl\u00e1mico en 2014. Este reconocimiento es un paso esencial hacia la justicia para las v\u00edctimas y una se\u00f1al firme contra la impunidad de los &hellip;<\/p>\n","protected":false},"author":1,"featured_media":342,"comment_status":"closed","ping_status":"closed","sticky":false,"template":"","format":"standard","meta":{"footnotes":""},"categories":[2,32,30,4,20,29,26,5,28],"tags":[],"class_list":["post-341","post","type-post","status-publish","format-standard","has-post-thumbnail","","category-actualidad","category-declaracion-escrita","category-genocidio","category-irak","category-minorias","category-shengal","category-sinjar","category-siria","category-yazidi"],"_links":{"self":[{"href":"https:\/\/zagros-centre.org\/es\/index.php?rest_route=\/wp\/v2\/posts\/341","targetHints":{"allow":["GET"]}}],"collection":[{"href":"https:\/\/zagros-centre.org\/es\/index.php?rest_route=\/wp\/v2\/posts"}],"about":[{"href":"https:\/\/zagros-centre.org\/es\/index.php?rest_route=\/wp\/v2\/types\/post"}],"author":[{"embeddable":true,"href":"https:\/\/zagros-centre.org\/es\/index.php?rest_route=\/wp\/v2\/users\/1"}],"replies":[{"embeddable":true,"href":"https:\/\/zagros-centre.org\/es\/index.php?rest_route=%2Fwp%2Fv2%2Fcomments&post=341"}],"version-history":[{"count":0,"href":"https:\/\/zagros-centre.org\/es\/index.php?rest_route=\/wp\/v2\/posts\/341\/revisions"}],"wp:featuredmedia":[{"embeddable":true,"href":"https:\/\/zagros-centre.org\/es\/index.php?rest_route=\/wp\/v2\/media\/342"}],"wp:attachment":[{"href":"https:\/\/zagros-centre.org\/es\/index.php?rest_route=%2Fwp%2Fv2%2Fmedia&parent=341"}],"wp:term":[{"taxonomy":"category","embeddable":true,"href":"https:\/\/zagros-centre.org\/es\/index.php?rest_route=%2Fwp%2Fv2%2Fcategories&post=341"},{"taxonomy":"post_tag","embeddable":true,"href":"https:\/\/zagros-centre.org\/es\/index.php?rest_route=%2Fwp%2Fv2%2Ftags&post=341"}],"curies":[{"name":"wp","href":"https:\/\/api.w.org\/{rel}","templated":true}]}}