{"id":375,"date":"2025-03-21T05:17:51","date_gmt":"2025-03-21T04:17:51","guid":{"rendered":"https:\/\/zagros-centre.org\/es\/?p=375"},"modified":"2025-04-06T05:23:04","modified_gmt":"2025-04-06T03:23:04","slug":"conferencia-de-prensa-arresto-del-alcalde-de-estambul-ekrem-imamoglu","status":"publish","type":"post","link":"https:\/\/zagros-centre.org\/es\/?p=375","title":{"rendered":"Conferencia de prensa \u2013 Arresto del alcalde de Estambul, Ekrem \u0130mamo\u011flu"},"content":{"rendered":"<p class=\"\" style=\"text-align: justify;\" data-start=\"77\" data-end=\"122\"><strong data-start=\"77\" data-end=\"122\">Fecha de publicaci\u00f3n: 21 de marzo de 2025<\/strong><\/p>\n<p class=\"\" style=\"text-align: justify;\" data-start=\"124\" data-end=\"422\"><img loading=\"lazy\" decoding=\"async\" class=\"size-large wp-image-376 alignright\" src=\"https:\/\/zagros-centre.org\/es\/wp-content\/uploads\/2025\/04\/Ekrem_Imamoglu3-1024x576.webp\" alt=\"\" width=\"618\" height=\"348\" srcset=\"https:\/\/zagros-centre.org\/es\/wp-content\/uploads\/2025\/04\/Ekrem_Imamoglu3-1024x576.webp 1024w, https:\/\/zagros-centre.org\/es\/wp-content\/uploads\/2025\/04\/Ekrem_Imamoglu3-300x169.webp 300w, https:\/\/zagros-centre.org\/es\/wp-content\/uploads\/2025\/04\/Ekrem_Imamoglu3-768x432.webp 768w, https:\/\/zagros-centre.org\/es\/wp-content\/uploads\/2025\/04\/Ekrem_Imamoglu3.webp 1280w\" sizes=\"auto, (max-width: 618px) 100vw, 618px\" \/>El 19 de marzo de 2025, las autoridades turcas arrestaron a Ekrem \u0130mamo\u011flu, alcalde electo de Estambul, figura central de la oposici\u00f3n pol\u00edtica en Turqu\u00eda y miembro del Partido Republicano del Pueblo (CHP). Este evento marc\u00f3 un punto de inflexi\u00f3n preocupante en el ya tenso clima pol\u00edtico del pa\u00eds.<\/p>\n<p class=\"\" style=\"text-align: justify;\" data-start=\"424\" data-end=\"915\">Seg\u00fan la informaci\u00f3n disponible, la detenci\u00f3n de \u0130mamo\u011flu tuvo lugar en su residencia en Estambul, bajo acusaciones de corrupci\u00f3n, extorsi\u00f3n, lavado de dinero y apoyo al terrorismo, especialmente en relaci\u00f3n con el Partido de los Trabajadores del Kurdist\u00e1n (PKK). Fuentes locales e internacionales han denunciado r\u00e1pidamente esta acci\u00f3n como un nuevo intento de silenciar a la oposici\u00f3n democr\u00e1tica y debilitar la autonom\u00eda de las instituciones locales.<\/p>\n<p class=\"\" style=\"text-align: justify;\" data-start=\"917\" data-end=\"1425\">\u0130mamo\u011flu, elegido alcalde de Estambul en 2019 con un apoyo popular masivo, se ha convertido en una figura emblem\u00e1tica de la resistencia democr\u00e1tica frente a las presiones centralizadoras del poder ejecutivo turco. Su arresto ha suscitado una profunda preocupaci\u00f3n tanto en Turqu\u00eda como a nivel internacional. Varias organizaciones de defensa de los derechos humanos, representantes pol\u00edticos extranjeros e instituciones europeas han pedido su liberaci\u00f3n inmediata y la garant\u00eda de sus derechos fundamentales.<\/p>\n<p class=\"\" style=\"text-align: justify;\" data-start=\"1427\" data-end=\"1855\">El Centro Zagros para los Derechos Humanos expresa su profunda preocupaci\u00f3n por esta detenci\u00f3n arbitraria y recuerda que el encarcelamiento de funcionarios electos leg\u00edtimos debilita gravemente los cimientos de cualquier sociedad democr\u00e1tica. Es imperativo que las autoridades turcas respeten sus compromisos internacionales en materia de derechos humanos y aseguren un trato justo, transparente y conforme al Estado de derecho.<\/p>\n<p class=\"\" style=\"text-align: justify;\" data-start=\"1857\" data-end=\"2084\">Continuaremos siguiendo la evoluci\u00f3n de la situaci\u00f3n y reafirmamos nuestra solidaridad con todos los funcionarios electos, defensores de los derechos y ciudadanos que sufren persecuciones por sus opiniones o funciones p\u00fablicas.<\/p>\n","protected":false},"excerpt":{"rendered":"<p>Fecha de publicaci\u00f3n: 21 de marzo de 2025 El 19 de marzo de 2025, las autoridades turcas arrestaron a Ekrem \u0130mamo\u011flu, alcalde electo de Estambul, figura central de la oposici\u00f3n pol\u00edtica en Turqu\u00eda y miembro del Partido Republicano del Pueblo (CHP). Este evento marc\u00f3 un punto de inflexi\u00f3n preocupante en el ya tenso clima pol\u00edtico &hellip;<\/p>\n","protected":false},"author":1,"featured_media":377,"comment_status":"closed","ping_status":"closed","sticky":false,"template":"","format":"standard","meta":{"footnotes":""},"categories":[2,39,7],"tags":[],"class_list":["post-375","post","type-post","status-publish","format-standard","has-post-thumbnail","","category-actualidad","category-conferencia-de-prensa","category-turquia"],"_links":{"self":[{"href":"https:\/\/zagros-centre.org\/es\/index.php?rest_route=\/wp\/v2\/posts\/375","targetHints":{"allow":["GET"]}}],"collection":[{"href":"https:\/\/zagros-centre.org\/es\/index.php?rest_route=\/wp\/v2\/posts"}],"about":[{"href":"https:\/\/zagros-centre.org\/es\/index.php?rest_route=\/wp\/v2\/types\/post"}],"author":[{"embeddable":true,"href":"https:\/\/zagros-centre.org\/es\/index.php?rest_route=\/wp\/v2\/users\/1"}],"replies":[{"embeddable":true,"href":"https:\/\/zagros-centre.org\/es\/index.php?rest_route=%2Fwp%2Fv2%2Fcomments&post=375"}],"version-history":[{"count":0,"href":"https:\/\/zagros-centre.org\/es\/index.php?rest_route=\/wp\/v2\/posts\/375\/revisions"}],"wp:featuredmedia":[{"embeddable":true,"href":"https:\/\/zagros-centre.org\/es\/index.php?rest_route=\/wp\/v2\/media\/377"}],"wp:attachment":[{"href":"https:\/\/zagros-centre.org\/es\/index.php?rest_route=%2Fwp%2Fv2%2Fmedia&parent=375"}],"wp:term":[{"taxonomy":"category","embeddable":true,"href":"https:\/\/zagros-centre.org\/es\/index.php?rest_route=%2Fwp%2Fv2%2Fcategories&post=375"},{"taxonomy":"post_tag","embeddable":true,"href":"https:\/\/zagros-centre.org\/es\/index.php?rest_route=%2Fwp%2Fv2%2Ftags&post=375"}],"curies":[{"name":"wp","href":"https:\/\/api.w.org\/{rel}","templated":true}]}}