{"id":380,"date":"2025-04-23T05:28:38","date_gmt":"2025-04-23T03:28:38","guid":{"rendered":"https:\/\/zagros-centre.org\/es\/?p=380"},"modified":"2025-04-23T05:28:50","modified_gmt":"2025-04-23T03:28:50","slug":"llamado-urgente-ejecuciones-masivas-en-iran-kurdos-y-baluches-victimas-de-un-silencio-complice","status":"publish","type":"post","link":"https:\/\/zagros-centre.org\/es\/?p=380","title":{"rendered":"Llamado urgente \u2013 Ejecuciones masivas en Ir\u00e1n: Kurdos y baluches, v\u00edctimas de un silencio c\u00f3mplice"},"content":{"rendered":"<p class=\"\" style=\"text-align: justify;\" data-start=\"144\" data-end=\"624\">El Centro Zagros para los Derechos Humanos expresa su profunda preocupaci\u00f3n ante la alarmante intensificaci\u00f3n de las ejecuciones de prisioneros pertenecientes a las minor\u00edas kurda y baluche en Ir\u00e1n. Estas ejecuciones, llevadas a cabo en un contexto de represi\u00f3n pol\u00edtica sistem\u00e1tica, ocurren mientras la Rep\u00fablica Isl\u00e1mica de Ir\u00e1n parece instrumentalizar el silencio de la comunidad internacional y las negociaciones diplom\u00e1ticas para implementar una pol\u00edtica de terror selectivo.<\/p>\n<h3 class=\"\" style=\"text-align: justify;\" data-start=\"626\" data-end=\"651\">Ejecuciones recientes<\/h3>\n<p class=\"\" style=\"text-align: justify;\" data-start=\"653\" data-end=\"893\">Entre el 8 y el 15 de abril de 2025, al menos <strong data-start=\"699\" data-end=\"726\">21 prisioneros baluches<\/strong> fueron ejecutados en las prisiones de Mashhad (Vakilabad), Zahed\u00e1n, Gonabad, Shahroud, Kerm\u00e1n, Bandar Abbas e Iranshahr. Los nombres identificados hasta la fecha son:<\/p>\n<ol style=\"text-align: justify;\" data-start=\"895\" data-end=\"1435\">\n<li class=\"\" data-start=\"895\" data-end=\"915\">\n<p class=\"\" data-start=\"898\" data-end=\"915\">Abdulhakim Gorgij<\/p>\n<\/li>\n<li class=\"\" data-start=\"916\" data-end=\"937\">\n<p class=\"\" data-start=\"919\" data-end=\"937\">Abdulrahman Gorgij<\/p>\n<\/li>\n<li class=\"\" data-start=\"938\" data-end=\"962\">\n<p class=\"\" data-start=\"941\" data-end=\"962\">Taj Mohammad Khormali<\/p>\n<\/li>\n<li class=\"\" data-start=\"963\" data-end=\"991\">\n<p class=\"\" data-start=\"966\" data-end=\"991\">Amir Ahmad Sanai Mazarehi<\/p>\n<\/li>\n<li class=\"\" data-start=\"992\" data-end=\"1011\">\n<p class=\"\" data-start=\"995\" data-end=\"1011\">Esmail Dahmardeh<\/p>\n<\/li>\n<li class=\"\" data-start=\"1012\" data-end=\"1034\">\n<p class=\"\" data-start=\"1015\" data-end=\"1034\">Younes Kord Narouei<\/p>\n<\/li>\n<li class=\"\" data-start=\"1035\" data-end=\"1066\">\n<p class=\"\" data-start=\"1038\" data-end=\"1066\">Gholamreza Pardakhteh Gorgij<\/p>\n<\/li>\n<li class=\"\" data-start=\"1067\" data-end=\"1085\">\n<p class=\"\" data-start=\"1070\" data-end=\"1085\">Sajad Barahouei<\/p>\n<\/li>\n<li class=\"\" data-start=\"1086\" data-end=\"1101\">\n<p class=\"\" data-start=\"1089\" data-end=\"1101\">Ehsan Bamari<\/p>\n<\/li>\n<li class=\"\" data-start=\"1102\" data-end=\"1118\">\n<p class=\"\" data-start=\"1106\" data-end=\"1118\">Yasin Bamari<\/p>\n<\/li>\n<li class=\"\" data-start=\"1119\" data-end=\"1150\">\n<p class=\"\" data-start=\"1123\" data-end=\"1150\">Bashir Ahmad Rigi Mohammadi<\/p>\n<\/li>\n<li class=\"\" data-start=\"1151\" data-end=\"1166\">\n<p class=\"\" data-start=\"1155\" data-end=\"1166\">Majid Lejei<\/p>\n<\/li>\n<li class=\"\" data-start=\"1167\" data-end=\"1184\">\n<p class=\"\" data-start=\"1171\" data-end=\"1184\">Ramin Alizahi<\/p>\n<\/li>\n<li class=\"\" data-start=\"1185\" data-end=\"1216\">\n<p class=\"\" data-start=\"1189\" data-end=\"1216\">Davoud Baji Zehi Shahouzehi<\/p>\n<\/li>\n<li class=\"\" data-start=\"1217\" data-end=\"1237\">\n<p class=\"\" data-start=\"1221\" data-end=\"1237\">Allahnazr Gorgij<\/p>\n<\/li>\n<li class=\"\" data-start=\"1238\" data-end=\"1278\">\n<p class=\"\" data-start=\"1242\" data-end=\"1278\">Abdolsalam Baloch Meshkenti Ahourani<\/p>\n<\/li>\n<li class=\"\" data-start=\"1279\" data-end=\"1293\">\n<p class=\"\" data-start=\"1283\" data-end=\"1293\">Ali Dehani<\/p>\n<\/li>\n<li class=\"\" data-start=\"1294\" data-end=\"1313\">\n<p class=\"\" data-start=\"1298\" data-end=\"1313\">Ali Baloch Zehi<\/p>\n<\/li>\n<li class=\"\" data-start=\"1314\" data-end=\"1340\">\n<p class=\"\" data-start=\"1318\" data-end=\"1340\">Ayoub Berniaei Sarhadi<\/p>\n<\/li>\n<li class=\"\" data-start=\"1341\" data-end=\"1363\">\n<p class=\"\" data-start=\"1345\" data-end=\"1363\">Abubakr Shahbakhsh<\/p>\n<\/li>\n<li class=\"\" data-start=\"1364\" data-end=\"1435\">\n<p class=\"\" data-start=\"1368\" data-end=\"1435\">Un prisionero cuyo nombre permanece sin identificar hasta la fecha.<\/p>\n<\/li>\n<\/ol>\n<p class=\"\" style=\"text-align: justify;\" data-start=\"1437\" data-end=\"1785\">Adem\u00e1s, <strong data-start=\"1445\" data-end=\"1478\">Hamid Hosseinnejad Heydaranlu<\/strong>, prisionero pol\u00edtico kurdo de 39 a\u00f1os y padre de tres hijos, fue ejecutado en secreto el 21 de abril de 2025, tras un juicio injusto marcado por confesiones forzadas bajo tortura y una total ausencia de garant\u00edas procesales. Su ejecuci\u00f3n se llev\u00f3 a cabo sin que sus familiares o abogados fueran informados.<\/p>\n<h3 class=\"\" style=\"text-align: justify;\" data-start=\"1787\" data-end=\"1838\">Prisioneros actualmente en peligro de ejecuci\u00f3n<\/h3>\n<p class=\"\" style=\"text-align: justify;\" data-start=\"1840\" data-end=\"1931\">Varios prisioneros, tanto kurdos como baluches, enfrentan un riesgo inminente de ejecuci\u00f3n:<\/p>\n<ul style=\"text-align: justify;\" data-start=\"1933\" data-end=\"2390\">\n<li class=\"\" data-start=\"1933\" data-end=\"2143\">\n<p class=\"\" data-start=\"1935\" data-end=\"2143\"><strong data-start=\"1935\" data-end=\"1953\">Behrouz Ehsani<\/strong> (69 a\u00f1os) y <strong data-start=\"1966\" data-end=\"1983\">Mehdi Hassani<\/strong> (48 a\u00f1os), condenados a muerte por presuntos v\u00ednculos con la Organizaci\u00f3n de los Muyahidines del Pueblo de Ir\u00e1n (OMPI) tras un juicio sumario de cinco minutos.<\/p>\n<\/li>\n<li class=\"\" data-start=\"2145\" data-end=\"2236\">\n<p class=\"\" data-start=\"2147\" data-end=\"2236\"><strong data-start=\"2147\" data-end=\"2165\">Pakhshan Azizi<\/strong> y <strong data-start=\"2168\" data-end=\"2186\">Warisha Moradi<\/strong>, activistas kurdas acusadas de \u00abrebeli\u00f3n armada\u00bb.<\/p>\n<\/li>\n<li class=\"\" data-start=\"2238\" data-end=\"2390\">\n<p class=\"\" data-start=\"2240\" data-end=\"2390\"><strong data-start=\"2240\" data-end=\"2261\">Manouchehr Fallah<\/strong> y <strong data-start=\"2264\" data-end=\"2282\">Shahriar Bayat<\/strong>, condenados a muerte por su participaci\u00f3n en las manifestaciones de 2022, sin garant\u00edas judiciales m\u00ednimas.<\/p>\n<\/li>\n<\/ul>\n<h3 class=\"\" style=\"text-align: justify;\" data-start=\"2392\" data-end=\"2432\">Llamado a la comunidad internacional<\/h3>\n<p class=\"\" style=\"text-align: justify;\" data-start=\"2434\" data-end=\"2554\">Frente a esta campa\u00f1a de ejecuciones que se asemeja a una pol\u00edtica de represi\u00f3n \u00e9tnica y pol\u00edtica, hacemos un llamado a:<\/p>\n<ul style=\"text-align: justify;\" data-start=\"2556\" data-end=\"3257\">\n<li class=\"\" data-start=\"2556\" data-end=\"2863\">\n<p class=\"\" data-start=\"2558\" data-end=\"2863\"><strong data-start=\"2558\" data-end=\"2642\">La Oficina del Alto Comisionado de las Naciones Unidas para los Derechos Humanos<\/strong>, <strong data-start=\"2644\" data-end=\"2678\">el Consejo de Derechos Humanos<\/strong> y los <strong data-start=\"2685\" data-end=\"2709\">relatores especiales<\/strong> pertinentes para que intervengan de inmediato y condenen p\u00fablicamente estas ejecuciones, exigiendo una moratoria general sobre la pena de muerte en Ir\u00e1n.<\/p>\n<\/li>\n<li class=\"\" data-start=\"2865\" data-end=\"3083\">\n<p class=\"\" data-start=\"2867\" data-end=\"3083\"><strong data-start=\"2867\" data-end=\"2887\">La Uni\u00f3n Europea<\/strong> y los <strong data-start=\"2894\" data-end=\"2937\">Estados miembros de las Naciones Unidas<\/strong> para que activen mecanismos de sanciones espec\u00edficas contra los responsables de estas graves violaciones, incluidos jueces y fiscales implicados.<\/p>\n<\/li>\n<li class=\"\" data-start=\"3085\" data-end=\"3257\">\n<p class=\"\" data-start=\"3087\" data-end=\"3257\"><strong data-start=\"3087\" data-end=\"3114\">Las ONG internacionales<\/strong> y <strong data-start=\"3117\" data-end=\"3147\">los medios de comunicaci\u00f3n<\/strong> para que documenten y den a conocer estos casos, evitando que las v\u00edctimas sean olvidadas en la indiferencia.<\/p>\n<\/li>\n<\/ul>\n<p class=\"\" style=\"text-align: justify;\" data-start=\"3259\" data-end=\"3495\">El silencio ante esta ola de ejecuciones masivas equivale a avalar una pol\u00edtica de exterminio silencioso. Ir\u00e1n no puede seguir utilizando las negociaciones diplom\u00e1ticas como una cortina de humo para eliminar a sus disidentes y minor\u00edas.<\/p>\n<p class=\"\" style=\"text-align: justify;\" data-start=\"3497\" data-end=\"3662\"><strong data-start=\"3497\" data-end=\"3662\">Hacemos un llamado urgente a la movilizaci\u00f3n internacional para salvar a los prisioneros en peligro, denunciar la represi\u00f3n \u00e9tnica y pol\u00edtica, y exigir justicia.<\/strong><\/p>\n<p class=\"\" style=\"text-align: justify;\" data-start=\"3664\" data-end=\"3738\"><em data-start=\"3664\" data-end=\"3705\">Centro Zagros para los Derechos Humanos<\/em><br data-start=\"3705\" data-end=\"3708\" \/><em data-start=\"3708\" data-end=\"3738\">Ginebra, 23 de abril de 2025<\/em><\/p>\n<p data-start=\"3664\" data-end=\"3738\"><img loading=\"lazy\" decoding=\"async\" class=\"size-full wp-image-381 aligncenter\" src=\"https:\/\/zagros-centre.org\/es\/wp-content\/uploads\/2025\/04\/Stop-Execution.jpg\" alt=\"\" width=\"918\" height=\"606\" srcset=\"https:\/\/zagros-centre.org\/es\/wp-content\/uploads\/2025\/04\/Stop-Execution.jpg 918w, https:\/\/zagros-centre.org\/es\/wp-content\/uploads\/2025\/04\/Stop-Execution-300x198.jpg 300w, https:\/\/zagros-centre.org\/es\/wp-content\/uploads\/2025\/04\/Stop-Execution-768x507.jpg 768w, https:\/\/zagros-centre.org\/es\/wp-content\/uploads\/2025\/04\/Stop-Execution-310x205.jpg 310w\" sizes=\"auto, (max-width: 918px) 100vw, 918px\" \/><\/p>\n<div class=\"absolute h-[60px]\" style=\"text-align: justify;\"><\/div>\n","protected":false},"excerpt":{"rendered":"<p>El Centro Zagros para los Derechos Humanos expresa su profunda preocupaci\u00f3n ante la alarmante intensificaci\u00f3n de las ejecuciones de prisioneros pertenecientes a las minor\u00edas kurda y baluche en Ir\u00e1n. Estas ejecuciones, llevadas a cabo en un contexto de represi\u00f3n pol\u00edtica sistem\u00e1tica, ocurren mientras la Rep\u00fablica Isl\u00e1mica de Ir\u00e1n parece instrumentalizar el silencio de la comunidad &hellip;<\/p>\n","protected":false},"author":1,"featured_media":382,"comment_status":"closed","ping_status":"closed","sticky":false,"template":"","format":"standard","meta":{"footnotes":""},"categories":[31,3,27,16],"tags":[],"class_list":["post-380","post","type-post","status-publish","format-standard","has-post-thumbnail","","category-baluchi","category-iran","category-kurdo","category-naciones-unidas"],"_links":{"self":[{"href":"https:\/\/zagros-centre.org\/es\/index.php?rest_route=\/wp\/v2\/posts\/380","targetHints":{"allow":["GET"]}}],"collection":[{"href":"https:\/\/zagros-centre.org\/es\/index.php?rest_route=\/wp\/v2\/posts"}],"about":[{"href":"https:\/\/zagros-centre.org\/es\/index.php?rest_route=\/wp\/v2\/types\/post"}],"author":[{"embeddable":true,"href":"https:\/\/zagros-centre.org\/es\/index.php?rest_route=\/wp\/v2\/users\/1"}],"replies":[{"embeddable":true,"href":"https:\/\/zagros-centre.org\/es\/index.php?rest_route=%2Fwp%2Fv2%2Fcomments&post=380"}],"version-history":[{"count":0,"href":"https:\/\/zagros-centre.org\/es\/index.php?rest_route=\/wp\/v2\/posts\/380\/revisions"}],"wp:featuredmedia":[{"embeddable":true,"href":"https:\/\/zagros-centre.org\/es\/index.php?rest_route=\/wp\/v2\/media\/382"}],"wp:attachment":[{"href":"https:\/\/zagros-centre.org\/es\/index.php?rest_route=%2Fwp%2Fv2%2Fmedia&parent=380"}],"wp:term":[{"taxonomy":"category","embeddable":true,"href":"https:\/\/zagros-centre.org\/es\/index.php?rest_route=%2Fwp%2Fv2%2Fcategories&post=380"},{"taxonomy":"post_tag","embeddable":true,"href":"https:\/\/zagros-centre.org\/es\/index.php?rest_route=%2Fwp%2Fv2%2Ftags&post=380"}],"curies":[{"name":"wp","href":"https:\/\/api.w.org\/{rel}","templated":true}]}}