{"id":386,"date":"2025-06-16T14:18:30","date_gmt":"2025-06-16T12:18:30","guid":{"rendered":"https:\/\/zagros-centre.org\/es\/?p=386"},"modified":"2025-06-16T14:18:30","modified_gmt":"2025-06-16T12:18:30","slug":"declaracion-del-centro-zagros-para-los-derechos-humanos-sobre-el-conflicto-armado-entre-iran-e-israel","status":"publish","type":"post","link":"https:\/\/zagros-centre.org\/es\/?p=386","title":{"rendered":"Declaraci\u00f3n del Centro Zagros para los Derechos Humanos sobre el conflicto armado entre Ir\u00e1n e Israel"},"content":{"rendered":"<p style=\"text-align: justify;\" data-start=\"177\" data-end=\"209\"><strong data-start=\"177\" data-end=\"209\">Ginebra, 16 de junio de 2025<\/strong><\/p>\n<p style=\"text-align: justify;\" data-start=\"211\" data-end=\"521\">El Centro Zagros para los Derechos Humanos expresa su profunda preocupaci\u00f3n por el conflicto militar entre Ir\u00e1n e Israel, que entra hoy en su cuarto d\u00eda. Esta escalada representa una grave amenaza para la paz y la estabilidad regional, y corre el riesgo de desencadenar una crisis humanitaria de gran magnitud.<\/p>\n<p style=\"text-align: justify;\" data-start=\"523\" data-end=\"775\">Varios ataques ya han alcanzado zonas urbanas, provocando v\u00edctimas civiles y la destrucci\u00f3n de infraestructuras esenciales. Condenamos firmemente todos los ataques dirigidos contra la poblaci\u00f3n civil, en violaci\u00f3n del derecho internacional humanitario.<\/p>\n<p style=\"text-align: justify;\" data-start=\"777\" data-end=\"1111\">M\u00e1s all\u00e1 de la violencia actual, esta crisis se inscribe en un contexto m\u00e1s amplio, marcado por el continuo desarrollo del programa nuclear iran\u00ed, sin transparencia ni control internacional efectivo. Las crecientes preocupaciones sobre una posible militarizaci\u00f3n nuclear a\u00f1aden una dimensi\u00f3n extremadamente peligrosa a este conflicto.<\/p>\n<p style=\"text-align: justify;\" data-start=\"1113\" data-end=\"1563\">Por ello, hacemos un llamado a la comunidad internacional para que reconozca a la Rep\u00fablica Isl\u00e1mica de Ir\u00e1n como un gobierno que contribuye activamente a la desestabilizaci\u00f3n de la regi\u00f3n y constituye una amenaza seria para la seguridad internacional. A trav\u00e9s de su implicaci\u00f3n directa y su apoyo a grupos armados afiliados, Ir\u00e1n alimenta las tensiones, obstaculiza los esfuerzos diplom\u00e1ticos y vulnera los derechos fundamentales en toda la regi\u00f3n.<\/p>\n<p style=\"text-align: justify;\" data-start=\"1565\" data-end=\"1765\">El Centro Zagros insta a un alto el fuego inmediato, a la reanudaci\u00f3n de las negociaciones diplom\u00e1ticas y al restablecimiento de un mecanismo de control eficaz sobre las actividades nucleares de Ir\u00e1n.<\/p>\n<p style=\"text-align: justify;\" data-start=\"1767\" data-end=\"2152\">Tambi\u00e9n alertamos sobre los crecientes riesgos para las minor\u00edas, en particular los kurdos, \u00e1rabes y baluches en Ir\u00e1n, quienes podr\u00edan enfrentarse a una represi\u00f3n a\u00fan m\u00e1s severa bajo el pretexto de la \u00abseguridad nacional\u00bb. Los defensores de los derechos humanos, los periodistas independientes y los ciudadanos comprometidos tambi\u00e9n deben ser protegidos de cualquier medida arbitraria.<\/p>\n<p style=\"text-align: justify;\" data-start=\"2154\" data-end=\"2299\">La paz no se reduce a la ausencia de guerra: se basa en la justicia, la rendici\u00f3n de cuentas y el respeto de los derechos fundamentales de todos.<\/p>\n<p style=\"text-align: justify;\" data-start=\"2301\" data-end=\"2344\"><strong data-start=\"2301\" data-end=\"2344\">Centro Zagros para los Derechos Humanos<\/strong><\/p>\n<p data-start=\"2301\" data-end=\"2344\">\n<p style=\"text-align: justify;\" data-start=\"2301\" data-end=\"2344\"><img loading=\"lazy\" decoding=\"async\" class=\"alignnone size-large wp-image-388\" src=\"https:\/\/zagros-centre.org\/es\/wp-content\/uploads\/2025\/06\/Iran-Israel1.jpg\" alt=\"\" width=\"618\" height=\"378\" srcset=\"https:\/\/zagros-centre.org\/es\/wp-content\/uploads\/2025\/06\/Iran-Israel1.jpg 952w, https:\/\/zagros-centre.org\/es\/wp-content\/uploads\/2025\/06\/Iran-Israel1-300x184.jpg 300w, https:\/\/zagros-centre.org\/es\/wp-content\/uploads\/2025\/06\/Iran-Israel1-768x470.jpg 768w\" sizes=\"auto, (max-width: 618px) 100vw, 618px\" \/><\/p>\n<p data-start=\"2301\" data-end=\"2344\"><img loading=\"lazy\" decoding=\"async\" class=\"alignnone size-large wp-image-387\" src=\"https:\/\/zagros-centre.org\/es\/wp-content\/uploads\/2025\/06\/Iran-Israel2-1024x670.jpg\" alt=\"\" width=\"618\" height=\"404\" srcset=\"https:\/\/zagros-centre.org\/es\/wp-content\/uploads\/2025\/06\/Iran-Israel2-1024x670.jpg 1024w, https:\/\/zagros-centre.org\/es\/wp-content\/uploads\/2025\/06\/Iran-Israel2-300x196.jpg 300w, https:\/\/zagros-centre.org\/es\/wp-content\/uploads\/2025\/06\/Iran-Israel2-768x502.jpg 768w, https:\/\/zagros-centre.org\/es\/wp-content\/uploads\/2025\/06\/Iran-Israel2.jpg 1261w\" sizes=\"auto, (max-width: 618px) 100vw, 618px\" \/><\/p>\n<hr data-start=\"2346\" data-end=\"2349\" \/>\n","protected":false},"excerpt":{"rendered":"<p>Ginebra, 16 de junio de 2025 El Centro Zagros para los Derechos Humanos expresa su profunda preocupaci\u00f3n por el conflicto militar entre Ir\u00e1n e Israel, que entra hoy en su cuarto d\u00eda. Esta escalada representa una grave amenaza para la paz y la estabilidad regional, y corre el riesgo de desencadenar una crisis humanitaria de &hellip;<\/p>\n","protected":false},"author":1,"featured_media":388,"comment_status":"closed","ping_status":"closed","sticky":false,"template":"","format":"standard","meta":{"footnotes":""},"categories":[18,3,20],"tags":[],"class_list":["post-386","post","type-post","status-publish","format-standard","has-post-thumbnail","","category-declaracion-oral","category-iran","category-minorias"],"_links":{"self":[{"href":"https:\/\/zagros-centre.org\/es\/index.php?rest_route=\/wp\/v2\/posts\/386","targetHints":{"allow":["GET"]}}],"collection":[{"href":"https:\/\/zagros-centre.org\/es\/index.php?rest_route=\/wp\/v2\/posts"}],"about":[{"href":"https:\/\/zagros-centre.org\/es\/index.php?rest_route=\/wp\/v2\/types\/post"}],"author":[{"embeddable":true,"href":"https:\/\/zagros-centre.org\/es\/index.php?rest_route=\/wp\/v2\/users\/1"}],"replies":[{"embeddable":true,"href":"https:\/\/zagros-centre.org\/es\/index.php?rest_route=%2Fwp%2Fv2%2Fcomments&post=386"}],"version-history":[{"count":0,"href":"https:\/\/zagros-centre.org\/es\/index.php?rest_route=\/wp\/v2\/posts\/386\/revisions"}],"wp:featuredmedia":[{"embeddable":true,"href":"https:\/\/zagros-centre.org\/es\/index.php?rest_route=\/wp\/v2\/media\/388"}],"wp:attachment":[{"href":"https:\/\/zagros-centre.org\/es\/index.php?rest_route=%2Fwp%2Fv2%2Fmedia&parent=386"}],"wp:term":[{"taxonomy":"category","embeddable":true,"href":"https:\/\/zagros-centre.org\/es\/index.php?rest_route=%2Fwp%2Fv2%2Fcategories&post=386"},{"taxonomy":"post_tag","embeddable":true,"href":"https:\/\/zagros-centre.org\/es\/index.php?rest_route=%2Fwp%2Fv2%2Ftags&post=386"}],"curies":[{"name":"wp","href":"https:\/\/api.w.org\/{rel}","templated":true}]}}