{"id":399,"date":"2025-08-03T18:05:14","date_gmt":"2025-08-03T16:05:14","guid":{"rendered":"https:\/\/zagros-centre.org\/es\/?p=399"},"modified":"2025-08-05T18:09:21","modified_gmt":"2025-08-05T16:09:21","slug":"declaracion-del-centro-zagros-con-motivo-de-la-conmemoracion-del-genocidio-contra-la-comunidad-yazidi-3-de-agosto-de-2025-11o-aniversario","status":"publish","type":"post","link":"https:\/\/zagros-centre.org\/es\/?p=399","title":{"rendered":"Declaraci\u00f3n del Centro Zagros con motivo de la conmemoraci\u00f3n del genocidio contra la comunidad yazid\u00ed \u2013 3 de agosto de 2025, 11\u00ba aniversario."},"content":{"rendered":"<p style=\"text-align: justify;\" data-start=\"227\" data-end=\"349\"><strong data-start=\"227\" data-end=\"349\">A la comunidad internacional, a las organizaciones de derechos humanos y a los Estados miembros de las Naciones Unidas<\/strong><\/p>\n<p style=\"text-align: justify;\" data-start=\"351\" data-end=\"659\">En este 3 de agosto de 2025, el Centro Zagros para los Derechos Humanos conmemora solemnemente el und\u00e9cimo aniversario del genocidio perpetrado contra la comunidad yazid\u00ed en la regi\u00f3n de Sinyar, en Irak. Esta tragedia sigue siendo una de las p\u00e1ginas m\u00e1s oscuras de la historia contempor\u00e1nea de Oriente Medio.<\/p>\n<h3 style=\"text-align: justify;\" data-start=\"661\" data-end=\"705\">Un genocidio reconocido pero no reparado<\/h3>\n<p style=\"text-align: justify;\" data-start=\"707\" data-end=\"1057\">El 3 de agosto de 2014, el autodenominado Estado Isl\u00e1mico (Daesh) lanz\u00f3 una ofensiva sistem\u00e1tica contra los yazid\u00edes, una minor\u00eda religiosa ancestral del Kurdist\u00e1n iraqu\u00ed. En cuesti\u00f3n de d\u00edas, miles de hombres fueron ejecutados, m\u00e1s de 10.000 mujeres y ni\u00f1os fueron secuestrados y esclavizados, y cerca de 400.000 personas se vieron obligadas a huir.<\/p>\n<p style=\"text-align: justify;\" data-start=\"1059\" data-end=\"1355\">Once a\u00f1os despu\u00e9s de estos cr\u00edmenes de lesa humanidad \u2014oficialmente reconocidos como genocidio por el Parlamento iraqu\u00ed, la Asamblea Parlamentaria del Consejo de Europa y varios parlamentos nacionales\u2014 la justicia sigue siendo insuficiente y la reconstrucci\u00f3n est\u00e1, en gran parte, por realizarse.<\/p>\n<h3 style=\"text-align: justify;\" data-start=\"1357\" data-end=\"1404\">Una comunidad quebrada, derechos vulnerados<\/h3>\n<p style=\"text-align: justify;\" data-start=\"1406\" data-end=\"1468\">Hoy, la situaci\u00f3n de la comunidad yazid\u00ed sigue siendo cr\u00edtica:<\/p>\n<ul style=\"text-align: justify;\" data-start=\"1470\" data-end=\"1964\">\n<li data-start=\"1470\" data-end=\"1551\">\n<p data-start=\"1472\" data-end=\"1551\">M\u00e1s de 2.600 mujeres y ni\u00f1os siguen desaparecidos, su paradero es desconocido<\/p>\n<\/li>\n<li data-start=\"1552\" data-end=\"1655\">\n<p data-start=\"1554\" data-end=\"1655\">Solo una minor\u00eda de las personas desplazadas ha podido regresar a sus hogares ancestrales en Sinyar<\/p>\n<\/li>\n<li data-start=\"1656\" data-end=\"1766\">\n<p data-start=\"1658\" data-end=\"1766\">Las infraestructuras destruidas no han sido reconstruidas, privando a la poblaci\u00f3n de servicios esenciales<\/p>\n<\/li>\n<li data-start=\"1767\" data-end=\"1852\">\n<p data-start=\"1769\" data-end=\"1852\">La impunidad prevalece: muy pocos responsables han sido llevados ante la justicia<\/p>\n<\/li>\n<li data-start=\"1853\" data-end=\"1964\">\n<p data-start=\"1855\" data-end=\"1964\">Las supervivientes siguen sufriendo traumas profundos sin acceso adecuado a apoyo psicol\u00f3gico especializado.<\/p>\n<\/li>\n<\/ul>\n<h3 style=\"text-align: justify;\" data-start=\"1966\" data-end=\"1998\">Nuestras exigencias urgentes<\/h3>\n<p style=\"text-align: justify;\" data-start=\"2000\" data-end=\"2049\">El Centro Zagros para los Derechos Humanos exige:<\/p>\n<h4 style=\"text-align: justify;\" data-start=\"2051\" data-end=\"2077\">Justicia y reparaci\u00f3n<\/h4>\n<ul style=\"text-align: justify;\" data-start=\"2079\" data-end=\"2424\">\n<li data-start=\"2079\" data-end=\"2205\">\n<p data-start=\"2081\" data-end=\"2205\">La creaci\u00f3n de un tribunal internacional especializado para juzgar los cr\u00edmenes de genocidio cometidos contra los yazid\u00edes<\/p>\n<\/li>\n<li data-start=\"2206\" data-end=\"2326\">\n<p data-start=\"2208\" data-end=\"2326\">La implementaci\u00f3n de un programa de reparaciones sustanciales para los supervivientes y las familias de las v\u00edctimas<\/p>\n<\/li>\n<li data-start=\"2327\" data-end=\"2424\">\n<p data-start=\"2329\" data-end=\"2424\">La intensificaci\u00f3n de los esfuerzos para localizar e identificar a las personas desaparecidas<\/p>\n<\/li>\n<\/ul>\n<h4 style=\"text-align: justify;\" data-start=\"2426\" data-end=\"2455\">Reconstrucci\u00f3n y retorno<\/h4>\n<ul style=\"text-align: justify;\" data-start=\"2457\" data-end=\"2744\">\n<li data-start=\"2457\" data-end=\"2535\">\n<p data-start=\"2459\" data-end=\"2535\">La reconstrucci\u00f3n inmediata de las infraestructuras en la regi\u00f3n de Sinyar<\/p>\n<\/li>\n<li data-start=\"2536\" data-end=\"2644\">\n<p data-start=\"2538\" data-end=\"2644\">La garant\u00eda efectiva de seguridad en la zona para permitir el regreso seguro de las familias desplazadas<\/p>\n<\/li>\n<li data-start=\"2645\" data-end=\"2744\">\n<p data-start=\"2647\" data-end=\"2744\">El restablecimiento de los servicios p\u00fablicos esenciales (salud, educaci\u00f3n, electricidad, agua)<\/p>\n<\/li>\n<\/ul>\n<h4 style=\"text-align: justify;\" data-start=\"2746\" data-end=\"2771\">Memoria y prevenci\u00f3n<\/h4>\n<ul style=\"text-align: justify;\" data-start=\"2773\" data-end=\"3052\">\n<li data-start=\"2773\" data-end=\"2864\">\n<p data-start=\"2775\" data-end=\"2864\">El reconocimiento oficial del genocidio yazid\u00ed por todos los Estados miembros de la ONU<\/p>\n<\/li>\n<li data-start=\"2865\" data-end=\"2959\">\n<p data-start=\"2867\" data-end=\"2959\">La inclusi\u00f3n de esta tragedia en los programas educativos para prevenir futuros genocidios<\/p>\n<\/li>\n<li data-start=\"2960\" data-end=\"3052\">\n<p data-start=\"2962\" data-end=\"3052\">La restauraci\u00f3n y preservaci\u00f3n de los sitios religiosos y culturales yazid\u00edes destruidos.<\/p>\n<\/li>\n<\/ul>\n<h3 style=\"text-align: justify;\" data-start=\"3054\" data-end=\"3103\">Un llamado a la responsabilidad internacional<\/h3>\n<p style=\"text-align: justify;\" data-start=\"3105\" data-end=\"3299\">Han pasado once a\u00f1os, y la comunidad internacional a\u00fan no ha cumplido sus compromisos con el pueblo yazid\u00ed. Este silencio ensordecedor constituye una doble victimizaci\u00f3n y alimenta la impunidad.<\/p>\n<p style=\"text-align: justify;\" data-start=\"3301\" data-end=\"3613\">El Centro Zagros para los Derechos Humanos recuerda que la protecci\u00f3n de las minor\u00edas religiosas y \u00e9tnicas es un deber fundamental de la comunidad internacional. El abandono de los yazid\u00edes representa un fracaso moral colectivo que socava la credibilidad de las instituciones internacionales de derechos humanos.<\/p>\n<h3 style=\"text-align: justify;\" data-start=\"3615\" data-end=\"3682\">En memoria de las v\u00edctimas, por el futuro de los supervivientes<\/h3>\n<p style=\"text-align: justify;\" data-start=\"3684\" data-end=\"3939\">En este d\u00eda de conmemoraci\u00f3n, rendimos homenaje a todas las v\u00edctimas del genocidio yazid\u00ed y expresamos nuestra solidaridad inquebrantable con los supervivientes y sus familias. Su resiliencia ante el horror es un testimonio poderoso de la dignidad humana.<\/p>\n<p style=\"text-align: justify;\" data-start=\"3941\" data-end=\"4187\">Instamos a la comunidad internacional a convertir esta conmemoraci\u00f3n en acciones concretas. La justicia tard\u00eda es justicia denegada. Ha llegado el momento de actuar para que el \u00abNunca M\u00e1s\u00bb no sea solo un eslogan vac\u00edo, sino una realidad tangible.<\/p>\n<p style=\"text-align: justify;\" data-start=\"4189\" data-end=\"4258\"><strong data-start=\"4189\" data-end=\"4232\">Centro Zagros para los Derechos Humanos<\/strong><br data-start=\"4232\" data-end=\"4235\" \/><strong data-start=\"4235\" data-end=\"4258\">3 de agosto de 2025<\/strong><\/p>\n<p data-start=\"4189\" data-end=\"4258\"><img loading=\"lazy\" decoding=\"async\" class=\"alignnone wp-image-401\" src=\"https:\/\/zagros-centre.org\/es\/wp-content\/uploads\/2025\/08\/Ezidigenocide-1.jpg\" alt=\"\" width=\"600\" height=\"338\" srcset=\"https:\/\/zagros-centre.org\/es\/wp-content\/uploads\/2025\/08\/Ezidigenocide-1.jpg 960w, https:\/\/zagros-centre.org\/es\/wp-content\/uploads\/2025\/08\/Ezidigenocide-1-300x169.jpg 300w, https:\/\/zagros-centre.org\/es\/wp-content\/uploads\/2025\/08\/Ezidigenocide-1-768x432.jpg 768w\" sizes=\"auto, (max-width: 600px) 100vw, 600px\" \/><\/p>\n","protected":false},"excerpt":{"rendered":"<p>A la comunidad internacional, a las organizaciones de derechos humanos y a los Estados miembros de las Naciones Unidas En este 3 de agosto de 2025, el Centro Zagros para los Derechos Humanos conmemora solemnemente el und\u00e9cimo aniversario del genocidio perpetrado contra la comunidad yazid\u00ed en la regi\u00f3n de Sinyar, en Irak. Esta tragedia sigue &hellip;<\/p>\n","protected":false},"author":1,"featured_media":400,"comment_status":"closed","ping_status":"closed","sticky":false,"template":"","format":"standard","meta":{"footnotes":""},"categories":[35,40,30,4,29,26,28],"tags":[],"class_list":["post-399","post","type-post","status-publish","format-standard","has-post-thumbnail","","category-conmemoracion","category-declaracion","category-genocidio","category-irak","category-shengal","category-sinjar","category-yazidi"],"_links":{"self":[{"href":"https:\/\/zagros-centre.org\/es\/index.php?rest_route=\/wp\/v2\/posts\/399","targetHints":{"allow":["GET"]}}],"collection":[{"href":"https:\/\/zagros-centre.org\/es\/index.php?rest_route=\/wp\/v2\/posts"}],"about":[{"href":"https:\/\/zagros-centre.org\/es\/index.php?rest_route=\/wp\/v2\/types\/post"}],"author":[{"embeddable":true,"href":"https:\/\/zagros-centre.org\/es\/index.php?rest_route=\/wp\/v2\/users\/1"}],"replies":[{"embeddable":true,"href":"https:\/\/zagros-centre.org\/es\/index.php?rest_route=%2Fwp%2Fv2%2Fcomments&post=399"}],"version-history":[{"count":0,"href":"https:\/\/zagros-centre.org\/es\/index.php?rest_route=\/wp\/v2\/posts\/399\/revisions"}],"wp:featuredmedia":[{"embeddable":true,"href":"https:\/\/zagros-centre.org\/es\/index.php?rest_route=\/wp\/v2\/media\/400"}],"wp:attachment":[{"href":"https:\/\/zagros-centre.org\/es\/index.php?rest_route=%2Fwp%2Fv2%2Fmedia&parent=399"}],"wp:term":[{"taxonomy":"category","embeddable":true,"href":"https:\/\/zagros-centre.org\/es\/index.php?rest_route=%2Fwp%2Fv2%2Fcategories&post=399"},{"taxonomy":"post_tag","embeddable":true,"href":"https:\/\/zagros-centre.org\/es\/index.php?rest_route=%2Fwp%2Fv2%2Ftags&post=399"}],"curies":[{"name":"wp","href":"https:\/\/api.w.org\/{rel}","templated":true}]}}