{"id":40,"date":"2020-05-06T00:00:24","date_gmt":"2020-05-05T22:00:24","guid":{"rendered":"https:\/\/zagros-centre.org\/es\/?p=40"},"modified":"2020-05-09T11:32:46","modified_gmt":"2020-05-09T09:32:46","slug":"llamado-para-colocar-a-afrin-bajo-proteccion-internacional","status":"publish","type":"post","link":"https:\/\/zagros-centre.org\/es\/?p=40","title":{"rendered":"Llamado para colocar a Afrin bajo protecci\u00f3n internacional"},"content":{"rendered":"<p>\u00ab45 organizaciones sirias e internacionales piden el fin del sufrimiento de los residentes de Afrin, el fin de las violaciones diarias de los derechos humanos y facilitar el retorno seguro de la poblaci\u00f3n desplazada por la fuerza. Tambi\u00e9n estamos pidiendo la formaci\u00f3n de un consejo civil compuesto por la poblaci\u00f3n local de Afrin \u00ab.<\/p>\n<p>El 28 de abril de 2020, una gran explosi\u00f3n golpe\u00f3 la ciudad de Afrin y mat\u00f3 al menos a 60 personas. La mayor\u00eda de estas v\u00edctimas eran civiles inocentes, adem\u00e1s de docenas de heridos y desaparecidos, as\u00ed como da\u00f1os masivos a la propiedad. Es el ataque m\u00e1s mortal desde que el \u00e1rea fue ocupada militarmente por Turqu\u00eda y facciones del \u00abEj\u00e9rcito Nacional Sirio\u00bb (SNA) respaldado por Turqu\u00eda en marzo de 2018.<\/p>\n<p>En los meses y a\u00f1os transcurridos desde la ocupaci\u00f3n de Afrin, la regi\u00f3n ha sido testigo de violaciones sistem\u00e1ticas y generalizadas contra sus residentes ind\u00edgenas kurdos sirios. Miles de estas violaciones han ocurrido. Estas violaciones, documentadas por Human Rights Watch y Amnist\u00eda Internacional, incluyeron la confiscaci\u00f3n de propiedad privada, detenci\u00f3n arbitraria, tortura, desaparici\u00f3n forzada y saqueo.<\/p>\n<p>La Comisi\u00f3n de Investigaci\u00f3n de la ONU sobre Siria inform\u00f3 sobre la continuidad de este tipo de violaci\u00f3n en su \u00faltimo informe en enero de 2020, en el que encontr\u00f3 que las fuerzas del SCN respaldadas por Turqu\u00eda \u00abcometieron el crimen\u00bb de guerra de asesinatos y cometi\u00f3 reiteradamente los cr\u00edmenes de guerra de saqueo, toma de rehenes, trato cruel y tortura, as\u00ed como graves violaciones del derecho a disfrutar de la propiedad y los bienes de uno \u00ab.<\/p>\n<p>Estas violaciones, que se cometieron y siguen cometi\u00e9ndose en Afrin, son parte de una pol\u00edtica de persecuci\u00f3n \u00e9tnica dirigida a un cambio demogr\u00e1fico a gran escala en la regi\u00f3n, en particular cambiando su identidad y su poblaci\u00f3n. Numerosas fuentes locales y sirias confirman que el desplazamiento forzado en Afrin afect\u00f3 aproximadamente al 65% de la poblaci\u00f3n ind\u00edgena en la regi\u00f3n despu\u00e9s de la Operaci\u00f3n Rama de olivo del ej\u00e9rcito turco y su posterior ocupaci\u00f3n militar. Adem\u00e1s, la regi\u00f3n alberg\u00f3 a decenas de miles de desplazados internos de varias regiones sirias antes de la invasi\u00f3n.<\/p>\n<p>Las organizaciones que firmaron esta declaraci\u00f3n, mientras denunciaban y condenaban en\u00e9rgicamente el ataque terrorista que tuvo lugar en Afrin durante el bendito mes de Ramad\u00e1n; y solicitar que los responsables sean responsables, independientemente de la parte detr\u00e1s del ataque; Pida a la comunidad internacional, representada por el Consejo de Seguridad, la Uni\u00f3n Europea, la Liga \u00c1rabe y la OTAN, que:<\/p>\n<p>1- Tomar medidas inmediatas para proteger a la poblaci\u00f3n civil de Afrin y responsabilizar al gobierno turco en virtud del Cuarto Convenio de Ginebra, incluida su responsabilidad principal como potencia ocupante. Adem\u00e1s, se debe garantizar la seguridad de la poblaci\u00f3n y se deben monitorear los casos de desplazamiento forzado, adem\u00e1s de garantizar el regreso de las poblaciones ind\u00edgenas a sus hogares y poner fin a los ataques \u00e9tnicos a gran escala de la \u00abturquificaci\u00f3n\u00bb por cambiar los nombres de lugares, pueblos y sitios del patrimonio cultural en la regi\u00f3n;<\/p>\n<p>2- Tomar medidas inmediatas para expulsar de Afrin a los grupos extremistas que pertenecen al ej\u00e9rcito nacional sirio y garantizar el regreso de todas las personas desplazadas que se han visto obligadas a abandonar la zona, devolver los bienes confiscados, indemnizar a las v\u00edctimas y mantener ;<\/p>\n<p>3- Emitir una resoluci\u00f3n internacional que obligue al gobierno turco a poner fin a su ocupaci\u00f3n militar de todas las regiones sirias, dentro de un per\u00edodo preciso;<\/p>\n<p>4- Garantizar la responsabilidad de todos los autores de violaciones de derechos humanos en Afrin y comprometerse a compensar a las v\u00edctimas mediante un procedimiento judicial independiente, imparcial y neutral.<\/p>\n<p>Organizaci\u00f3n firmante:<\/p>\n<table style=\"height: 1652px;\" width=\"949\">\n<tbody>\n<tr>\n<td width=\"300\"><a href=\"http:\/\/tevnakurdi.org\/\">TEVNA KURDI<\/a><\/td>\n<td width=\"300\"><a href=\"https:\/\/www.facebook.com\/\u0645\u0646\u0638\u0645\u0629-\u0634\u0645\u0633-\u0644\u0644\u062a\u0623\u0647\u064a\u0644-\u0648\u0627\u0644\u062a\u0646\u0645\u064a\u0629-1744974068901976\/\">Sham organisation <\/a><\/td>\n<\/tr>\n<tr>\n<td width=\"300\"><a href=\"https:\/\/www.facebook.com\/www.zagroscentre.org\/\">Centre Zagros<\/a> pour les Droits de l\u2019Homme<\/td>\n<td width=\"300\"><a href=\"https:\/\/www.facebook.com\/%D8%A5%D8%AA%D8%AD%D8%A7%D8%AF-%D9%86%D8%B3%D8%A7%D8%A1-%D9%83%D9%88%D8%B1%D8%AF%D8%B3%D8%AA%D8%A7%D9%86-%D8%B3%D9%88%D8%B1%D9%8A%D8%A7-362211773938558\/\">YEK\u00ceTIYA JIN\u00caN KURDISTAN <\/a><\/td>\n<\/tr>\n<tr>\n<td width=\"300\"><a href=\"https:\/\/www.facebook.com\/kurdchr\/\">Kurdish Committee for Human Rights \/ Observer<\/a><\/td>\n<td width=\"300\">H C S K<\/td>\n<\/tr>\n<tr>\n<td width=\"300\"><a href=\"http:\/\/www.stj-sy.org\/\">Syrians for Truth and Justice-STJ<\/a><\/td>\n<td width=\"300\">Cod\u00ee4<\/td>\n<\/tr>\n<tr>\n<td width=\"300\"><a href=\"http:\/\/shar-dev.org\/\">Shar for Development <\/a><\/td>\n<td width=\"300\">Mahabad Organization for Humen rights MOHR<\/td>\n<\/tr>\n<tr>\n<td width=\"300\"><a href=\"https:\/\/www.facebook.com\/syriancenter.34896.k8.red\/\">Syrian Center for the Defense of Human Rights <\/a><\/td>\n<td width=\"300\"><a href=\"https:\/\/www.facebook.com\/civaka.hezen.1\">Syrian Kurdish civil Forces Gathering<\/a><\/td>\n<\/tr>\n<tr>\n<td width=\"300\"><a href=\"http:\/\/www.weoiraq.org\/\">Women Empowerment Organization <\/a><\/td>\n<td width=\"300\"><a href=\"https:\/\/www.facebook.com\/xunav2019\/\">XunavAssociatiom <\/a><\/td>\n<\/tr>\n<tr>\n<td width=\"300\"><a href=\"http:\/\/www.afrin-lekolin.net\/\">Lekolin Centr for Studies and Legal Researches _ Germany<\/a><\/td>\n<td width=\"300\"><a href=\"https:\/\/www.facebook.com\/syrianwomenscouncil\/?pageid=125998794771668&amp;ftentidentifier=535692263802317&amp;padding=0\">the syrian women council <\/a><\/td>\n<\/tr>\n<tr>\n<td width=\"300\"><a href=\"https:\/\/www.facebook.com\/hitmaorg\/?__tn__=%2Cd%2CP-R&amp;eid=ARC8jR20Z-uCjhc3B79AyBTPrvancpyKz9_HdRo1Sr9MsvhRG-pOmzkPi1lCTSVeeYd_Ys0obbAXJiB7\">Hitma organization for cultural and Social Development<\/a><\/td>\n<td width=\"300\"><a href=\"https:\/\/www.facebook.com\/\u0645\u0646\u0638\u0645\u0629-\u0647\u0648\u0634\u064a\u0646-\u0644\u0644\u0641\u0643\u0631-\u0648\u0627\u0644\u062b\u0642\u0627\u0641\u0629-R\u00eaxistina-Ho\u015f\u00een-ya-\u00c7and-\u00fb-Raman-621350991341050\/\">Hoshin Organization for Thought and Culture<\/a><\/td>\n<\/tr>\n<tr>\n<td width=\"300\"><a href=\"https:\/\/www.facebook.com\/Mehabadorganization\/\">Mahabad Organization for Human Rights <\/a><\/td>\n<td width=\"300\"><a href=\"https:\/\/www.facebook.com\/Platforma-Armanc-\u0645\u0646\u0635\u0629-\u0627\u0631\u0645\u0627\u0646\u062c-174723530089221\/\">armanc platforma for civil society<\/a><\/td>\n<\/tr>\n<tr>\n<td width=\"300\"><a href=\"https:\/\/www.facebook.com\/civaka.hezen.1\">Syrian Kurdish civil Forces Gathering<\/a><\/td>\n<td width=\"300\"><a href=\"http:\/\/Mafi%20merov70@gmail.com\">Human rights organisations afrin-syria<\/a><\/td>\n<\/tr>\n<tr>\n<td width=\"300\"><a href=\"\u0645%20https:\/www.facebook.com\/ARCO-Re\u0302kxirawa-Hari\u0302kariya-Zaroke\u0302n-Penaber-1509889935946319\">Assistance for Refugee\u2019s Children Organizatio ARCO<\/a><\/td>\n<td width=\"300\"><a href=\"https:\/\/www.gav4rd.org\/\">Gav for relief and development <\/a><\/td>\n<\/tr>\n<tr>\n<td width=\"300\"><a href=\"http:\/\/fraternity-sy.org\/\">Fraternity Foundation for Human rights FFHR-Birat\u00ee<\/a><\/td>\n<td width=\"300\"><a href=\"https:\/\/www.facebook.com\/RojKarRD\/\">Roj Kar For Relief And Development \u00abRKRD\u00bb<\/a><\/td>\n<\/tr>\n<tr>\n<td width=\"300\"><a href=\"https:\/\/www.facebook.com\/Kurdish-Swiss-Alliance-to-support-the-independence-of-Kurdistan-499035563764401\/\">KURDISH -SWISS ALLIANCE<\/a><\/td>\n<td width=\"300\"><a href=\"http:\/\/www.freeyezidi.org\/\">Free Yezidi Foundation<\/a><\/td>\n<\/tr>\n<tr>\n<td width=\"300\"><a href=\"https:\/\/www.facebook.com\/Act-For-Afrin-1633152846799399\/?__tn__=%2Cd%2CP-R&amp;eid=ARBCLoFbQzz3gLBcj1pni72M99JXETcwuNSrMuM4PoQJyjXeWC284iv-puaV_dgGgsi2QJsoMgSNa09W\">Act For Afrin <\/a><\/td>\n<td width=\"300\"><a href=\"https:\/\/www.facebook.com\/rewangeh\">Rewanka<\/a><\/td>\n<\/tr>\n<tr>\n<td width=\"300\"><a href=\"https:\/\/www.facebook.com\/kurd.varde\/\">The Danish Kurdish Society in Varde<\/a><\/td>\n<td width=\"300\"><a href=\"http:\/\/afrinpost.net\/en\/\">AFRINPOST <\/a><\/td>\n<\/tr>\n<tr>\n<td width=\"300\"><a href=\"https:\/\/www.facebook.com\/OxfordCommittee\/\">Kurdish Women Union<\/a><\/td>\n<td width=\"300\"><a href=\"https:\/\/www.facebook.com\/Afrin-media-center-1973304852988634\/\">Afrin media center <\/a><\/td>\n<\/tr>\n<tr>\n<td width=\"300\"><a href=\"http:\/\/www.hro-maf.org\/\">Kurdish Legal committee<\/a><\/td>\n<td width=\"300\"><a href=\"https:\/\/pel-cw.org\/\">P\u00caL- Civil Waves<\/a><\/td>\n<\/tr>\n<tr>\n<td width=\"300\"><a href=\"https:\/\/www.facebook.com\/P.SH.L.N\/\">PEACESHE-LEADER NETWORK<\/a><\/td>\n<td width=\"300\"><a href=\"http:\/\/www.hskurd.org\/\">Hayva Sor a kurd <\/a><\/td>\n<\/tr>\n<tr>\n<td width=\"300\"><a href=\"https:\/\/www.facebook.com\/Drazizfatime\/\">\u0645\u0646\u0638\u0645\u0629 \u0627\u0637\u0628\u0627\u0621 \u063a\u0631\u0628\u064a \u0643\u0648\u0631\u062f\u0633\u062a\u0627\u0646<\/a><\/td>\n<td width=\"300\"><a href=\"https:\/\/www.facebook.com\/\u0627\u0644\u0627\u062a\u062d\u0627\u062f-\u0627\u0644\u0646\u0633\u0627\u0626\u064a-\u0627\u0644\u0643\u0631\u062f\u064a-\u0641\u064a-\u0633\u0648\u0631\u064a\u0627-\u0631\u0648\u062f\u0648\u0632Hjks-1600621306826890\/\">Kurdish Women&#8217;s Union in Syria Rodoz<\/a><\/td>\n<\/tr>\n<tr>\n<td width=\"300\"><a href=\"http:\/\/www.oka.org.uk\/\">Oxford Kurdish Association (OKA)<\/a><\/td>\n<td width=\"300\"><a href=\"http:\/\/www.hro-maf.org\/\">Human Rights Organization in Syria- MAF<\/a><\/td>\n<\/tr>\n<tr>\n<td width=\"300\"><a href=\"https:\/\/www.facebook.com\/AfrinPlatform\/?modal=admin_todo_tour\">Afrin Platform<\/a><\/td>\n<td width=\"300\"><a href=\"https:\/\/www.facebook.com\/DAD.HUMAN\/\">Kurdish organization for human rights in Syria (DAD<\/a>)<\/td>\n<\/tr>\n<tr>\n<td width=\"300\"><a href=\"https:\/\/achrs.org\/english\/\">Amman Center for Human Rights Studies (ACHRS)<\/a><\/td>\n<td width=\"300\"><\/td>\n<\/tr>\n<\/tbody>\n<\/table>\n<p>&nbsp;<\/p>\n","protected":false},"excerpt":{"rendered":"<p>\u00ab45 organizaciones sirias e internacionales piden el fin del sufrimiento de los residentes de Afrin, el fin de las violaciones diarias de los derechos humanos y facilitar el retorno seguro de la poblaci\u00f3n desplazada por la fuerza. Tambi\u00e9n estamos pidiendo la formaci\u00f3n de un consejo civil compuesto por la poblaci\u00f3n local de Afrin \u00ab. El &hellip;<\/p>\n","protected":false},"author":1,"featured_media":41,"comment_status":"closed","ping_status":"closed","sticky":false,"template":"","format":"standard","meta":{"footnotes":""},"categories":[14,13,16,15,5],"tags":[],"class_list":["post-40","post","type-post","status-publish","format-standard","has-post-thumbnail","","category-afrin","category-llamar","category-naciones-unidas","category-rojava","category-siria"],"_links":{"self":[{"href":"https:\/\/zagros-centre.org\/es\/index.php?rest_route=\/wp\/v2\/posts\/40","targetHints":{"allow":["GET"]}}],"collection":[{"href":"https:\/\/zagros-centre.org\/es\/index.php?rest_route=\/wp\/v2\/posts"}],"about":[{"href":"https:\/\/zagros-centre.org\/es\/index.php?rest_route=\/wp\/v2\/types\/post"}],"author":[{"embeddable":true,"href":"https:\/\/zagros-centre.org\/es\/index.php?rest_route=\/wp\/v2\/users\/1"}],"replies":[{"embeddable":true,"href":"https:\/\/zagros-centre.org\/es\/index.php?rest_route=%2Fwp%2Fv2%2Fcomments&post=40"}],"version-history":[{"count":0,"href":"https:\/\/zagros-centre.org\/es\/index.php?rest_route=\/wp\/v2\/posts\/40\/revisions"}],"wp:featuredmedia":[{"embeddable":true,"href":"https:\/\/zagros-centre.org\/es\/index.php?rest_route=\/wp\/v2\/media\/41"}],"wp:attachment":[{"href":"https:\/\/zagros-centre.org\/es\/index.php?rest_route=%2Fwp%2Fv2%2Fmedia&parent=40"}],"wp:term":[{"taxonomy":"category","embeddable":true,"href":"https:\/\/zagros-centre.org\/es\/index.php?rest_route=%2Fwp%2Fv2%2Fcategories&post=40"},{"taxonomy":"post_tag","embeddable":true,"href":"https:\/\/zagros-centre.org\/es\/index.php?rest_route=%2Fwp%2Fv2%2Ftags&post=40"}],"curies":[{"name":"wp","href":"https:\/\/api.w.org\/{rel}","templated":true}]}}