{"id":431,"date":"2025-12-10T10:17:55","date_gmt":"2025-12-10T09:17:55","guid":{"rendered":"https:\/\/zagros-centre.org\/es\/?p=431"},"modified":"2025-12-11T03:21:22","modified_gmt":"2025-12-11T02:21:22","slug":"declaracion-del-centro-zagros-para-los-derechos-humanos-dia-internacional-de-los-derechos-humanos-10-de-diciembre-de-2025","status":"publish","type":"post","link":"https:\/\/zagros-centre.org\/es\/?p=431","title":{"rendered":"Declaraci\u00f3n del Centro Zagros para los Derechos Humanos D\u00eda Internacional de los Derechos Humanos \u2013 10 de diciembre de 2025"},"content":{"rendered":"<p style=\"text-align: justify;\" data-start=\"252\" data-end=\"695\">En este D\u00eda Internacional de los Derechos Humanos, subrayamos nuestro compromiso inquebrantable con la dignidad, la libertad y la igualdad de todas las personas. Desde la adopci\u00f3n de la Declaraci\u00f3n Universal de Derechos Humanos el 10 de diciembre de 1948, este texto fundamental ha permanecido como una referencia esencial que gu\u00eda los esfuerzos colectivos para proteger a cada individuo contra la injusticia, la discriminaci\u00f3n y la violencia.<\/p>\n<p style=\"text-align: justify;\" data-start=\"697\" data-end=\"1250\">En el Centro Zagros para los Derechos Humanos, continuamos nuestra misi\u00f3n en solidaridad con quienes defienden los derechos y las libertades fundamentales, a menudo en contextos marcados por la represi\u00f3n, los conflictos y las desigualdades estructurales. Nuestro trabajo incluye la promoci\u00f3n de la igualdad de g\u00e9nero, la protecci\u00f3n de los derechos de la infancia, la defensa de las Naciones minoritarias y de los pueblos ind\u00edgenas, as\u00ed como la oposici\u00f3n a la pena de muerte y a otras violaciones graves del derecho internacional de los derechos humanos.<\/p>\n<p style=\"text-align: justify;\" data-start=\"1252\" data-end=\"1640\">Este d\u00eda tambi\u00e9n nos recuerda la magnitud de los desaf\u00edos persistentes. En muchas regiones del mundo, los derechos humanos siguen siendo vulnerados: restricciones a las libertades civiles, criminalizaci\u00f3n de las voces disidentes, violencia dirigida contra minor\u00edas y ataques a la vida y a la integridad f\u00edsica. Estas realidades exigen una vigilancia constante y una movilizaci\u00f3n renovada.<\/p>\n<p style=\"text-align: justify;\" data-start=\"1642\" data-end=\"2060\">Hacemos un llamado a la comunidad internacional, a las organizaciones de la sociedad civil y a cada ciudadano comprometido para unir esfuerzos en la promoci\u00f3n de la justicia, el fortalecimiento de la protecci\u00f3n de las v\u00edctimas y la exigencia de una aplicaci\u00f3n efectiva de las normas internacionales. Los derechos humanos no son una aspiraci\u00f3n abstracta; constituyen la base de una sociedad justa, inclusiva y pac\u00edfica.<\/p>\n<p style=\"text-align: justify;\" data-start=\"2062\" data-end=\"2239\">En este 10 de diciembre, afirmamos nuestra determinaci\u00f3n de trabajar por un mundo en el que cada persona, sin excepci\u00f3n, pueda disfrutar plenamente de sus derechos inalienables.<\/p>\n<p style=\"text-align: justify;\" data-start=\"2241\" data-end=\"2284\">Centro Zagros para los Derechos Humanos<\/p>\n<p data-start=\"2241\" data-end=\"2284\"><img loading=\"lazy\" decoding=\"async\" class=\"alignnone size-large wp-image-432\" src=\"https:\/\/zagros-centre.org\/es\/wp-content\/uploads\/2025\/12\/490103473_28885889591055118_6539905589624220202_n-600x424.jpg\" alt=\"\" width=\"600\" height=\"424\" srcset=\"https:\/\/zagros-centre.org\/es\/wp-content\/uploads\/2025\/12\/490103473_28885889591055118_6539905589624220202_n-600x424.jpg 600w, https:\/\/zagros-centre.org\/es\/wp-content\/uploads\/2025\/12\/490103473_28885889591055118_6539905589624220202_n-300x212.jpg 300w, https:\/\/zagros-centre.org\/es\/wp-content\/uploads\/2025\/12\/490103473_28885889591055118_6539905589624220202_n-768x543.jpg 768w, https:\/\/zagros-centre.org\/es\/wp-content\/uploads\/2025\/12\/490103473_28885889591055118_6539905589624220202_n-1536x1086.jpg 1536w, https:\/\/zagros-centre.org\/es\/wp-content\/uploads\/2025\/12\/490103473_28885889591055118_6539905589624220202_n.jpg 2048w\" sizes=\"auto, (max-width: 600px) 100vw, 600px\" \/><\/p>\n<p style=\"text-align: justify;\" data-start=\"2241\" data-end=\"2284\">\n","protected":false},"excerpt":{"rendered":"<p>En este D\u00eda Internacional de los Derechos Humanos, subrayamos nuestro compromiso inquebrantable con la dignidad, la libertad y la igualdad de todas las personas. Desde la adopci\u00f3n de la Declaraci\u00f3n Universal de Derechos Humanos el 10 de diciembre de 1948, este texto fundamental ha permanecido como una referencia esencial que gu\u00eda los esfuerzos colectivos para &hellip;<\/p>\n","protected":false},"author":1,"featured_media":432,"comment_status":"closed","ping_status":"closed","sticky":false,"template":"","format":"standard","meta":{"footnotes":""},"categories":[40,41],"tags":[],"class_list":["post-431","post","type-post","status-publish","format-standard","has-post-thumbnail","","category-declaracion","category-derechos-humanos"],"_links":{"self":[{"href":"https:\/\/zagros-centre.org\/es\/index.php?rest_route=\/wp\/v2\/posts\/431","targetHints":{"allow":["GET"]}}],"collection":[{"href":"https:\/\/zagros-centre.org\/es\/index.php?rest_route=\/wp\/v2\/posts"}],"about":[{"href":"https:\/\/zagros-centre.org\/es\/index.php?rest_route=\/wp\/v2\/types\/post"}],"author":[{"embeddable":true,"href":"https:\/\/zagros-centre.org\/es\/index.php?rest_route=\/wp\/v2\/users\/1"}],"replies":[{"embeddable":true,"href":"https:\/\/zagros-centre.org\/es\/index.php?rest_route=%2Fwp%2Fv2%2Fcomments&post=431"}],"version-history":[{"count":2,"href":"https:\/\/zagros-centre.org\/es\/index.php?rest_route=\/wp\/v2\/posts\/431\/revisions"}],"predecessor-version":[{"id":434,"href":"https:\/\/zagros-centre.org\/es\/index.php?rest_route=\/wp\/v2\/posts\/431\/revisions\/434"}],"wp:featuredmedia":[{"embeddable":true,"href":"https:\/\/zagros-centre.org\/es\/index.php?rest_route=\/wp\/v2\/media\/432"}],"wp:attachment":[{"href":"https:\/\/zagros-centre.org\/es\/index.php?rest_route=%2Fwp%2Fv2%2Fmedia&parent=431"}],"wp:term":[{"taxonomy":"category","embeddable":true,"href":"https:\/\/zagros-centre.org\/es\/index.php?rest_route=%2Fwp%2Fv2%2Fcategories&post=431"},{"taxonomy":"post_tag","embeddable":true,"href":"https:\/\/zagros-centre.org\/es\/index.php?rest_route=%2Fwp%2Fv2%2Ftags&post=431"}],"curies":[{"name":"wp","href":"https:\/\/api.w.org\/{rel}","templated":true}]}}