{"id":436,"date":"2026-01-07T02:51:43","date_gmt":"2026-01-07T01:51:43","guid":{"rendered":"https:\/\/zagros-centre.org\/es\/?p=436"},"modified":"2026-01-07T02:51:43","modified_gmt":"2026-01-07T01:51:43","slug":"declaracion-2-iran-balance-humano-preocupante-y-urgencia-de-una-respuesta-internacional-basada-en-los-derechos-humanos","status":"publish","type":"post","link":"https:\/\/zagros-centre.org\/es\/?p=436","title":{"rendered":"Declaraci\u00f3n (2) Ir\u00e1n: balance humano preocupante y urgencia de una respuesta internacional basada en los derechos humanos"},"content":{"rendered":"<p style=\"text-align: justify;\" data-start=\"133\" data-end=\"155\">5 de enero de 2026<\/p>\n<p style=\"text-align: justify;\" data-start=\"157\" data-end=\"481\">Desde nuestra declaraci\u00f3n del 31 de diciembre de 2025, las manifestaciones y las huelgas han continuado y se han extendido a numerosas ciudades y provincias, mientras que la respuesta de las autoridades se ha caracterizado por un mayor uso de la fuerza, la militarizaci\u00f3n del espacio p\u00fablico y el aumento de las detenciones.<\/p>\n<p style=\"text-align: justify;\" data-start=\"483\" data-end=\"889\">Seg\u00fan la informaci\u00f3n corroborada a partir de diversas fuentes, 25 personas han sido confirmadas como fallecidas desde el inicio del movimiento. Adem\u00e1s, otras 9 muertes han sido reportadas pero no pueden, en esta etapa, confirmarse de manera independiente, lo que eleva el n\u00famero total de fallecimientos reportados a 34. Entre las personas fallecidas se encuentran j\u00f3venes y menores de edad.<\/p>\n<p style=\"text-align: justify;\" data-start=\"891\" data-end=\"1176\">Asimismo, al menos cincuenta personas han resultado heridas, algunas como consecuencia de disparos directos o del uso de armas de proyectiles, y varios cientos de personas han sido arrestadas, entre ellas estudiantes, trabajadores, manifestantes pac\u00edficos y activistas c\u00edvicos.<\/p>\n<p style=\"text-align: justify;\" data-start=\"1178\" data-end=\"1629\">En varias localidades, testimonios concordantes informan del uso de munici\u00f3n real, gases lacrim\u00f3genos disparados a corta distancia, golpes durante las detenciones y el traslado de personas arrestadas a lugares de detenci\u00f3n no oficiales. Las familias permanecen sin informaci\u00f3n sobre el paradero de sus familiares detenidos, lo que genera serias preocupaciones sobre el riesgo de detenci\u00f3n incomunicada, tortura, malos tratos y desapariciones forzadas.<\/p>\n<p style=\"text-align: justify;\" data-start=\"1631\" data-end=\"1998\">Estos elementos indican que la respuesta de seguridad aplicada no se limita al mantenimiento del orden p\u00fablico, sino que busca restringir el ejercicio de los derechos a la reuni\u00f3n pac\u00edfica, a la libertad de expresi\u00f3n y de asociaci\u00f3n, en particular mediante el hostigamiento reiterado de estudiantes, trabajadores, periodistas y defensores de los derechos humanos.<\/p>\n<p style=\"text-align: justify;\" data-start=\"2000\" data-end=\"2421\">Recordamos que el derecho a la vida, la prohibici\u00f3n absoluta de la tortura, la libertad de reuni\u00f3n pac\u00edfica y la libertad de expresi\u00f3n est\u00e1n protegidos por el derecho internacional y no admiten ninguna derogaci\u00f3n. El mantenimiento del orden p\u00fablico no puede, en ning\u00fan caso, justificar el uso letal o desproporcionado de la fuerza contra manifestantes pac\u00edficos, ni las detenciones arbitrarias seguidas de incomunicaci\u00f3n.<\/p>\n<p style=\"text-align: justify;\" data-start=\"2423\" data-end=\"2606\">Dado el alto n\u00famero documentado de muertes, heridos y personas detenidas, las respuestas internacionales limitadas a llamamientos generales a la contenci\u00f3n resultan insuficientes.<\/p>\n<p style=\"text-align: justify;\" data-start=\"2608\" data-end=\"2711\">Instamos a la comunidad internacional, en particular a las Naciones Unidas y a sus Estados miembros, a:<\/p>\n<ul style=\"text-align: justify;\" data-start=\"2713\" data-end=\"3518\">\n<li data-start=\"2713\" data-end=\"2915\">\n<p data-start=\"2715\" data-end=\"2915\">Reforzar de manera urgente los mecanismos internacionales independientes de investigaci\u00f3n y documentaci\u00f3n, a fin de incluir los acontecimientos recientes y garantizar la preservaci\u00f3n de las pruebas.<\/p>\n<\/li>\n<li data-start=\"2916\" data-end=\"3075\">\n<p data-start=\"2918\" data-end=\"3075\">Intensificar la presi\u00f3n diplom\u00e1tica mediante acciones coordinadas, p\u00fablicas e inequ\u00edvocas que condenen la represi\u00f3n violenta y las detenciones arbitrarias.<\/p>\n<\/li>\n<li data-start=\"3076\" data-end=\"3323\">\n<p data-start=\"3078\" data-end=\"3323\">Activar mecanismos de rendici\u00f3n de cuentas espec\u00edficos, conformes con el derecho internacional, contra las personas y entidades implicadas en violaciones graves, en particular aquellas que afectan al derecho a la vida y a la integridad f\u00edsica.<\/p>\n<\/li>\n<li data-start=\"3324\" data-end=\"3518\">\n<p data-start=\"3326\" data-end=\"3518\">Implementar medidas concretas de protecci\u00f3n para las personas expuestas a riesgos inmediatos, incluidos los defensores de los derechos humanos, los periodistas, los estudiantes y los testigos.<\/p>\n<\/li>\n<\/ul>\n<p style=\"text-align: justify;\" data-start=\"3520\" data-end=\"3730\">Las reivindicaciones expresadas a trav\u00e9s de estas movilizaciones reflejan una demanda persistente de justicia social, dignidad y participaci\u00f3n pol\u00edtica, sostenida por amplios y diversos sectores de la sociedad.<\/p>\n<p style=\"text-align: justify;\" data-start=\"3732\" data-end=\"4070\">La solidaridad internacional debe traducirse en acciones claras, coherentes y basadas en los derechos humanos. Proteger la vida, prevenir nuevas violaciones, lograr la liberaci\u00f3n de las personas detenidas arbitrariamente y combatir la impunidad son obligaciones derivadas de los compromisos internacionales en materia de derechos humanos.<\/p>\n<p style=\"text-align: justify;\" data-start=\"4072\" data-end=\"4115\" data-is-last-node=\"\" data-is-only-node=\"\">Centro Zagros para los Derechos Humanos<\/p>\n<p data-start=\"4072\" data-end=\"4115\" data-is-last-node=\"\" data-is-only-node=\"\">\n<p data-start=\"4072\" data-end=\"4115\" data-is-last-node=\"\" data-is-only-node=\"\"><img loading=\"lazy\" decoding=\"async\" class=\"alignnone size-large wp-image-437\" src=\"https:\/\/zagros-centre.org\/es\/wp-content\/uploads\/2026\/01\/Capture-decran-2026-01-05-144956-600x595.jpg\" alt=\"\" width=\"600\" height=\"595\" srcset=\"https:\/\/zagros-centre.org\/es\/wp-content\/uploads\/2026\/01\/Capture-decran-2026-01-05-144956-600x595.jpg 600w, https:\/\/zagros-centre.org\/es\/wp-content\/uploads\/2026\/01\/Capture-decran-2026-01-05-144956-300x298.jpg 300w, https:\/\/zagros-centre.org\/es\/wp-content\/uploads\/2026\/01\/Capture-decran-2026-01-05-144956-150x150.jpg 150w, https:\/\/zagros-centre.org\/es\/wp-content\/uploads\/2026\/01\/Capture-decran-2026-01-05-144956-768x762.jpg 768w, https:\/\/zagros-centre.org\/es\/wp-content\/uploads\/2026\/01\/Capture-decran-2026-01-05-144956.jpg 1395w\" sizes=\"auto, (max-width: 600px) 100vw, 600px\" \/><\/p>\n","protected":false},"excerpt":{"rendered":"<p>5 de enero de 2026 Desde nuestra declaraci\u00f3n del 31 de diciembre de 2025, las manifestaciones y las huelgas han continuado y se han extendido a numerosas ciudades y provincias, mientras que la respuesta de las autoridades se ha caracterizado por un mayor uso de la fuerza, la militarizaci\u00f3n del espacio p\u00fablico y el aumento &hellip;<\/p>\n","protected":false},"author":1,"featured_media":437,"comment_status":"closed","ping_status":"closed","sticky":false,"template":"","format":"standard","meta":{"footnotes":""},"categories":[40,41,3],"tags":[],"class_list":["post-436","post","type-post","status-publish","format-standard","has-post-thumbnail","","category-declaracion","category-derechos-humanos","category-iran"],"_links":{"self":[{"href":"https:\/\/zagros-centre.org\/es\/index.php?rest_route=\/wp\/v2\/posts\/436","targetHints":{"allow":["GET"]}}],"collection":[{"href":"https:\/\/zagros-centre.org\/es\/index.php?rest_route=\/wp\/v2\/posts"}],"about":[{"href":"https:\/\/zagros-centre.org\/es\/index.php?rest_route=\/wp\/v2\/types\/post"}],"author":[{"embeddable":true,"href":"https:\/\/zagros-centre.org\/es\/index.php?rest_route=\/wp\/v2\/users\/1"}],"replies":[{"embeddable":true,"href":"https:\/\/zagros-centre.org\/es\/index.php?rest_route=%2Fwp%2Fv2%2Fcomments&post=436"}],"version-history":[{"count":1,"href":"https:\/\/zagros-centre.org\/es\/index.php?rest_route=\/wp\/v2\/posts\/436\/revisions"}],"predecessor-version":[{"id":438,"href":"https:\/\/zagros-centre.org\/es\/index.php?rest_route=\/wp\/v2\/posts\/436\/revisions\/438"}],"wp:featuredmedia":[{"embeddable":true,"href":"https:\/\/zagros-centre.org\/es\/index.php?rest_route=\/wp\/v2\/media\/437"}],"wp:attachment":[{"href":"https:\/\/zagros-centre.org\/es\/index.php?rest_route=%2Fwp%2Fv2%2Fmedia&parent=436"}],"wp:term":[{"taxonomy":"category","embeddable":true,"href":"https:\/\/zagros-centre.org\/es\/index.php?rest_route=%2Fwp%2Fv2%2Fcategories&post=436"},{"taxonomy":"post_tag","embeddable":true,"href":"https:\/\/zagros-centre.org\/es\/index.php?rest_route=%2Fwp%2Fv2%2Ftags&post=436"}],"curies":[{"name":"wp","href":"https:\/\/api.w.org\/{rel}","templated":true}]}}