{"id":439,"date":"2026-01-07T11:58:15","date_gmt":"2026-01-07T10:58:15","guid":{"rendered":"https:\/\/zagros-centre.org\/es\/?p=439"},"modified":"2026-01-07T11:59:49","modified_gmt":"2026-01-07T10:59:49","slug":"llamamiento-urgente-proteccion-de-la-poblacion-civil-y-cese-inmediato-de-las-hostilidades-en-alepo-siria","status":"publish","type":"post","link":"https:\/\/zagros-centre.org\/es\/?p=439","title":{"rendered":"Llamamiento urgente \u2013 Protecci\u00f3n de la poblaci\u00f3n civil y cese inmediato de las hostilidades en Alepo (Siria)"},"content":{"rendered":"<p style=\"text-align: justify;\" data-start=\"0\" data-end=\"112\">7 de enero de 2026<\/p>\n<p style=\"text-align: justify;\" data-start=\"114\" data-end=\"428\">Los acontecimientos ocurridos los d\u00edas 6 y 7 de enero de 2026 en la ciudad de Alepo, en particular en los barrios de Sheikh Maqsoud y Ashrafieh, mayoritariamente poblados por kurdos, constituyen una grave emergencia humanitaria y requieren una respuesta inmediata de la comunidad internacional.<\/p>\n<p style=\"text-align: justify;\" data-start=\"430\" data-end=\"1087\">Seg\u00fan informaciones concordantes procedentes de fuentes locales, internacionales e independientes, los enfrentamientos armados entre las Fuerzas Democr\u00e1ticas Sirias y fuerzas afiliadas al gobierno sirio, apoyadas por grupos armados aliados, han provocado la muerte de civiles, entre ellos mujeres y ni\u00f1os, numerosos heridos y el desplazamiento forzado de poblaciones ya extremadamente vulnerables. Se han registrado bombardeos de artiller\u00eda, el uso de drones y ataques en zonas densamente pobladas, en clara violaci\u00f3n de los principios de distinci\u00f3n, proporcionalidad y precauci\u00f3n consagrados en el derecho internacional humanitario.<\/p>\n<p style=\"text-align: justify;\" data-start=\"1089\" data-end=\"1544\">Las infraestructuras civiles han sido directamente afectadas, incluidos establecimientos m\u00e9dicos, lo que agrava una situaci\u00f3n humanitaria ya cr\u00edtica debido a meses de restricciones de acceso, escasez de alimentos y suministros m\u00e9dicos, as\u00ed como cortes prolongados de electricidad y servicios esenciales. Miles de civiles se encuentran actualmente atrapados, sin rutas de salida seguras ni acceso garantizado a la ayuda humanitaria.<\/p>\n<p style=\"text-align: justify;\" data-start=\"1546\" data-end=\"1613\"><strong>Ante esta situaci\u00f3n alarmante, lanzamos un llamamiento urgente:<\/strong><\/p>\n<blockquote data-start=\"1615\" data-end=\"1765\">\n<p data-start=\"1616\" data-end=\"1765\"><strong>A todas las partes en el conflicto, incluidas las fuerzas gubernamentales sirias, los grupos armados afiliados y las Fuerzas Democr\u00e1ticas Sirias:<\/strong><\/p>\n<\/blockquote>\n<ul style=\"text-align: justify;\" data-start=\"1767\" data-end=\"2106\">\n<li data-start=\"1767\" data-end=\"1842\">\n<p data-start=\"1769\" data-end=\"1842\">Cesar inmediatamente todas las hostilidades en las zonas habitadas;<\/p>\n<\/li>\n<li data-start=\"1843\" data-end=\"1941\">\n<p data-start=\"1845\" data-end=\"1941\">Garantizar la protecci\u00f3n efectiva de la poblaci\u00f3n civil y de los bienes de car\u00e1cter civil;<\/p>\n<\/li>\n<li data-start=\"1942\" data-end=\"2106\">\n<p data-start=\"1944\" data-end=\"2106\">Abstenerse de todo ataque indiscriminado y respetar estrictamente el derecho internacional humanitario y el derecho internacional de los derechos humanos.<\/p>\n<\/li>\n<\/ul>\n<blockquote data-start=\"2108\" data-end=\"2152\">\n<p data-start=\"2109\" data-end=\"2152\"><strong>A las autoridades sirias de transici\u00f3n:<\/strong><\/p>\n<\/blockquote>\n<ul style=\"text-align: justify;\" data-start=\"2154\" data-end=\"2558\">\n<li data-start=\"2154\" data-end=\"2270\">\n<p data-start=\"2156\" data-end=\"2270\">Garantizar un control efectivo sobre todas las fuerzas bajo su autoridad o que operen con su consentimiento;<\/p>\n<\/li>\n<li data-start=\"2271\" data-end=\"2411\">\n<p data-start=\"2273\" data-end=\"2411\">Abrir sin demora corredores humanitarios seguros que permitan la evacuaci\u00f3n voluntaria de civiles y la entrega de ayuda humanitaria;<\/p>\n<\/li>\n<li data-start=\"2412\" data-end=\"2558\">\n<p data-start=\"2414\" data-end=\"2558\">Reanudar de buena fe un di\u00e1logo pol\u00edtico inclusivo con los representantes kurdos a fin de prevenir cualquier nueva escalada de la violencia.<\/p>\n<\/li>\n<\/ul>\n<blockquote data-start=\"2560\" data-end=\"2659\">\n<p data-start=\"2561\" data-end=\"2659\"><strong>A los actores internacionales influyentes, en particular Francia y los Estados Unidos:<\/strong><\/p>\n<\/blockquote>\n<ul style=\"text-align: justify;\" data-start=\"2661\" data-end=\"3043\">\n<li data-start=\"2661\" data-end=\"2753\">\n<p data-start=\"2663\" data-end=\"2753\">Utilizar su influencia pol\u00edtica y diplom\u00e1tica para exigir una desescalada inmediata;<\/p>\n<\/li>\n<li data-start=\"2754\" data-end=\"2878\">\n<p data-start=\"2756\" data-end=\"2878\">Apoyar activamente los esfuerzos de mediaci\u00f3n y toda iniciativa destinada a la protecci\u00f3n de la poblaci\u00f3n civil;<\/p>\n<\/li>\n<li data-start=\"2879\" data-end=\"3043\">\n<p data-start=\"2881\" data-end=\"3043\">Respaldar una soluci\u00f3n pol\u00edtica conforme al derecho internacional, basada en la inclusi\u00f3n, la protecci\u00f3n de las minor\u00edas y el respeto de los derechos humanos.<\/p>\n<\/li>\n<\/ul>\n<blockquote data-start=\"3045\" data-end=\"3124\">\n<p data-start=\"3046\" data-end=\"3124\"><strong>A las Naciones Unidas y a las organizaciones humanitarias internacionales:<\/strong><\/p>\n<\/blockquote>\n<ul style=\"text-align: justify;\" data-start=\"3126\" data-end=\"3391\">\n<li data-start=\"3126\" data-end=\"3212\">\n<p data-start=\"3128\" data-end=\"3212\">Intensificar el monitoreo independiente de las violaciones cometidas en Alepo;<\/p>\n<\/li>\n<li data-start=\"3213\" data-end=\"3285\">\n<p data-start=\"3215\" data-end=\"3285\">Exigir un acceso humanitario sin trabas a los barrios afectados;<\/p>\n<\/li>\n<li data-start=\"3286\" data-end=\"3391\">\n<p data-start=\"3288\" data-end=\"3391\">Considerar mecanismos de rendici\u00f3n de cuentas por las violaciones graves del derecho internacional.<\/p>\n<\/li>\n<\/ul>\n<p style=\"text-align: justify;\" data-start=\"3393\" data-end=\"3652\">La poblaci\u00f3n de Alepo, ya marcada por m\u00e1s de una d\u00e9cada de conflicto, no puede volver a ser reh\u00e9n de rivalidades pol\u00edticas y militares no resueltas. La protecci\u00f3n de la poblaci\u00f3n civil no es una opci\u00f3n pol\u00edtica; constituye una obligaci\u00f3n jur\u00eddica y moral.<\/p>\n<p style=\"text-align: justify;\" data-start=\"3654\" data-end=\"3971\">Hacemos un llamamiento a todos los actores pertinentes para que act\u00faen de manera inmediata con el fin de evitar una mayor escalada y una cat\u00e1strofe humanitaria de mayor alcance, y para que sit\u00faen la vida, la dignidad y los derechos de la poblaci\u00f3n civil en el centro de todas las acciones presentes y futuras.<\/p>\n<p style=\"text-align: justify;\" data-start=\"3973\" data-end=\"4016\" data-is-last-node=\"\" data-is-only-node=\"\">Centro Zagros para los Derechos Humanos<\/p>\n<div id='gallery-1' class='gallery galleryid-439 gallery-columns-3 gallery-size-large'><figure class='gallery-item'>\n\t\t\t<div class='gallery-icon landscape'>\n\t\t\t\t<a href='https:\/\/zagros-centre.org\/es\/?attachment_id=440'><img loading=\"lazy\" decoding=\"async\" width=\"600\" height=\"400\" src=\"https:\/\/zagros-centre.org\/es\/wp-content\/uploads\/2026\/01\/Cheikh-Maqsoud-et-Achrafieh3-600x400.jpg\" class=\"attachment-large size-large\" alt=\"\" srcset=\"https:\/\/zagros-centre.org\/es\/wp-content\/uploads\/2026\/01\/Cheikh-Maqsoud-et-Achrafieh3-600x400.jpg 600w, https:\/\/zagros-centre.org\/es\/wp-content\/uploads\/2026\/01\/Cheikh-Maqsoud-et-Achrafieh3-300x200.jpg 300w, https:\/\/zagros-centre.org\/es\/wp-content\/uploads\/2026\/01\/Cheikh-Maqsoud-et-Achrafieh3-768x512.jpg 768w, https:\/\/zagros-centre.org\/es\/wp-content\/uploads\/2026\/01\/Cheikh-Maqsoud-et-Achrafieh3.jpg 1198w\" sizes=\"auto, (max-width: 600px) 100vw, 600px\" \/><\/a>\n\t\t\t<\/div><\/figure><figure class='gallery-item'>\n\t\t\t<div class='gallery-icon landscape'>\n\t\t\t\t<a href='https:\/\/zagros-centre.org\/es\/?attachment_id=441'><img loading=\"lazy\" decoding=\"async\" width=\"600\" height=\"400\" src=\"https:\/\/zagros-centre.org\/es\/wp-content\/uploads\/2026\/01\/Cheikh-Maqsoud-et-Achrafieh2-600x400.jpg\" class=\"attachment-large size-large\" alt=\"\" srcset=\"https:\/\/zagros-centre.org\/es\/wp-content\/uploads\/2026\/01\/Cheikh-Maqsoud-et-Achrafieh2-600x400.jpg 600w, https:\/\/zagros-centre.org\/es\/wp-content\/uploads\/2026\/01\/Cheikh-Maqsoud-et-Achrafieh2-300x200.jpg 300w, https:\/\/zagros-centre.org\/es\/wp-content\/uploads\/2026\/01\/Cheikh-Maqsoud-et-Achrafieh2-768x512.jpg 768w, https:\/\/zagros-centre.org\/es\/wp-content\/uploads\/2026\/01\/Cheikh-Maqsoud-et-Achrafieh2.jpg 1198w\" sizes=\"auto, (max-width: 600px) 100vw, 600px\" \/><\/a>\n\t\t\t<\/div><\/figure><figure class='gallery-item'>\n\t\t\t<div class='gallery-icon landscape'>\n\t\t\t\t<a href='https:\/\/zagros-centre.org\/es\/?attachment_id=442'><img loading=\"lazy\" decoding=\"async\" width=\"600\" height=\"377\" src=\"https:\/\/zagros-centre.org\/es\/wp-content\/uploads\/2026\/01\/Cheikh-Maqsoud-et-Achrafieh-600x377.jpg\" class=\"attachment-large size-large\" alt=\"\" srcset=\"https:\/\/zagros-centre.org\/es\/wp-content\/uploads\/2026\/01\/Cheikh-Maqsoud-et-Achrafieh-600x377.jpg 600w, https:\/\/zagros-centre.org\/es\/wp-content\/uploads\/2026\/01\/Cheikh-Maqsoud-et-Achrafieh-300x189.jpg 300w, https:\/\/zagros-centre.org\/es\/wp-content\/uploads\/2026\/01\/Cheikh-Maqsoud-et-Achrafieh-768x483.jpg 768w, https:\/\/zagros-centre.org\/es\/wp-content\/uploads\/2026\/01\/Cheikh-Maqsoud-et-Achrafieh-1536x966.jpg 1536w, https:\/\/zagros-centre.org\/es\/wp-content\/uploads\/2026\/01\/Cheikh-Maqsoud-et-Achrafieh.jpg 1599w\" sizes=\"auto, (max-width: 600px) 100vw, 600px\" \/><\/a>\n\t\t\t<\/div><\/figure>\n\t\t<\/div>\n\n","protected":false},"excerpt":{"rendered":"<p>7 de enero de 2026 Los acontecimientos ocurridos los d\u00edas 6 y 7 de enero de 2026 en la ciudad de Alepo, en particular en los barrios de Sheikh Maqsoud y Ashrafieh, mayoritariamente poblados por kurdos, constituyen una grave emergencia humanitaria y requieren una respuesta inmediata de la comunidad internacional. Seg\u00fan informaciones concordantes procedentes de &hellip;<\/p>\n","protected":false},"author":1,"featured_media":442,"comment_status":"closed","ping_status":"closed","sticky":false,"template":"","format":"standard","meta":{"footnotes":""},"categories":[9,27,42,13,5],"tags":[],"class_list":["post-439","post","type-post","status-publish","format-standard","has-post-thumbnail","","category-comunicado","category-kurdo","category-llamamiento-urgente","category-llamar","category-siria"],"_links":{"self":[{"href":"https:\/\/zagros-centre.org\/es\/index.php?rest_route=\/wp\/v2\/posts\/439","targetHints":{"allow":["GET"]}}],"collection":[{"href":"https:\/\/zagros-centre.org\/es\/index.php?rest_route=\/wp\/v2\/posts"}],"about":[{"href":"https:\/\/zagros-centre.org\/es\/index.php?rest_route=\/wp\/v2\/types\/post"}],"author":[{"embeddable":true,"href":"https:\/\/zagros-centre.org\/es\/index.php?rest_route=\/wp\/v2\/users\/1"}],"replies":[{"embeddable":true,"href":"https:\/\/zagros-centre.org\/es\/index.php?rest_route=%2Fwp%2Fv2%2Fcomments&post=439"}],"version-history":[{"count":1,"href":"https:\/\/zagros-centre.org\/es\/index.php?rest_route=\/wp\/v2\/posts\/439\/revisions"}],"predecessor-version":[{"id":443,"href":"https:\/\/zagros-centre.org\/es\/index.php?rest_route=\/wp\/v2\/posts\/439\/revisions\/443"}],"wp:featuredmedia":[{"embeddable":true,"href":"https:\/\/zagros-centre.org\/es\/index.php?rest_route=\/wp\/v2\/media\/442"}],"wp:attachment":[{"href":"https:\/\/zagros-centre.org\/es\/index.php?rest_route=%2Fwp%2Fv2%2Fmedia&parent=439"}],"wp:term":[{"taxonomy":"category","embeddable":true,"href":"https:\/\/zagros-centre.org\/es\/index.php?rest_route=%2Fwp%2Fv2%2Fcategories&post=439"},{"taxonomy":"post_tag","embeddable":true,"href":"https:\/\/zagros-centre.org\/es\/index.php?rest_route=%2Fwp%2Fv2%2Ftags&post=439"}],"curies":[{"name":"wp","href":"https:\/\/api.w.org\/{rel}","templated":true}]}}