{"id":58,"date":"2021-01-27T11:25:33","date_gmt":"2021-01-27T10:25:33","guid":{"rendered":"https:\/\/zagros-centre.org\/es\/?p=58"},"modified":"2021-01-27T11:45:06","modified_gmt":"2021-01-27T10:45:06","slug":"llama-a-la-comunidad-internacional-para-que-ponga-fin-a-la-violencia-contra-el-pueblo-kurdo-en-iran","status":"publish","type":"post","link":"https:\/\/zagros-centre.org\/es\/?p=58","title":{"rendered":"llama a la comunidad internacional para que ponga fin a la violencia contra el pueblo kurdo en Ir\u00e1n!"},"content":{"rendered":"\n<p>Seg\u00fan fuentes locales del Kurdist\u00e1n iran\u00ed, en los \u00faltimos d\u00edas decenas de activistas de la sociedad civil, activistas medioambientales y estudiantes han sido detenidos en varias localidades del Kurdist\u00e1n por agencias de seguridad de la Rep\u00fablica Isl\u00e1mica de Ir\u00e1n.<\/p>\n\n\n\n<p>La escalada de arrestos coincide con el aumento de las p\u00e9rdidas causadas por la epidemia de COVID-19, la presi\u00f3n econ\u00f3mica y la militarizaci\u00f3n de Kurdist\u00e1n.<\/p>\n\n\n\n<p>Seg\u00fan la informaci\u00f3n obtenida, hasta el momento las familias de los detenidos no tienen informaci\u00f3n sobre el lugar de detenci\u00f3n de sus familiares y sobre los cargos en su contra, lo que genera preocupaci\u00f3n entre estas familias y otros activistas de la sociedad civil.<\/p>\n\n\n\n<p>Desde el inicio de la epidemia de COVID-19 y la participaci\u00f3n de la comunidad internacional en la lucha contra la epidemia, las presiones sobre los grupos nacionales y las minor\u00edas \u00e9tnicas en Ir\u00e1n han aumentado nuevamente.<\/p>\n\n\n\n<p>Solo en las \u00faltimas semanas ha habido una fuerte ola de presi\u00f3n, amenazas y arrestos de activistas \u00e1rabes, azer\u00edes, baluchis y kurdos, y se ha ejecutado a varios activistas pol\u00edticos.<\/p>\n\n\n\n<p>Junto con todas estas presiones, el idioma, la cultura y las afiliaciones nacionales kurdas han sido despreciados en varios programas de televisi\u00f3n transmitidos por la radio y la televisi\u00f3n oficiales iran\u00edes.<\/p>\n\n\n\n<p>\u00a1Estas violaciones de los derechos de los ciudadanos kurdos y otras minor\u00edas son preocupantes!<\/p>\n\n\n\n<p>Expresamos nuestra preocupaci\u00f3n por la violencia del gobierno iran\u00ed contra los activistas kurdos en Ir\u00e1n y pedimos que se ponga fin de inmediato a estos arrestos.<\/p>\n\n\n\n<p>Tambi\u00e9n pedimos a la comunidad internacional que adopte una posici\u00f3n seria contra la violaci\u00f3n de los derechos de los ciudadanos kurdos por parte del gobierno iran\u00ed.Centro Zagros de Derechos Humanos25 de enero de 2021<\/p>\n\n\n\n<p>Centro Zagros de Derechos Humanos<br>25 de enero de 2021<\/p>\n\n\n<p>lista de nombres de activistas kurdos arrestados:<\/p>\n<p><a href=\"https:\/\/zagros-centre.org\/es\/wp-content\/uploads\/2021\/01\/Listi_girawan_janvier2021.xlsx\">Haga clic aqu\u00ed para descargar el archivo Excel<\/a><\/p>\n<p><a href=\"https:\/\/zagros-centre.org\/es\/wp-content\/uploads\/2021\/01\/Listi_girawan_janvier2021.pdf\">o aqu\u00ed para el archivo pdf<\/a><\/p>\n\n\n<figure class=\"wp-block-image size-large\"><img loading=\"lazy\" decoding=\"async\" width=\"1024\" height=\"724\" src=\"https:\/\/zagros-centre.org\/es\/wp-content\/uploads\/2021\/01\/Listi_girawan_janvier2021_Page1-1-1024x724.jpg\" alt=\"\" class=\"wp-image-59\" srcset=\"https:\/\/zagros-centre.org\/es\/wp-content\/uploads\/2021\/01\/Listi_girawan_janvier2021_Page1-1-1024x724.jpg 1024w, https:\/\/zagros-centre.org\/es\/wp-content\/uploads\/2021\/01\/Listi_girawan_janvier2021_Page1-1-300x212.jpg 300w, https:\/\/zagros-centre.org\/es\/wp-content\/uploads\/2021\/01\/Listi_girawan_janvier2021_Page1-1-768x543.jpg 768w, https:\/\/zagros-centre.org\/es\/wp-content\/uploads\/2021\/01\/Listi_girawan_janvier2021_Page1-1-1536x1086.jpg 1536w, https:\/\/zagros-centre.org\/es\/wp-content\/uploads\/2021\/01\/Listi_girawan_janvier2021_Page1-1.jpg 1684w\" sizes=\"auto, (max-width: 1024px) 100vw, 1024px\" \/><\/figure>\n\n\n\n<figure class=\"wp-block-image size-large\"><img loading=\"lazy\" decoding=\"async\" width=\"1024\" height=\"724\" src=\"https:\/\/zagros-centre.org\/es\/wp-content\/uploads\/2021\/01\/Listi_girawan_janvier2021_Page2-1-1024x724.jpg\" alt=\"\" class=\"wp-image-60\" srcset=\"https:\/\/zagros-centre.org\/es\/wp-content\/uploads\/2021\/01\/Listi_girawan_janvier2021_Page2-1-1024x724.jpg 1024w, https:\/\/zagros-centre.org\/es\/wp-content\/uploads\/2021\/01\/Listi_girawan_janvier2021_Page2-1-300x212.jpg 300w, https:\/\/zagros-centre.org\/es\/wp-content\/uploads\/2021\/01\/Listi_girawan_janvier2021_Page2-1-768x543.jpg 768w, https:\/\/zagros-centre.org\/es\/wp-content\/uploads\/2021\/01\/Listi_girawan_janvier2021_Page2-1-1536x1086.jpg 1536w, https:\/\/zagros-centre.org\/es\/wp-content\/uploads\/2021\/01\/Listi_girawan_janvier2021_Page2-1.jpg 1684w\" sizes=\"auto, (max-width: 1024px) 100vw, 1024px\" \/><\/figure>\n","protected":false},"excerpt":{"rendered":"<p>Seg\u00fan fuentes locales del Kurdist\u00e1n iran\u00ed, en los \u00faltimos d\u00edas decenas de activistas de la sociedad civil, activistas medioambientales y estudiantes han sido detenidos en varias localidades del Kurdist\u00e1n por agencias de seguridad de la Rep\u00fablica Isl\u00e1mica de Ir\u00e1n. La escalada de arrestos coincide con el aumento de las p\u00e9rdidas causadas por la epidemia de &hellip;<\/p>\n","protected":false},"author":1,"featured_media":61,"comment_status":"closed","ping_status":"closed","sticky":false,"template":"","format":"standard","meta":{"footnotes":""},"categories":[2,3,17],"tags":[],"class_list":["post-58","post","type-post","status-publish","format-standard","has-post-thumbnail","","category-actualidad","category-iran","category-kurdistan"],"_links":{"self":[{"href":"https:\/\/zagros-centre.org\/es\/index.php?rest_route=\/wp\/v2\/posts\/58","targetHints":{"allow":["GET"]}}],"collection":[{"href":"https:\/\/zagros-centre.org\/es\/index.php?rest_route=\/wp\/v2\/posts"}],"about":[{"href":"https:\/\/zagros-centre.org\/es\/index.php?rest_route=\/wp\/v2\/types\/post"}],"author":[{"embeddable":true,"href":"https:\/\/zagros-centre.org\/es\/index.php?rest_route=\/wp\/v2\/users\/1"}],"replies":[{"embeddable":true,"href":"https:\/\/zagros-centre.org\/es\/index.php?rest_route=%2Fwp%2Fv2%2Fcomments&post=58"}],"version-history":[{"count":0,"href":"https:\/\/zagros-centre.org\/es\/index.php?rest_route=\/wp\/v2\/posts\/58\/revisions"}],"wp:featuredmedia":[{"embeddable":true,"href":"https:\/\/zagros-centre.org\/es\/index.php?rest_route=\/wp\/v2\/media\/61"}],"wp:attachment":[{"href":"https:\/\/zagros-centre.org\/es\/index.php?rest_route=%2Fwp%2Fv2%2Fmedia&parent=58"}],"wp:term":[{"taxonomy":"category","embeddable":true,"href":"https:\/\/zagros-centre.org\/es\/index.php?rest_route=%2Fwp%2Fv2%2Fcategories&post=58"},{"taxonomy":"post_tag","embeddable":true,"href":"https:\/\/zagros-centre.org\/es\/index.php?rest_route=%2Fwp%2Fv2%2Ftags&post=58"}],"curies":[{"name":"wp","href":"https:\/\/api.w.org\/{rel}","templated":true}]}}