{"id":1037,"date":"2019-10-11T00:00:21","date_gmt":"2019-10-10T22:00:21","guid":{"rendered":"https:\/\/zagros-centre.org\/?p=1037"},"modified":"2019-11-29T00:23:40","modified_gmt":"2019-11-28T23:23:40","slug":"lettre-ouverte-au-secretaire-general-de-lonu-au-haut-commissaire-des-nations-unies-pour-les-refugies-et-au-haut-commissaire-des-nations-unies-aux-droits-de-lhomme-concernant-la-situation-a-rojava","status":"publish","type":"post","link":"https:\/\/zagros-centre.org\/?p=1037","title":{"rendered":"Lettre ouverte au Secr\u00e9taire g\u00e9n\u00e9ral de l&rsquo;ONU, au Haut Commissaire des Nations Unies pour les r\u00e9fugi\u00e9s et au Haut Commissaire des Nations Unies aux droits de l&rsquo;homme concernant la situation \u00e0 Rojava (Syrie)"},"content":{"rendered":"<div class=\"\" data-block=\"true\" data-editor=\"5m4rl\" data-offset-key=\"eu80m-0-0\">\n<p><img loading=\"lazy\" decoding=\"async\" class=\"size-full wp-image-1039 aligncenter\" src=\"https:\/\/zagros-centre.org\/wp-content\/uploads\/2019\/10\/Rojava-1.jpg\" alt=\"\" width=\"640\" height=\"360\" srcset=\"https:\/\/zagros-centre.org\/wp-content\/uploads\/2019\/10\/Rojava-1.jpg 640w, https:\/\/zagros-centre.org\/wp-content\/uploads\/2019\/10\/Rojava-1-300x169.jpg 300w\" sizes=\"auto, (max-width: 640px) 100vw, 640px\" \/><\/p>\n<div data-offset-key=\"eu80m-0-0\"><\/div>\n<\/div>\n<div class=\"\" data-block=\"true\" data-editor=\"5m4rl\" data-offset-key=\"9haet-0-0\">\n<div class=\"_1mf _1mj\" data-offset-key=\"9haet-0-0\"><\/div>\n<\/div>\n<div class=\"\" data-block=\"true\" data-editor=\"5m4rl\" data-offset-key=\"99btv-0-0\">\n<div class=\"\" data-block=\"true\" data-editor=\"5m4rl\" data-offset-key=\"eu80m-0-0\">\n<div class=\"_1mf _1mj\" data-offset-key=\"eu80m-0-0\"><span data-offset-key=\"eu80m-0-0\">Dans une lettre ouverte au secr\u00e9taire g\u00e9n\u00e9ral des Nations unies, au haut-commissaire des Nations Unies pour les r\u00e9fugi\u00e9s et au haut-commissaire aux droits de l&rsquo;homme des Nations Unies, plusieurs personnalit\u00e9s et organisations internationales ont exprim\u00e9 leur inqui\u00e9tude face \u00e0 la situation \u00e0 Rojava (Syrie) et aux cons\u00e9quences de l&rsquo;invasion de la r\u00e9gion par la Turquie.<\/span><\/div>\n<\/div>\n<div class=\"\" data-block=\"true\" data-editor=\"5m4rl\" data-offset-key=\"395df-0-0\">\n<div class=\"_1mf _1mj\" data-offset-key=\"395df-0-0\"><\/div>\n<\/div>\n<div class=\"\" data-block=\"true\" data-editor=\"5m4rl\" data-offset-key=\"56bek-0-0\">\n<div class=\"_1mf _1mj\" data-offset-key=\"56bek-0-0\"><span data-offset-key=\"56bek-0-0\">la lettre ouverte:<\/span><\/div>\n<\/div>\n<div class=\"\" data-block=\"true\" data-editor=\"5m4rl\" data-offset-key=\"b4sip-0-0\">\n<div class=\"_1mf _1mj\" data-offset-key=\"b4sip-0-0\"><\/div>\n<\/div>\n<div class=\"\" data-block=\"true\" data-editor=\"5m4rl\" data-offset-key=\"dkpmc-0-0\">\n<div class=\"_1mf _1mj\" data-offset-key=\"dkpmc-0-0\"><span data-offset-key=\"dkpmc-0-0\">Excellences<\/span><\/div>\n<\/div>\n<div class=\"\" data-block=\"true\" data-editor=\"5m4rl\" data-offset-key=\"1bkh0-0-0\">\n<div class=\"_1mf _1mj\" data-offset-key=\"1bkh0-0-0\"><\/div>\n<\/div>\n<div class=\"\" data-block=\"true\" data-editor=\"5m4rl\" data-offset-key=\"44g5b-0-0\">\n<div class=\"_1mf _1mj\" data-offset-key=\"44g5b-0-0\"><span data-offset-key=\"44g5b-0-0\">Les r\u00e9centes d\u00e9clarations du pr\u00e9sident de la Turquie et des \u00c9tats-Unis sur une agression militaire imminente dans le nord-est de la Syrie sont extr\u00eamement alarmantes.<\/span><\/div>\n<\/div>\n<div class=\"\" data-block=\"true\" data-editor=\"5m4rl\" data-offset-key=\"6f4gq-0-0\">\n<div class=\"_1mf _1mj\" data-offset-key=\"6f4gq-0-0\"><span data-offset-key=\"6f4gq-0-0\">Une telle action non seulement enfreindra le droit international et sera ill\u00e9gale, mais l\u2019aspect le plus inqui\u00e9tant est qu\u2019elle entra\u00eenera certainement davantage de crimes de guerre et de crimes contre l\u2019humanit\u00e9.<\/span><\/div>\n<\/div>\n<div class=\"\" data-block=\"true\" data-editor=\"5m4rl\" data-offset-key=\"2bcqo-0-0\">\n<div class=\"_1mf _1mj\" data-offset-key=\"2bcqo-0-0\"><span data-offset-key=\"2bcqo-0-0\">Compte tenu de l\u2019attitude r\u00e9pressive constante du pr\u00e9sident Erdogan \u00e0 l\u2019\u00e9gard du peuple kurde, il est \u00e0 craindre qu\u2019un nettoyage ethnique ne soit en pr\u00e9paration \u00e0 la fronti\u00e8re turco-syrienne. Mais cette fois, personne ne sera en mesure de dire \u00abje ne savais pas\u00bb.<\/span><\/div>\n<\/div>\n<div class=\"\" data-block=\"true\" data-editor=\"5m4rl\" data-offset-key=\"b8gin-0-0\">\n<div class=\"_1mf _1mj\" data-offset-key=\"b8gin-0-0\"><span data-offset-key=\"b8gin-0-0\">Compte tenu de la complicit\u00e9 pass\u00e9e de l&rsquo;\u00c9tat turc avec le soi-disant \u00c9tat islamique (ISIS), on ne peut ignorer que les 70 000 prisonniers d\u00e9tenus par les Forces d\u00e9mocratiques syriennes (SDF) seront en mesure de recouvrer leur libert\u00e9 et de reprendre leurs activit\u00e9s terroristes dans la r\u00e9gion (par le g\u00e9nocide, le f\u00e9minicide et l&rsquo;ethnocide, non seulement des Kurdes, mais \u00e9galement du peuple syro-assyrien et d&rsquo;autres groupes ethniques et religieux indig\u00e8nes de la r\u00e9gion) et ailleurs dans le monde.<\/span><\/div>\n<\/div>\n<div class=\"\" data-block=\"true\" data-editor=\"5m4rl\" data-offset-key=\"ck5sc-0-0\">\n<div class=\"_1mf _1mj\" data-offset-key=\"ck5sc-0-0\"><span data-offset-key=\"ck5sc-0-0\">L&rsquo;incapacit\u00e9 de la communaut\u00e9 internationale \u00e0 emp\u00eacher une telle action militaire soul\u00e8ve la question de sa complicit\u00e9 dans les crimes qui seront commis.<\/span><\/div>\n<\/div>\n<div class=\"\" data-block=\"true\" data-editor=\"5m4rl\" data-offset-key=\"7dgfq-0-0\">\n<div class=\"_1mf _1mj\" data-offset-key=\"7dgfq-0-0\"><span data-offset-key=\"7dgfq-0-0\">La responsabilit\u00e9 des institutions que vous dirigez est primordiale \u00e0 la fois pour la population kurde du Rojava, qui a sacrifi\u00e9 plus de 10 000 vies dans la lutte contre le terrorisme mondial, et pour les milliers de r\u00e9fugi\u00e9s de la r\u00e9gion cibl\u00e9s par le pr\u00e9sident Erdogan.<\/span><\/div>\n<\/div>\n<div class=\"\" data-block=\"true\" data-editor=\"5m4rl\" data-offset-key=\"97h3m-0-0\">\n<div class=\"_1mf _1mj\" data-offset-key=\"97h3m-0-0\"><span data-offset-key=\"97h3m-0-0\">Les organisations et personnalit\u00e9s soussign\u00e9es vous appellent, Excellences, \u00e0 prendre position publiquement pour demander au pr\u00e9sident Erdogan de renoncer \u00e0 toute action militaire dans la r\u00e9gion de Rojava qui conduirait \u00e0 un approfondissement de la crise humanitaire actuelle et \u00e0 la reprise des activit\u00e9s de l&rsquo;Etat islamique.<\/span><\/div>\n<\/div>\n<div class=\"\" data-block=\"true\" data-editor=\"5m4rl\" data-offset-key=\"bk8qa-0-0\">\n<div class=\"_1mf _1mj\" data-offset-key=\"bk8qa-0-0\"><\/div>\n<\/div>\n<div class=\"\" data-block=\"true\" data-editor=\"5m4rl\" data-offset-key=\"5t3p4-0-0\">\n<div class=\"_1mf _1mj\" data-offset-key=\"5t3p4-0-0\"><span data-offset-key=\"5t3p4-0-0\">9 octobre 2019<\/span><\/div>\n<\/div>\n<div class=\"\" data-block=\"true\" data-editor=\"5m4rl\" data-offset-key=\"310g0-0-0\">\n<div class=\"_1mf _1mj\" data-offset-key=\"310g0-0-0\"><span data-offset-key=\"310g0-0-0\">\u00a0<\/span><\/div>\n<\/div>\n<div class=\"\" data-block=\"true\" data-editor=\"5m4rl\" data-offset-key=\"a3o08-0-0\">\n<div class=\"_1mf _1mj\" data-offset-key=\"a3o08-0-0\"><span data-offset-key=\"a3o08-0-0\">\u00a0<\/span><\/div>\n<\/div>\n<div class=\"\" data-block=\"true\" data-editor=\"5m4rl\" data-offset-key=\"6l0jv-0-0\">\n<div class=\"_1mf _1mj\" data-offset-key=\"6l0jv-0-0\"><span data-offset-key=\"6l0jv-0-0\">\u2013 Mr. SOMMARUGA Carlo, Member of the Swiss Parliament<\/span><\/div>\n<\/div>\n<div class=\"\" data-block=\"true\" data-editor=\"5m4rl\" data-offset-key=\"d2vn4-0-0\">\n<div class=\"_1mf _1mj\" data-offset-key=\"d2vn4-0-0\"><span data-offset-key=\"d2vn4-0-0\">\u2013 Mr. CHETERIAN Vicken, author and lecturer at Geneva University \u2013 Switzerland<\/span><\/div>\n<\/div>\n<div class=\"\" data-block=\"true\" data-editor=\"5m4rl\" data-offset-key=\"2lh0d-0-0\">\n<div class=\"_1mf _1mj\" data-offset-key=\"2lh0d-0-0\"><span data-offset-key=\"2lh0d-0-0\">\u2013 Mr. DE ZAYAS Alfred, Former UN Independent Expert on the promotion of a democratic and equitable international order<\/span><\/div>\n<\/div>\n<div class=\"\" data-block=\"true\" data-editor=\"5m4rl\" data-offset-key=\"dqqpg-0-0\">\n<div class=\"_1mf _1mj\" data-offset-key=\"dqqpg-0-0\"><span data-offset-key=\"dqqpg-0-0\">\u2013 Ms. FEHLMANN-RIELLE Laurence, Member of the Swiss Parliament<\/span><\/div>\n<\/div>\n<div class=\"\" data-block=\"true\" data-editor=\"5m4rl\" data-offset-key=\"f8ffc-0-0\">\n<div class=\"_1mf _1mj\" data-offset-key=\"f8ffc-0-0\"><span data-offset-key=\"f8ffc-0-0\">\u2013 Mr. GALAND Pierre, Belgian senator \u2013 President of the Belgian Association for the UN <\/span><\/div>\n<\/div>\n<div class=\"\" data-block=\"true\" data-editor=\"5m4rl\" data-offset-key=\"4bmpn-0-0\">\n<div class=\"_1mf _1mj\" data-offset-key=\"4bmpn-0-0\"><span data-offset-key=\"4bmpn-0-0\">\u2013 Ms. KIENER NELLEN Margret, Member of the Swiss Parliament<\/span><\/div>\n<\/div>\n<div class=\"\" data-block=\"true\" data-editor=\"5m4rl\" data-offset-key=\"57b6c-0-0\">\n<div class=\"_1mf _1mj\" data-offset-key=\"57b6c-0-0\"><span data-offset-key=\"57b6c-0-0\">\u2013 Ms. PORTIOLI Eugenia, Geneva University \u2013 Switzerland<\/span><\/div>\n<\/div>\n<div class=\"\" data-block=\"true\" data-editor=\"5m4rl\" data-offset-key=\"7uuqf-0-0\">\n<div class=\"_1mf _1mj\" data-offset-key=\"7uuqf-0-0\"><span data-offset-key=\"7uuqf-0-0\">\u2013 MS. RAMOS Vanessa, Presidenta de Asociaci\u00f3n Americana de Juristas<\/span><\/div>\n<\/div>\n<div class=\"\" data-block=\"true\" data-editor=\"5m4rl\" data-offset-key=\"14s68-0-0\">\n<div class=\"_1mf _1mj\" data-offset-key=\"14s68-0-0\"><span data-offset-key=\"14s68-0-0\">\u2014\u2014\u2014\u2014\u2014\u2013<\/span><\/div>\n<\/div>\n<div class=\"\" data-block=\"true\" data-editor=\"5m4rl\" data-offset-key=\"1tr0q-0-0\">\n<div class=\"_1mf _1mj\" data-offset-key=\"1tr0q-0-0\"><span data-offset-key=\"1tr0q-0-0\">\u2013 Alliance for Minority Rights<\/span><\/div>\n<\/div>\n<div class=\"\" data-block=\"true\" data-editor=\"5m4rl\" data-offset-key=\"d5rel-0-0\">\n<div class=\"_1mf _1mj\" data-offset-key=\"d5rel-0-0\"><span data-offset-key=\"d5rel-0-0\">\u2013 Asociaci\u00f3n Americana de Juristas (AAJ)<\/span><\/div>\n<\/div>\n<div class=\"\" data-block=\"true\" data-editor=\"5m4rl\" data-offset-key=\"alrf2-0-0\">\n<div class=\"_1mf _1mj\" data-offset-key=\"alrf2-0-0\"><span data-offset-key=\"alrf2-0-0\">\u2013 Association des juristes progressistes \u2013 Geneva (Switzerland)<\/span><\/div>\n<\/div>\n<div class=\"\" data-block=\"true\" data-editor=\"5m4rl\" data-offset-key=\"eu0vb-0-0\">\n<div class=\"_1mf _1mj\" data-offset-key=\"eu0vb-0-0\"><span data-offset-key=\"eu0vb-0-0\">\u2013 Centre Zagros pour les Droits de l\u2019Homme \u2013 Geneva (Switzerland)<\/span><\/div>\n<\/div>\n<div class=\"\" data-block=\"true\" data-editor=\"5m4rl\" data-offset-key=\"6kg7m-0-0\">\n<div class=\"_1mf _1mj\" data-offset-key=\"6kg7m-0-0\"><span data-offset-key=\"6kg7m-0-0\">\u2013 Euskal Herria Bildu (Basque political coalition)<\/span><\/div>\n<\/div>\n<div class=\"\" data-block=\"true\" data-editor=\"5m4rl\" data-offset-key=\"cnmge-0-0\">\n<div class=\"_1mf _1mj\" data-offset-key=\"cnmge-0-0\"><span data-offset-key=\"cnmge-0-0\">\u2013 Fondation Franz Fanon \u2013 Paris (France)<\/span><\/div>\n<\/div>\n<div class=\"\" data-block=\"true\" data-editor=\"5m4rl\" data-offset-key=\"fp7ta-0-0\">\n<div class=\"_1mf _1mj\" data-offset-key=\"fp7ta-0-0\"><span data-offset-key=\"fp7ta-0-0\">\u2013 France-Libert\u00e9s \u2013 Fondation Danielle Mitterrand<\/span><\/div>\n<\/div>\n<div class=\"\" data-block=\"true\" data-editor=\"5m4rl\" data-offset-key=\"f3npn-0-0\">\n<div class=\"_1mf _1mj\" data-offset-key=\"f3npn-0-0\"><span data-offset-key=\"f3npn-0-0\">\u2013 Fundaci\u00f3n Latinoamericana por los Derechos Humanos y el Desarrollo Social Housing and Land Rights Network \u2013 Habitat \u2013 International Coalition<\/span><\/div>\n<\/div>\n<div class=\"\" data-block=\"true\" data-editor=\"5m4rl\" data-offset-key=\"9haet-0-0\">\n<div class=\"_1mf _1mj\" data-offset-key=\"9haet-0-0\"><span data-offset-key=\"9haet-0-0\">\u2013 Indian Movement \u201cTupaj Amaru\u201d<\/span><\/div>\n<\/div>\n<div class=\"\" data-block=\"true\" data-editor=\"5m4rl\" data-offset-key=\"8jlb5-0-0\">\n<div class=\"_1mf _1mj\" data-offset-key=\"8jlb5-0-0\"><span data-offset-key=\"8jlb5-0-0\">\u2013 International Association of Democratic Lawyers<\/span><\/div>\n<\/div>\n<div class=\"\" data-block=\"true\" data-editor=\"5m4rl\" data-offset-key=\"1ofls-0-0\">\n<div class=\"_1mf _1mj\" data-offset-key=\"1ofls-0-0\"><span data-offset-key=\"1ofls-0-0\">\u2013 International Educational Development, Inc.<\/span><\/div>\n<\/div>\n<div class=\"\" data-block=\"true\" data-editor=\"5m4rl\" data-offset-key=\"2m1rp-0-0\">\n<div class=\"_1mf _1mj\" data-offset-key=\"2m1rp-0-0\"><span data-offset-key=\"2m1rp-0-0\">\u2013 International Society for Human Rights<\/span><\/div>\n<\/div>\n<div class=\"\" data-block=\"true\" data-editor=\"5m4rl\" data-offset-key=\"ekg5b-0-0\">\n<div class=\"_1mf _1mj\" data-offset-key=\"ekg5b-0-0\"><span data-offset-key=\"ekg5b-0-0\">\u2013 Italian Association of Democratic Lawyers<\/span><\/div>\n<\/div>\n<div class=\"\" data-block=\"true\" data-editor=\"5m4rl\" data-offset-key=\"1cc3f-0-0\">\n<div class=\"_1mf _1mj\" data-offset-key=\"1cc3f-0-0\"><span data-offset-key=\"1cc3f-0-0\">\u2013 Kurdish- Swiss Alliance<\/span><\/div>\n<\/div>\n<div class=\"\" data-block=\"true\" data-editor=\"5m4rl\" data-offset-key=\"7ctcl-0-0\">\n<div class=\"_1mf _1mj\" data-offset-key=\"7ctcl-0-0\"><span data-offset-key=\"7ctcl-0-0\">\u2013 Mouvement contre le racisme et pour l\u2019amiti\u00e9 entre les peuples (MRAP)<\/span><\/div>\n<\/div>\n<div class=\"\" data-block=\"true\" data-editor=\"5m4rl\" data-offset-key=\"adlhb-0-0\">\n<div class=\"_1mf _1mj\" data-offset-key=\"adlhb-0-0\"><span data-offset-key=\"adlhb-0-0\">\u2013 Maat for Peace, Development and Human Rights Association<\/span><\/div>\n<\/div>\n<div class=\"\" data-block=\"true\" data-editor=\"5m4rl\" data-offset-key=\"2o6n5-0-0\">\n<div class=\"_1mf _1mj\" data-offset-key=\"2o6n5-0-0\"><span data-offset-key=\"2o6n5-0-0\">\u2013 Projet d\u00e9mocratique du Kurdistan iranien<\/span><\/div>\n<\/div>\n<div class=\"\" data-block=\"true\" data-editor=\"5m4rl\" data-offset-key=\"76nq3-0-0\">\n<div class=\"_1mf _1mj\" data-offset-key=\"76nq3-0-0\"><span data-offset-key=\"76nq3-0-0\">\u2013 Spanish Society for International Human Rights Law<\/span><\/div>\n<\/div>\n<div class=\"\" data-block=\"true\" data-editor=\"5m4rl\" data-offset-key=\"cn4pn-0-0\">\n<div class=\"_1mf _1mj\" data-offset-key=\"cn4pn-0-0\"><span data-offset-key=\"cn4pn-0-0\">\u2013 Socialdemocratic Party of Switzerland<\/span><\/div>\n<\/div>\n<div class=\"\" data-block=\"true\" data-editor=\"5m4rl\" data-offset-key=\"7jiir-0-0\">\n<div class=\"_1mf _1mj\" data-offset-key=\"7jiir-0-0\"><span data-offset-key=\"7jiir-0-0\">\u2013 Solidarit\u00e9 Internationale pour la Paix<\/span><\/div>\n<\/div>\n<div class=\"\" data-block=\"true\" data-editor=\"5m4rl\" data-offset-key=\"2easl-0-0\">\n<div class=\"_1mf _1mj\" data-offset-key=\"2easl-0-0\"><span data-offset-key=\"2easl-0-0\">\u2013 Solidarit\u00e9S Gen\u00e8ve (political party)<\/span><\/div>\n<\/div>\n<div class=\"\" data-block=\"true\" data-editor=\"5m4rl\" data-offset-key=\"2fhk-0-0\">\n<div class=\"_1mf _1mj\" data-offset-key=\"2fhk-0-0\"><span data-offset-key=\"2fhk-0-0\">\u2013 Sortu (Basque political party)<\/span><\/div>\n<\/div>\n<div class=\"\" data-block=\"true\" data-editor=\"5m4rl\" data-offset-key=\"3ar96-0-0\">\n<div class=\"_1mf _1mj\" data-offset-key=\"3ar96-0-0\"><span data-offset-key=\"3ar96-0-0\">\u2013 Stichting Ezidis (Ezidis Foundation)<\/span><\/div>\n<\/div>\n<div class=\"\" data-block=\"true\" data-editor=\"5m4rl\" data-offset-key=\"52rm2-0-0\">\n<div class=\"_1mf _1mj\" data-offset-key=\"52rm2-0-0\"><\/div>\n<\/div>\n<div class=\"\" data-block=\"true\" data-editor=\"5m4rl\" data-offset-key=\"7877e-0-0\">\n<div class=\"_1mf _1mj\" data-offset-key=\"7877e-0-0\"><\/div>\n<\/div>\n<div class=\"\" data-block=\"true\" data-editor=\"5m4rl\" data-offset-key=\"73mfu-0-0\">\n<div class=\"_1mf _1mj\" data-offset-key=\"73mfu-0-0\"><span data-offset-key=\"73mfu-0-0\">\u2014\u2014\u2014\u2014\u2014\u2014\u2014\u2014\u2014\u2014\u2014\u2014\u2014\u2014\u2014-<\/span><\/div>\n<\/div>\n<div class=\"\" data-block=\"true\" data-editor=\"5m4rl\" data-offset-key=\"b1tuh-0-0\">\n<div class=\"_1mf _1mj\" data-offset-key=\"b1tuh-0-0\"><span data-offset-key=\"b1tuh-0-0\">image source :<\/span><\/div>\n<\/div>\n<div class=\"\" data-block=\"true\" data-editor=\"5m4rl\" data-offset-key=\"cmdm4-0-0\">\n<div class=\"_1mf _1mj\" data-offset-key=\"cmdm4-0-0\"><span data-offset-key=\"cmdm4-0-0\">https:\/\/www.sudouest.fr\/2019\/10\/10\/innaceptable-agression-attaques-aveugles-volee-de-critiques-apres-l-offensive-turque-en-syrie-6680125-4803.php<\/span><\/div>\n<\/div>\n<\/div>\n","protected":false},"excerpt":{"rendered":"<p>Dans une lettre ouverte au secr\u00e9taire g\u00e9n\u00e9ral des Nations unies, au haut-commissaire des Nations Unies pour les r\u00e9fugi\u00e9s et au haut-commissaire aux droits de l&rsquo;homme des Nations Unies, plusieurs personnalit\u00e9s et organisations internationales ont exprim\u00e9 leur inqui\u00e9tude face \u00e0 la situation \u00e0 Rojava (Syrie) et aux cons\u00e9quences de l&rsquo;invasion de la r\u00e9gion par la Turquie. &hellip;<\/p>\n","protected":false},"author":2,"featured_media":1038,"comment_status":"closed","ping_status":"closed","sticky":false,"template":"","format":"standard","meta":{"footnotes":""},"categories":[1,19,18,16,5,4,39,8,9],"tags":[],"class_list":["post-1037","post","type-post","status-publish","format-standard","has-post-thumbnail","","category-actualites","category-appel-urgent","category-communique-de-presse","category-conseil-des-droits-de-lhomme","category-declaration","category-declaration-ecrite","category-kurdistan","category-syrie","category-turquie"],"_links":{"self":[{"href":"https:\/\/zagros-centre.org\/index.php?rest_route=\/wp\/v2\/posts\/1037","targetHints":{"allow":["GET"]}}],"collection":[{"href":"https:\/\/zagros-centre.org\/index.php?rest_route=\/wp\/v2\/posts"}],"about":[{"href":"https:\/\/zagros-centre.org\/index.php?rest_route=\/wp\/v2\/types\/post"}],"author":[{"embeddable":true,"href":"https:\/\/zagros-centre.org\/index.php?rest_route=\/wp\/v2\/users\/2"}],"replies":[{"embeddable":true,"href":"https:\/\/zagros-centre.org\/index.php?rest_route=%2Fwp%2Fv2%2Fcomments&post=1037"}],"version-history":[{"count":0,"href":"https:\/\/zagros-centre.org\/index.php?rest_route=\/wp\/v2\/posts\/1037\/revisions"}],"wp:featuredmedia":[{"embeddable":true,"href":"https:\/\/zagros-centre.org\/index.php?rest_route=\/wp\/v2\/media\/1038"}],"wp:attachment":[{"href":"https:\/\/zagros-centre.org\/index.php?rest_route=%2Fwp%2Fv2%2Fmedia&parent=1037"}],"wp:term":[{"taxonomy":"category","embeddable":true,"href":"https:\/\/zagros-centre.org\/index.php?rest_route=%2Fwp%2Fv2%2Fcategories&post=1037"},{"taxonomy":"post_tag","embeddable":true,"href":"https:\/\/zagros-centre.org\/index.php?rest_route=%2Fwp%2Fv2%2Ftags&post=1037"}],"curies":[{"name":"wp","href":"https:\/\/api.w.org\/{rel}","templated":true}]}}