{"id":1056,"date":"2019-11-19T17:38:55","date_gmt":"2019-11-19T16:38:55","guid":{"rendered":"https:\/\/zagros-centre.org\/?p=1056"},"modified":"2019-11-29T00:23:40","modified_gmt":"2019-11-28T23:23:40","slug":"appel-urgent","status":"publish","type":"post","link":"https:\/\/zagros-centre.org\/?p=1056","title":{"rendered":"Appel Urgent"},"content":{"rendered":"<p>Depuis vendredi 15 novembre 2019, les rues de nombreuses villes iraniennes sont devenues la sc\u00e8ne de manifestations anti-gouvernementales et de nombreux manifestants ont \u00e9t\u00e9 tu\u00e9s, bless\u00e9s ou arr\u00eat\u00e9s. Les protestations ont commenc\u00e9 apr\u00e8s que le gouvernement a annonc\u00e9 une augmentation de 300% du prix de l&rsquo;essence.<\/p>\n<p>Selon des sources locales, au moins 203 personnes auraient \u00e9t\u00e9 tu\u00e9es et des milliers d&rsquo;autres bless\u00e9es par les tirs directs des forces de l\u2019ordre. En outre, selon ces sources, un grand nombre de manifestants ont \u00e9t\u00e9 arr\u00eat\u00e9s, dont certains ont \u00e9t\u00e9 tortur\u00e9s.<\/p>\n<p>Depuis samedi, les autorit\u00e9s iraniennes ont drastiquement limit\u00e9 l&rsquo;acc\u00e8s \u00e0 Internet. De plus, les principaux op\u00e9rateurs mobiles, MCI, IranCell et Rightell \u00e9taient enti\u00e8rement hors ligne \u00e0 partir de samedi midi, alors que les manifestations prenaient de l\u2019ampleur en ce premier jour ouvr\u00e9 de la semaine en Iran. Des habitants ont aussi signal\u00e9 d\u2019\u00e9tranges SMS re\u00e7us \u00e0 T\u00e9h\u00e9ran, leur demandant de quitter les zones de manifestation. Malgr\u00e9 la r\u00e9pression et les menaces des autorit\u00e9s, les manifestations continuent dans certaines villes.<\/p>\n<p>La situation actuelle est inqui\u00e9tante !<br \/>\nCentre Zagros pour les droits de l\u2019homme appelle la communaut\u00e9 internationale, les Nations Unies et l&rsquo;Union Europ\u00e9enne, \u00e0 r\u00e9agir face \u00e0 cette situation et \u00e0 soutenir les citoyens iraniens.<\/p>\n<p>Centre Zagros pour les Droits de l&rsquo;homme<\/p>\n<p><img loading=\"lazy\" decoding=\"async\" class=\"alignnone size-medium wp-image-1057\" src=\"https:\/\/zagros-centre.org\/wp-content\/uploads\/2019\/11\/69831844_522401635274487_6113092596676952064_n-300x200.jpg\" alt=\"\" width=\"300\" height=\"200\" srcset=\"https:\/\/zagros-centre.org\/wp-content\/uploads\/2019\/11\/69831844_522401635274487_6113092596676952064_n-300x200.jpg 300w, https:\/\/zagros-centre.org\/wp-content\/uploads\/2019\/11\/69831844_522401635274487_6113092596676952064_n-272x182.jpg 272w, https:\/\/zagros-centre.org\/wp-content\/uploads\/2019\/11\/69831844_522401635274487_6113092596676952064_n.jpg 480w\" sizes=\"auto, (max-width: 300px) 100vw, 300px\" \/> <img loading=\"lazy\" decoding=\"async\" class=\"alignnone size-medium wp-image-1058\" src=\"https:\/\/zagros-centre.org\/wp-content\/uploads\/2019\/11\/76775087_478154406158636_9138024804685709312_n-300x147.jpg\" alt=\"\" width=\"300\" height=\"147\" srcset=\"https:\/\/zagros-centre.org\/wp-content\/uploads\/2019\/11\/76775087_478154406158636_9138024804685709312_n-300x147.jpg 300w, https:\/\/zagros-centre.org\/wp-content\/uploads\/2019\/11\/76775087_478154406158636_9138024804685709312_n.jpg 696w\" sizes=\"auto, (max-width: 300px) 100vw, 300px\" \/><\/p>\n","protected":false},"excerpt":{"rendered":"<p>Depuis vendredi 15 novembre 2019, les rues de nombreuses villes iraniennes sont devenues la sc\u00e8ne de manifestations anti-gouvernementales et de nombreux manifestants ont \u00e9t\u00e9 tu\u00e9s, bless\u00e9s ou arr\u00eat\u00e9s. Les protestations ont commenc\u00e9 apr\u00e8s que le gouvernement a annonc\u00e9 une augmentation de 300% du prix de l&rsquo;essence. Selon des sources locales, au moins 203 personnes auraient &hellip;<\/p>\n","protected":false},"author":1,"featured_media":1059,"comment_status":"closed","ping_status":"closed","sticky":false,"template":"","format":"standard","meta":{"footnotes":""},"categories":[1,19,16,11,6,42],"tags":[],"class_list":["post-1056","post","type-post","status-publish","format-standard","has-post-thumbnail","","category-actualites","category-appel-urgent","category-conseil-des-droits-de-lhomme","category-droit-de-lhomme","category-iran","category-nations-unies"],"_links":{"self":[{"href":"https:\/\/zagros-centre.org\/index.php?rest_route=\/wp\/v2\/posts\/1056","targetHints":{"allow":["GET"]}}],"collection":[{"href":"https:\/\/zagros-centre.org\/index.php?rest_route=\/wp\/v2\/posts"}],"about":[{"href":"https:\/\/zagros-centre.org\/index.php?rest_route=\/wp\/v2\/types\/post"}],"author":[{"embeddable":true,"href":"https:\/\/zagros-centre.org\/index.php?rest_route=\/wp\/v2\/users\/1"}],"replies":[{"embeddable":true,"href":"https:\/\/zagros-centre.org\/index.php?rest_route=%2Fwp%2Fv2%2Fcomments&post=1056"}],"version-history":[{"count":0,"href":"https:\/\/zagros-centre.org\/index.php?rest_route=\/wp\/v2\/posts\/1056\/revisions"}],"wp:featuredmedia":[{"embeddable":true,"href":"https:\/\/zagros-centre.org\/index.php?rest_route=\/wp\/v2\/media\/1059"}],"wp:attachment":[{"href":"https:\/\/zagros-centre.org\/index.php?rest_route=%2Fwp%2Fv2%2Fmedia&parent=1056"}],"wp:term":[{"taxonomy":"category","embeddable":true,"href":"https:\/\/zagros-centre.org\/index.php?rest_route=%2Fwp%2Fv2%2Fcategories&post=1056"},{"taxonomy":"post_tag","embeddable":true,"href":"https:\/\/zagros-centre.org\/index.php?rest_route=%2Fwp%2Fv2%2Ftags&post=1056"}],"curies":[{"name":"wp","href":"https:\/\/api.w.org\/{rel}","templated":true}]}}