{"id":1084,"date":"2020-01-20T00:00:42","date_gmt":"2020-01-19T23:00:42","guid":{"rendered":"https:\/\/zagros-centre.org\/?p=1084"},"modified":"2020-01-20T01:00:58","modified_gmt":"2020-01-20T00:00:58","slug":"discrimination-a-lencontre-du-peuple-kurde-en-republique-islamique-diran","status":"publish","type":"post","link":"https:\/\/zagros-centre.org\/?p=1084","title":{"rendered":"Discrimination \u00e0 l&rsquo;encontre du peuple kurde en R\u00e9publique islamique d&rsquo;Iran"},"content":{"rendered":"<div id=\"js_4\" class=\"_5pbx userContent _3576\" data-testid=\"post_message\" data-ft=\"{&quot;tn&quot;:&quot;K&quot;}\">\n<p style=\"text-align: justify;\"><strong>Communaut\u00e9 kurde en R\u00e9publique islamique d&rsquo;Iran;<img loading=\"lazy\" decoding=\"async\" class=\"wp-image-1085 alignright\" src=\"https:\/\/zagros-centre.org\/wp-content\/uploads\/2020\/01\/Kurd_Iran.jpg\" alt=\"\" width=\"382\" height=\"347\" srcset=\"https:\/\/zagros-centre.org\/wp-content\/uploads\/2020\/01\/Kurd_Iran.jpg 2000w, https:\/\/zagros-centre.org\/wp-content\/uploads\/2020\/01\/Kurd_Iran-264x240.jpg 264w, https:\/\/zagros-centre.org\/wp-content\/uploads\/2020\/01\/Kurd_Iran-958x870.jpg 958w, https:\/\/zagros-centre.org\/wp-content\/uploads\/2020\/01\/Kurd_Iran-768x697.jpg 768w, https:\/\/zagros-centre.org\/wp-content\/uploads\/2020\/01\/Kurd_Iran-1536x1395.jpg 1536w\" sizes=\"auto, (max-width: 382px) 100vw, 382px\" \/><\/strong><br \/>\n\u2022 On estime que 12 millions de Kurdes vivent en R\u00e9publique islamique d&rsquo;Iran, entre 15 et 17% de la population. Ils vivent principalement dans les provinces de l&rsquo;Azerba\u00efdjan occidental, du Kordestan, de Kermanshah (Kermashan), d&rsquo;Ilam et de Hamadan dans l&rsquo;ouest et le nord-ouest du pays, bien que beaucoup se soient install\u00e9s dans de grandes villes comme T\u00e9h\u00e9ran. Il existe \u00e9galement une grande communaut\u00e9 de Kurdes dans les provinces du Nord et de Razavi Khorasan, dans le nord-est de l&rsquo;Iran.<br \/>\n\u2022 La plupart des Kurdes sont des musulmans sunnites, m\u00eame si une minorit\u00e9 est chiite. Certains sont Ahl-e Haq (Yarsani), baha&rsquo;is, zoroastriens et adeptes des \u00e9coles de soufisme de Qaderi et Naqshbandi. La religion officielle de l&rsquo;Iran est l&rsquo;islam chiite, qui est clairement favoris\u00e9 par l&rsquo;\u00c9tat.<br \/>\n\u2022 Les Kurdes iraniens sont victimes de discrimination en raison de leur religion, m\u00eame si l&rsquo;islam sunnite est reconnu et a un statut juridique officiel en Iran. D&rsquo;autres groupes religieux comprennent Ahl-e Haq (Yarsani), principalement kurde, dont la plupart des membres vivent \u00e0 Kermanshah et dans ou \u00e0 proximit\u00e9 des grandes villes. La loi iranienne ne reconna\u00eet pas le yarsanisme et leurs rituels sont interdits. Il leur est \u00e9galement interdit de discuter de leur foi avec les m\u00e9dias.<\/p>\n<p style=\"text-align: justify;\"><strong>\u00c9conomie<\/strong><br \/>\n\u2022 Les Kurdes d&rsquo;Iran sont depuis longtemps victimes d&rsquo;une discrimination syst\u00e9matique. Leurs droits sociaux, politiques et culturels ont \u00e9t\u00e9 r\u00e9prim\u00e9s, de m\u00eame que leurs aspirations \u00e9conomiques. Les Kurdes, ethniquement et religieusement minoritaires, se heurtent \u00e0 de graves obstacles \u00e0 leur acc\u00e8s \u00e0 l&#8217;emploi, au logement, \u00e0 la propri\u00e9t\u00e9 et \u00e0 la direction politique et administrative. Les provinces kurdes sont rel\u00e9gu\u00e9es, en termes de d\u00e9veloppement, aux tout derniers rangs des trente et une provinces iraniennes, avec le Baloutchistan.<br \/>\n\u2022 Les r\u00e9gions kurdes sont dans les rangs inf\u00e9rieurs en termes de croissance \u00e9conomique. Les investissements de grande ou moyenne taille sont interdits dans ces r\u00e9gions, et les capitalistes locaux sont \u00e9galement tenus d&rsquo;investir dans d&rsquo;autres r\u00e9gions de l&rsquo;Iran. Dans la plupart des zones frontali\u00e8res, en raison d&rsquo;un manque de travail, les Kurdes sont engag\u00e9s dans le travail Colberry et le transport ill\u00e9gal de marchandises.<br \/>\n\u2022 Les ressources souterraines de la r\u00e9gion, telles que le p\u00e9trole, l&rsquo;or et d&rsquo;autres ressources, sont largement extraites. Mais l&rsquo;argent g\u00e9n\u00e9r\u00e9 par leur vente n&rsquo;est pas d\u00e9pens\u00e9 pour le d\u00e9veloppement et la cr\u00e9ation d&#8217;emplois dans la r\u00e9gion.<\/p>\n<p style=\"text-align: justify;\"><strong>Environnement<\/strong><br \/>\n\u2022 Les for\u00eats des r\u00e9gions kurdes sont br\u00fbl\u00e9es, sous pr\u00e9texte de l&rsquo;existence de la Peshmargah kurde (force d\u00e9fensive kurde). Les volontaires et les militants \u00e9cologistes qui ont l&rsquo;intention d&rsquo;\u00e9teindre et de contr\u00f4ler l&rsquo;incendie sont arr\u00eat\u00e9s et emprisonn\u00e9s.<br \/>\n\u2022 Les sources d&rsquo;eau sont d\u00e9truites et l&rsquo;eau s&rsquo;\u00e9coule par des tunnels souterrains vers les r\u00e9gions centrales de l&rsquo;Iran. Cela a entra\u00een\u00e9 l&rsquo;ass\u00e8chement d&rsquo;un certain nombre de rivi\u00e8res et la d\u00e9gradation de l&rsquo;\u00e9cologie de la r\u00e9gion.<\/p>\n<p style=\"text-align: justify;\"><strong>Culturel<\/strong><br \/>\n\u2022 Comme les autres nations, la nation kurde a sa propre culture. Leur riche couverture, coutumes et culture ne sont pas respect\u00e9es et ils ne sont pas autoris\u00e9s \u00e0 pratiquer leurs propres coutumes, c\u00e9l\u00e9brations et rituels.<br \/>\n\u2022 Les parents ne peuvent pas enregistrer leurs b\u00e9b\u00e9s sous certains noms kurdes; y compris les gar\u00e7ons Soran (le nom de la langue), Khabat (lutte), Rizgar (Libre) et Ala (drapeau); Et pour les filles Ajin (La vie) et Fermisk (larme). Chaque bureau d&rsquo;enregistrement a une liste de noms autoris\u00e9s; un acte de naissance n&rsquo;est d\u00e9livr\u00e9 que si la famille accepte d&rsquo;utiliser un nom autoris\u00e9.<br \/>\n\u2022 Les obligations internationales de l&rsquo;Iran exigent que les \u00ab\u00a0minorit\u00e9s religieuses ou linguistiques\u00a0\u00bb du pays jouissent de leur propre culture et aient le droit de professer et de pratiquer leur propre religion &#8230;<\/p>\n<p style=\"text-align: justify;\"><strong>\u00c9ducation<\/strong><br \/>\n\u2022 La Constitution iranienne stipule que la langue et l&rsquo;\u00e9criture officielles de l&rsquo;Iran sont le persan, et les documents et manuels officiels doivent \u00eatre dans cette langue. Malgr\u00e9 cela, l&rsquo;utilisation des langues r\u00e9gionales et tribales dans la presse et les m\u00e9dias, ainsi que pour l&rsquo;enseignement de la litt\u00e9rature r\u00e9gionale et tribale dans les \u00e9coles, est autoris\u00e9e en plus du persan. Cependant, aucune mesure permanente n&rsquo;a \u00e9t\u00e9 introduite dans le syst\u00e8me \u00e9ducatif iranien pour faciliter l&rsquo;enseignement dans les langues minoritaires ou pour enseigner ces langues comme langue seconde &#8211; m\u00eame si ces dispositions sont incluses dans la Constitution iranienne (art. 15) Et les normes internationales sign\u00e9es et accept\u00e9es par l&rsquo;Iran.<br \/>\n\u2022 Le nombre d&rsquo;\u00e9coles dans les zones kurdes est limit\u00e9 et ces \u00e9coles ne disposent pas des installations n\u00e9cessaires. Ainsi, il n&rsquo;y a pas du tout d&rsquo;\u00e9cole dans certaines zones, et les \u00e9l\u00e8ves doivent parcourir un long chemin pour aller \u00e0 l&rsquo;\u00e9cole.<\/p>\n<p style=\"text-align: justify;\"><strong>Politique<\/strong><br \/>\n\u2022 Les partis politiques kurdes sont interdits dans le pays, et la plupart d&rsquo;entre eux sont bas\u00e9s au Kurdistan irakien. Leurs membres et sympathisants sont recherch\u00e9s par les services de renseignements militaires iraniens. En cas d&rsquo;arrestation, il est propice qu&rsquo;ils soient tortur\u00e9s, maltrait\u00e9s, emprisonn\u00e9s ou ex\u00e9cut\u00e9s. Les centres politiques et les camps familiaux des membres des partis kurdes oppos\u00e9s au r\u00e9gime iranien sur le sol irakien ont \u00e9t\u00e9 attaqu\u00e9s \u00e0 plusieurs reprises par des missiles balistiques et de l&rsquo;artillerie de l&rsquo;arm\u00e9e iranienne, et un certain nombre de leurs membres ont \u00e9t\u00e9 assassin\u00e9s dans le nord de l&rsquo;Irak et au Kurdistan irakien .<br \/>\n\u2022 Les d\u00e9fenseurs kurdes des droits humains, les militants communautaires et les journalistes risquent des arrestations et des poursuites arbitraires. Certains sont devenus des prisonniers d&rsquo;opinion &#8211; des personnes emprisonn\u00e9es pour avoir exprim\u00e9 pacifiquement leurs convictions de conscience. D&rsquo;autres subissent la torture, des proc\u00e8s injustes devant les tribunaux r\u00e9volutionnaires et la peine de mort.<\/p>\n<p style=\"text-align: justify;\"><strong>Assassinats ill\u00e9gaux par les forces de s\u00e9curit\u00e9<\/strong><br \/>\n\u2022 En 2019, plus de 79 Kolbar (gardes-fronti\u00e8res) ont \u00e9t\u00e9 tu\u00e9s par des tirs directs et \u00e0 l&rsquo;aveugle, des forces de s\u00e9curit\u00e9 iraniennes, et 192 autres ont \u00e9t\u00e9 bless\u00e9s.<br \/>\n\u2022 Au moins 83 manifestants kurdes sont morts \u00e0 la suite de la r\u00e9pression des manifestations populaires en novembre 2019 en Iran, en particulier dans les villes kurdes de Javanrood, Kermanshah, Marivan et Sanandaj. De nombreux manifestants ont \u00e9t\u00e9 arr\u00eat\u00e9s et tortur\u00e9s, et la plupart ont \u00e9t\u00e9 d\u00e9tenus depuis les arrestations.<\/p>\n<p style=\"text-align: justify;\"><strong>Ex\u00e9cutions<\/strong><br \/>\nLe r\u00e9gime iranien utilise l&rsquo;ex\u00e9cution comme un instrument pour r\u00e9primer et faire taire les protestations du peuple iranien.<br \/>\n\u2022 La R\u00e9publique islamique d&rsquo;Iran se classe au premier rang des ex\u00e9cutions par habitant dans le monde. En 2019, 273 personnes, et en 2018 plus de 296 citoyens iraniens ont \u00e9t\u00e9 ex\u00e9cut\u00e9s, et les Kurdes continuent d&rsquo;\u00eatre les principales victimes de la machine \u00e0 ex\u00e9cuter iranienne. En 2018, au moins 69 citoyens kurdes et en 2019, plus de 53 personnes, ont \u00e9t\u00e9 ex\u00e9cut\u00e9s. Plus de 632 d\u00e9tenus en Iran attendent l&rsquo;ex\u00e9cution de leur peine.<\/p>\n<p style=\"text-align: justify;\">&#8212;&#8212;&#8212;&#8212;&#8212;&#8212;&#8212;&#8212;&#8212;&#8212;&#8212;-<br \/>\n*** Article 15: le persan est la langue et l&rsquo;\u00e9criture officielles et communes du peuple iranien. Les documents, la correspondance, les textes officiels et les manuels scolaires doivent tous \u00eatre dans cette langue et ce script. Cependant, l&rsquo;utilisation des langues r\u00e9gionales et ethniques dans la presse, les m\u00e9dias et l&rsquo;enseignement de leur litt\u00e9rature dans les \u00e9coles, parall\u00e8lement \u00e0 la langue persane, est librement autoris\u00e9e.<\/p>\n<\/div>\n<p style=\"text-align: justify;\"><span data-offset-key=\"523gd-0-0\">\u00a0<\/span><\/p>\n","protected":false},"excerpt":{"rendered":"<p>Communaut\u00e9 kurde en R\u00e9publique islamique d&rsquo;Iran; \u2022 On estime que 12 millions de Kurdes vivent en R\u00e9publique islamique d&rsquo;Iran, entre 15 et 17% de la population. Ils vivent principalement dans les provinces de l&rsquo;Azerba\u00efdjan occidental, du Kordestan, de Kermanshah (Kermashan), d&rsquo;Ilam et de Hamadan dans l&rsquo;ouest et le nord-ouest du pays, bien que beaucoup se &hellip;<\/p>\n","protected":false},"author":2,"featured_media":0,"comment_status":"open","ping_status":"closed","sticky":false,"template":"","format":"standard","meta":{"footnotes":""},"categories":[1,5,4,11,35,34,6,39,15,31,32,23],"tags":[],"class_list":["post-1084","post","type-post","status-publish","format-standard","","category-actualites","category-declaration","category-declaration-ecrite","category-droit-de-lhomme","category-enfant","category-femme","category-iran","category-kurdistan","category-peine-de-mort","category-prisonnier","category-prisonnier-politique","category-rapport"],"_links":{"self":[{"href":"https:\/\/zagros-centre.org\/index.php?rest_route=\/wp\/v2\/posts\/1084","targetHints":{"allow":["GET"]}}],"collection":[{"href":"https:\/\/zagros-centre.org\/index.php?rest_route=\/wp\/v2\/posts"}],"about":[{"href":"https:\/\/zagros-centre.org\/index.php?rest_route=\/wp\/v2\/types\/post"}],"author":[{"embeddable":true,"href":"https:\/\/zagros-centre.org\/index.php?rest_route=\/wp\/v2\/users\/2"}],"replies":[{"embeddable":true,"href":"https:\/\/zagros-centre.org\/index.php?rest_route=%2Fwp%2Fv2%2Fcomments&post=1084"}],"version-history":[{"count":0,"href":"https:\/\/zagros-centre.org\/index.php?rest_route=\/wp\/v2\/posts\/1084\/revisions"}],"wp:attachment":[{"href":"https:\/\/zagros-centre.org\/index.php?rest_route=%2Fwp%2Fv2%2Fmedia&parent=1084"}],"wp:term":[{"taxonomy":"category","embeddable":true,"href":"https:\/\/zagros-centre.org\/index.php?rest_route=%2Fwp%2Fv2%2Fcategories&post=1084"},{"taxonomy":"post_tag","embeddable":true,"href":"https:\/\/zagros-centre.org\/index.php?rest_route=%2Fwp%2Fv2%2Ftags&post=1084"}],"curies":[{"name":"wp","href":"https:\/\/api.w.org\/{rel}","templated":true}]}}