{"id":1720,"date":"2024-02-13T02:08:43","date_gmt":"2024-02-13T01:08:43","guid":{"rendered":"https:\/\/zagros-centre.org\/?p=1720"},"modified":"2024-02-13T02:08:43","modified_gmt":"2024-02-13T01:08:43","slug":"la-situation-des-kurdes-dans-la-republique-islamique-diran","status":"publish","type":"post","link":"https:\/\/zagros-centre.org\/?p=1720","title":{"rendered":"La situation des Kurdes dans la R\u00e9publique islamique d&rsquo;Iran"},"content":{"rendered":"<p>Les Kurdes, un peuple indig\u00e8ne et ancestral, vivent sur leurs terres depuis plus de 10 000 ans. R\u00e9partis entre plusieurs pays, la majorit\u00e9 de la population kurde se trouve en Turquie, en Iran (R\u00e9publique islamique), en Irak, en Syrie, et en Arm\u00e9nie. Cependant, les statistiques officielles sur leur nombre font d\u00e9faut en raison des politiques sp\u00e9cifiques de ces pays. On estime leur population \u00e0 environ 35 \u00e0 40 millions. Historiquement, les Kurdes ont \u00e9t\u00e9 confront\u00e9s \u00e0 des g\u00e9nocides et des r\u00e9pressions \u00e0 travers l&rsquo;histoire ancienne et moderne.<\/p>\n<p>&nbsp;<\/p>\n<p><strong>Communaut\u00e9 kurde en Iran<\/strong><\/p>\n<p>En Iran, les Kurdes repr\u00e9sentent environ 16-17 % de la population, soit 14-15 millions de personnes. Ils habitent principalement dans les provinces de l&rsquo;Azerba\u00efdjan occidental, du Kurdistan, de Kermanshah, d&rsquo;Ilam, du Lorestan, et de Hamadan, avec certains vivant dans les provinces du Khorasan. Sur le plan religieux, la majorit\u00e9 sont musulmans, avec une pr\u00e9dominance de sunnites, et une pr\u00e9sence de chiites, ainsi que des adeptes d&rsquo;autres croyances comme Ahl al-Haq (Yarsani), le Baha&rsquo;isme, et le Zoroastrisme.<\/p>\n<p>&nbsp;<\/p>\n<p><strong>Discrimination et Droits de l&rsquo;Homme<\/strong><\/p>\n<p>Malgr\u00e9 les droits \u00e9gaux promis par la constitution iranienne, les Kurdes font face \u00e0 une discrimination syst\u00e9matique qui limite leur acc\u00e8s \u00e0 l&#8217;emploi, au logement, \u00e0 l&rsquo;\u00e9ducation, et \u00e0 des postes politiques. Les r\u00e9gions kurdes en Iran affichent parmi les taux de ch\u00f4mage les plus \u00e9lev\u00e9s du pays, et l&rsquo;enseignement de la langue kurde est absent des \u00e9coles publiques, ne se trouvant que dans des contextes priv\u00e9s.<\/p>\n<p>&nbsp;<\/p>\n<p><strong>Conditions \u00c9conomiques<\/strong><\/p>\n<p>Les r\u00e9gions kurdes en Iran subissent une n\u00e9gligence \u00e9conomique, conduisant \u00e0 une pauvret\u00e9 enracin\u00e9e. Les projets industriels y sont limit\u00e9s ou interdits, et bien que la r\u00e9gion soit riche en ressources naturelles comme le p\u00e9trole et l&rsquo;or, les b\u00e9n\u00e9fices de leur extraction ne profitent pas localement.<\/p>\n<p>&nbsp;<\/p>\n<p><strong>Environnement<\/strong><\/p>\n<p>Les politiques environnementales nuisent aux zones kurdes, avec la destruction de for\u00eats et la d\u00e9tournement des ressources en eau. L&rsquo;ass\u00e8chement des lacs Urumia et Zerebar a engendr\u00e9 des ph\u00e9nom\u00e8nes naturels dangereux, affectant gravement les communaut\u00e9s locales.<\/p>\n<p>&nbsp;<\/p>\n<p><strong>\u00c9ducation<\/strong><\/p>\n<p>Le manque d&rsquo;infrastructures \u00e9ducatives et l&rsquo;absence d&rsquo;enseignement dans la langue maternelle kurde constituent des obstacles majeurs \u00e0 l&rsquo;\u00e9ducation des enfants kurdes.<\/p>\n<p>&nbsp;<\/p>\n<p><strong>Culture et Religion<\/strong><\/p>\n<p>Les Kurdes en Iran font face \u00e0 des restrictions culturelles, y compris dans le choix des noms pour leurs enfants. Sur le plan religieux, bien que l&rsquo;islam sunnite soit reconnu, les Kurdes sunnites subissent une discrimination notable. La religion Yarsani, principalement pratiqu\u00e9e par les Kurdes, n&rsquo;est pas reconnue par l&rsquo;\u00e9tat.<\/p>\n<p>&nbsp;<\/p>\n<p><strong>Droits Politiques<\/strong><\/p>\n<p>Les tensions entre les groupes kurdes et le gouvernement central iranien sont persistantes. Les partis politiques kurdes sont interdits et leurs membres sont souvent pers\u00e9cut\u00e9s. Ces organisations op\u00e8rent principalement depuis le Kurdistan irakien.<\/p>\n<p>&nbsp;<\/p>\n<p><strong>Ex\u00e9cutions et R\u00e9pressions<\/strong><\/p>\n<p>En 2023, 101 citoyens kurdes ont \u00e9t\u00e9 ex\u00e9cut\u00e9s en Iran(1).<\/p>\n<p>&nbsp;<\/p>\n<p><strong>Homicides extrajudiciaires<\/strong><\/p>\n<p>En 2023, 41 Kolbar(2) ont \u00e9t\u00e9 tu\u00e9s et plus de 273 bless\u00e9s, dont certains ont perdu un membre. Ces incidents sont principalement attribu\u00e9s \u00e0 des tirs directs des forces arm\u00e9es.<\/p>\n<p>Au moins, 8 prisonniers kurdes sont morts sous la torture.<\/p>\n<p>&nbsp;<\/p>\n<p><strong>Recommandations \u00e0 la R\u00e9publique Islamique d&rsquo;Iran dans le Respect des Droits des Kurdes :<\/strong><\/p>\n<ul>\n<li><strong>Adh\u00e9sion au Droit Humanitaire International :<\/strong><\/li>\n<\/ul>\n<p>En tant que signataire du Pacte international relatif aux droits civils et politiques, l&rsquo;Iran devrait se conformer rigoureusement aux normes du droit humanitaire international. Cela implique une utilisation mesur\u00e9e et proportionn\u00e9e de la force, en ad\u00e9quation avec les principes internationaux de justice et de droits de l&rsquo;homme.<\/p>\n<ul>\n<li><strong>Application des Droits des Minorit\u00e9s :<\/strong><\/li>\n<\/ul>\n<p>L&rsquo;Iran est encourag\u00e9 \u00e0 appliquer pleinement les dispositions de la D\u00e9claration des droits des personnes appartenant \u00e0 des minorit\u00e9s, qui couvre les droits nationaux, ethniques, religieux et linguistiques. Cela comprend la protection et la promotion des droits culturels, sociaux et \u00e9conomiques des communaut\u00e9s kurdes, assurant ainsi leur pleine int\u00e9gration et participation \u00e0 la soci\u00e9t\u00e9 iranienne.<\/p>\n<p>&nbsp;<\/p>\n<ul>\n<li><strong>Combat contre l&rsquo;Intol\u00e9rance et la Discrimination :<\/strong><\/li>\n<\/ul>\n<p>Il est recommand\u00e9 que l&rsquo;Iran intensifie ses efforts pour lutter contre toutes formes d&rsquo;intol\u00e9rance et de discrimination, conform\u00e9ment \u00e0 la R\u00e9solution 16\/18 du Conseil des droits de l&rsquo;homme. Ceci englobe la lutte contre les st\u00e9r\u00e9otypes n\u00e9gatifs, la stigmatisation, la discrimination, ainsi que l&rsquo;incitation \u00e0 la violence bas\u00e9e sur la religion ou les croyances. Un engagement actif dans ces domaines contribuerait \u00e0 la cr\u00e9ation d&rsquo;une soci\u00e9t\u00e9 plus inclusive et respectueuse des diversit\u00e9s.<\/p>\n<p><u>\u00a0\u00a0\u00a0\u00a0\u00a0\u00a0\u00a0\u00a0\u00a0\u00a0\u00a0\u00a0\u00a0\u00a0\u00a0\u00a0\u00a0\u00a0\u00a0\u00a0\u00a0\u00a0\u00a0\u00a0\u00a0\u00a0\u00a0\u00a0\u00a0\u00a0\u00a0\u00a0\u00a0 <\/u><\/p>\n<p>Hengaw Organization for Human Rights, Alliance for Minority Rights,\u00a0 Association Projet D\u00e9mocratique du Kurdistan Iranien, une\/des ONG sans statut consultatif partage(nt) \u00e9galement les opinions exprim\u00e9es dans cet expos\u00e9.<\/p>\n<p>(1)https:\/\/hengaw.net\/en\/news\/2023\/12\/hengaws-comprehensive-report-on-human-rights-in-iran-for-the-year-2023<\/p>\n<p>(2)travailleur employ\u00e9 pour transporter des marchandises sur son dos \u00e0 travers les fronti\u00e8res<\/p>\n<div id='gallery-1' class='gallery galleryid-1720 gallery-columns-1 gallery-size-full'><figure class='gallery-item'>\n\t\t\t<div class='gallery-icon portrait'>\n\t\t\t\t<a href='https:\/\/zagros-centre.org\/?attachment_id=1721'><img loading=\"lazy\" decoding=\"async\" width=\"1811\" height=\"2560\" src=\"https:\/\/zagros-centre.org\/wp-content\/uploads\/2024\/02\/7799_A_HRC_55_NGO_Sub_Fr_1-scaled.jpg\" class=\"attachment-full size-full\" alt=\"\" srcset=\"https:\/\/zagros-centre.org\/wp-content\/uploads\/2024\/02\/7799_A_HRC_55_NGO_Sub_Fr_1-scaled.jpg 1811w, https:\/\/zagros-centre.org\/wp-content\/uploads\/2024\/02\/7799_A_HRC_55_NGO_Sub_Fr_1-170x240.jpg 170w, https:\/\/zagros-centre.org\/wp-content\/uploads\/2024\/02\/7799_A_HRC_55_NGO_Sub_Fr_1-615x870.jpg 615w, https:\/\/zagros-centre.org\/wp-content\/uploads\/2024\/02\/7799_A_HRC_55_NGO_Sub_Fr_1-768x1086.jpg 768w, https:\/\/zagros-centre.org\/wp-content\/uploads\/2024\/02\/7799_A_HRC_55_NGO_Sub_Fr_1-1086x1536.jpg 1086w, https:\/\/zagros-centre.org\/wp-content\/uploads\/2024\/02\/7799_A_HRC_55_NGO_Sub_Fr_1-1448x2048.jpg 1448w\" sizes=\"auto, (max-width: 1811px) 100vw, 1811px\" \/><\/a>\n\t\t\t<\/div><\/figure><figure class='gallery-item'>\n\t\t\t<div class='gallery-icon portrait'>\n\t\t\t\t<a href='https:\/\/zagros-centre.org\/?attachment_id=1722'><img loading=\"lazy\" decoding=\"async\" width=\"1811\" height=\"2560\" src=\"https:\/\/zagros-centre.org\/wp-content\/uploads\/2024\/02\/7799_A_HRC_55_NGO_Sub_Fr_2-scaled.jpg\" class=\"attachment-full size-full\" alt=\"\" srcset=\"https:\/\/zagros-centre.org\/wp-content\/uploads\/2024\/02\/7799_A_HRC_55_NGO_Sub_Fr_2-scaled.jpg 1811w, https:\/\/zagros-centre.org\/wp-content\/uploads\/2024\/02\/7799_A_HRC_55_NGO_Sub_Fr_2-170x240.jpg 170w, https:\/\/zagros-centre.org\/wp-content\/uploads\/2024\/02\/7799_A_HRC_55_NGO_Sub_Fr_2-615x870.jpg 615w, https:\/\/zagros-centre.org\/wp-content\/uploads\/2024\/02\/7799_A_HRC_55_NGO_Sub_Fr_2-768x1086.jpg 768w, https:\/\/zagros-centre.org\/wp-content\/uploads\/2024\/02\/7799_A_HRC_55_NGO_Sub_Fr_2-1086x1536.jpg 1086w, https:\/\/zagros-centre.org\/wp-content\/uploads\/2024\/02\/7799_A_HRC_55_NGO_Sub_Fr_2-1448x2048.jpg 1448w\" sizes=\"auto, (max-width: 1811px) 100vw, 1811px\" \/><\/a>\n\t\t\t<\/div><\/figure><figure class='gallery-item'>\n\t\t\t<div class='gallery-icon portrait'>\n\t\t\t\t<a href='https:\/\/zagros-centre.org\/?attachment_id=1723'><img loading=\"lazy\" decoding=\"async\" width=\"1811\" height=\"2560\" src=\"https:\/\/zagros-centre.org\/wp-content\/uploads\/2024\/02\/7799_A_HRC_55_NGO_Sub_Fr_3-scaled.jpg\" class=\"attachment-full size-full\" alt=\"\" srcset=\"https:\/\/zagros-centre.org\/wp-content\/uploads\/2024\/02\/7799_A_HRC_55_NGO_Sub_Fr_3-scaled.jpg 1811w, https:\/\/zagros-centre.org\/wp-content\/uploads\/2024\/02\/7799_A_HRC_55_NGO_Sub_Fr_3-170x240.jpg 170w, https:\/\/zagros-centre.org\/wp-content\/uploads\/2024\/02\/7799_A_HRC_55_NGO_Sub_Fr_3-615x870.jpg 615w, https:\/\/zagros-centre.org\/wp-content\/uploads\/2024\/02\/7799_A_HRC_55_NGO_Sub_Fr_3-768x1086.jpg 768w, https:\/\/zagros-centre.org\/wp-content\/uploads\/2024\/02\/7799_A_HRC_55_NGO_Sub_Fr_3-1086x1536.jpg 1086w, https:\/\/zagros-centre.org\/wp-content\/uploads\/2024\/02\/7799_A_HRC_55_NGO_Sub_Fr_3-1448x2048.jpg 1448w\" sizes=\"auto, (max-width: 1811px) 100vw, 1811px\" \/><\/a>\n\t\t\t<\/div><\/figure><figure class='gallery-item'>\n\t\t\t<div class='gallery-icon landscape'>\n\t\t\t\t<a href='https:\/\/zagros-centre.org\/?attachment_id=1724'><img loading=\"lazy\" decoding=\"async\" width=\"2000\" height=\"1816\" src=\"https:\/\/zagros-centre.org\/wp-content\/uploads\/2024\/02\/82549295_3324187487652013_7141556639219318784_n.jpg\" class=\"attachment-full size-full\" alt=\"\" srcset=\"https:\/\/zagros-centre.org\/wp-content\/uploads\/2024\/02\/82549295_3324187487652013_7141556639219318784_n.jpg 2000w, https:\/\/zagros-centre.org\/wp-content\/uploads\/2024\/02\/82549295_3324187487652013_7141556639219318784_n-264x240.jpg 264w, https:\/\/zagros-centre.org\/wp-content\/uploads\/2024\/02\/82549295_3324187487652013_7141556639219318784_n-958x870.jpg 958w, https:\/\/zagros-centre.org\/wp-content\/uploads\/2024\/02\/82549295_3324187487652013_7141556639219318784_n-768x697.jpg 768w, https:\/\/zagros-centre.org\/wp-content\/uploads\/2024\/02\/82549295_3324187487652013_7141556639219318784_n-1536x1395.jpg 1536w\" sizes=\"auto, (max-width: 2000px) 100vw, 2000px\" \/><\/a>\n\t\t\t<\/div><\/figure>\n\t\t<\/div>\n\n<div id=\"simple-translate\" class=\"simple-translate-system-theme\">\n<div>\n<div class=\"simple-translate-button isShow\" style=\"background-image: url('moz-extension:\/\/6bb04b74-07ad-4efc-8f34-39df1d8cd40f\/icons\/512.png'); height: 22px; width: 22px; top: 3368px; left: 590px;\"><\/div>\n<div class=\"simple-translate-panel \" style=\"width: 300px; height: 200px; top: 0px; left: 0px; font-size: 13px;\">\n<div class=\"simple-translate-result-wrapper\" style=\"overflow: hidden;\">\n<div class=\"simple-translate-move\" draggable=\"true\"><\/div>\n<div class=\"simple-translate-result-contents\">\n<p class=\"simple-translate-result\" dir=\"auto\">\n<p class=\"simple-translate-candidate\" dir=\"auto\">\n<\/div>\n<\/div>\n<\/div>\n<\/div>\n<\/div>\n","protected":false},"excerpt":{"rendered":"<p>Les Kurdes, un peuple indig\u00e8ne et ancestral, vivent sur leurs terres depuis plus de 10 000 ans. R\u00e9partis entre plusieurs pays, la majorit\u00e9 de la population kurde se trouve en Turquie, en Iran (R\u00e9publique islamique), en Irak, en Syrie, et en Arm\u00e9nie. Cependant, les statistiques officielles sur leur nombre font d\u00e9faut en raison des politiques &hellip;<\/p>\n","protected":false},"author":1,"featured_media":1725,"comment_status":"open","ping_status":"closed","sticky":false,"template":"","format":"standard","meta":{"footnotes":""},"categories":[5,4,6,60,39,65],"tags":[],"class_list":["post-1720","post","type-post","status-publish","format-standard","has-post-thumbnail","","category-declaration","category-declaration-ecrite","category-iran","category-kurde","category-kurdistan","category-kurdistan-iranien"],"_links":{"self":[{"href":"https:\/\/zagros-centre.org\/index.php?rest_route=\/wp\/v2\/posts\/1720","targetHints":{"allow":["GET"]}}],"collection":[{"href":"https:\/\/zagros-centre.org\/index.php?rest_route=\/wp\/v2\/posts"}],"about":[{"href":"https:\/\/zagros-centre.org\/index.php?rest_route=\/wp\/v2\/types\/post"}],"author":[{"embeddable":true,"href":"https:\/\/zagros-centre.org\/index.php?rest_route=\/wp\/v2\/users\/1"}],"replies":[{"embeddable":true,"href":"https:\/\/zagros-centre.org\/index.php?rest_route=%2Fwp%2Fv2%2Fcomments&post=1720"}],"version-history":[{"count":0,"href":"https:\/\/zagros-centre.org\/index.php?rest_route=\/wp\/v2\/posts\/1720\/revisions"}],"wp:featuredmedia":[{"embeddable":true,"href":"https:\/\/zagros-centre.org\/index.php?rest_route=\/wp\/v2\/media\/1725"}],"wp:attachment":[{"href":"https:\/\/zagros-centre.org\/index.php?rest_route=%2Fwp%2Fv2%2Fmedia&parent=1720"}],"wp:term":[{"taxonomy":"category","embeddable":true,"href":"https:\/\/zagros-centre.org\/index.php?rest_route=%2Fwp%2Fv2%2Fcategories&post=1720"},{"taxonomy":"post_tag","embeddable":true,"href":"https:\/\/zagros-centre.org\/index.php?rest_route=%2Fwp%2Fv2%2Ftags&post=1720"}],"curies":[{"name":"wp","href":"https:\/\/api.w.org\/{rel}","templated":true}]}}