{"id":1813,"date":"2024-07-05T16:00:08","date_gmt":"2024-07-05T14:00:08","guid":{"rendered":"https:\/\/zagros-centre.org\/?p=1813"},"modified":"2024-07-26T08:06:54","modified_gmt":"2024-07-26T06:06:54","slug":"compte-rendu-de-levenement-parallele-droits-de-lhomme-en-republique-arabe-syrienne-5-juillet-2024","status":"publish","type":"post","link":"https:\/\/zagros-centre.org\/?p=1813","title":{"rendered":"Compte rendu de l\u2019\u00c9v\u00e9nement parall\u00e8le : Droits de l\u2019Homme en Syrie \u2013 5 juillet 2024"},"content":{"rendered":"<p style=\"text-align: justify;\">Le 5 juillet 2024, dans le cadre de la 56e session du Conseil des droits de l\u2019homme, un \u00e9v\u00e9nement parall\u00e8le sur les droits de l\u2019homme en Syrie a \u00e9t\u00e9 organis\u00e9 \u00e0 la salle XXV du Palais des Nations \u00e0 Gen\u00e8ve. Cette initiative a \u00e9t\u00e9 orchestr\u00e9e par le Centre Zagros pour les Droits de l\u2019Homme, en collaboration avec Maloca Internationale. L\u2019objectif principal de cet \u00e9v\u00e9nement \u00e9tait de mettre en lumi\u00e8re les violations des droits de l\u2019homme en Syrie depuis le d\u00e9but du conflit en 2011, en se concentrant particuli\u00e8rement sur les zones contr\u00f4l\u00e9es par l\u2019opposition et occup\u00e9es par la Turquie.<\/p>\n<p style=\"text-align: justify;\">La r\u00e9union a rassembl\u00e9 un panel diversifi\u00e9 de conf\u00e9renciers, incluant des militants des droits de l\u2019homme et des repr\u00e9sentants d\u2019organisations internationales. Chaque intervenant a apport\u00e9 un \u00e9clairage unique sur les violations syst\u00e9matiques des droits de l\u2019homme en Syrie. La mod\u00e9ration de l\u2019\u00e9v\u00e9nement a \u00e9t\u00e9 assur\u00e9e par M. Leonardo R. Perez, titulaire d\u2019un doctorat en \u00e9tudes internationales de l\u2019IHEID et chercheur associ\u00e9 \u00e0 la Fondation Pierre du Bois pour l\u2019histoire contemporaine.<\/p>\n<p style=\"text-align: justify;\"><strong>Points Cl\u00e9s des Interventions :<\/strong><\/p>\n<ul style=\"text-align: justify;\">\n<li><strong>Mme. Samira Mohamad<\/strong> a d\u00e9crit les conditions de vie difficiles dans les zones contr\u00f4l\u00e9es par l&rsquo;opposition, insistant sur le manque d&rsquo;acc\u00e8s aux besoins essentiels et les abus perp\u00e9tr\u00e9s par les groupes arm\u00e9s et les forces turques.<\/li>\n<li><strong>M. Juan Enalo<\/strong> a discut\u00e9 des d\u00e9fis juridiques et des obstacles auxquels les populations locales sont confront\u00e9es pour obtenir justice et protection. Il a appel\u00e9 \u00e0 renforcer les m\u00e9canismes internationaux pour surveiller et punir les violations des droits de l&rsquo;homme.<\/li>\n<li><strong>M. Aziz Kalo<\/strong> a soulign\u00e9 les souffrances sp\u00e9cifiques de la communaut\u00e9 yazidie, \u00e9voquant les risques de g\u00e9nocide et l&rsquo;importance de prot\u00e9ger les minorit\u00e9s ethniques et religieuses en Syrie.<\/li>\n<li><strong>M. Rami Abdulrahman<\/strong>, bien que physiquement absent, a transmis un discours poignant lu par les organisateurs, d\u00e9taillant les violations des droits de l&rsquo;homme document\u00e9es par son organisation et plaidant pour une r\u00e9ponse plus ferme de la communaut\u00e9 internationale.<\/li>\n<li><strong>M. Izz Adin Saleh<\/strong>, via une vid\u00e9o, a partag\u00e9 les efforts de son organisation pour soutenir les victimes et documenter les atrocit\u00e9s, tout en soulignant la n\u00e9cessit\u00e9 d&rsquo;une solidarit\u00e9 internationale accrue.<\/li>\n<\/ul>\n<p style=\"text-align: justify;\">Les interventions ont mis en lumi\u00e8re les diverses formes de violations des droits de l\u2019homme en Syrie, notamment les conditions de vie pr\u00e9caires dans les zones contr\u00f4l\u00e9es par l\u2019opposition, les abus perp\u00e9tr\u00e9s par les groupes arm\u00e9s et les forces turques, ainsi que le manque d\u2019acc\u00e8s aux besoins essentiels tels que la nourriture, l\u2019eau, les soins m\u00e9dicaux et l\u2019\u00e9ducation. Les conf\u00e9renciers ont \u00e9galement appel\u00e9 la communaut\u00e9 internationale \u00e0 intensifier ses efforts pour all\u00e9ger les souffrances des Syriens et pour faire pression sur les parties responsables de ces violations.<\/p>\n<p>&nbsp;<\/p>\n<div id='gallery-1' class='gallery galleryid-1813 gallery-columns-2 gallery-size-medium'><figure class='gallery-item'>\n\t\t\t<div class='gallery-icon landscape'>\n\t\t\t\t<a href='https:\/\/zagros-centre.org\/?attachment_id=1814'><img loading=\"lazy\" decoding=\"async\" width=\"300\" height=\"191\" src=\"https:\/\/zagros-centre.org\/wp-content\/uploads\/2024\/07\/UN-05072024-5-300x191.jpg\" class=\"attachment-medium size-medium\" alt=\"\" srcset=\"https:\/\/zagros-centre.org\/wp-content\/uploads\/2024\/07\/UN-05072024-5-300x191.jpg 300w, https:\/\/zagros-centre.org\/wp-content\/uploads\/2024\/07\/UN-05072024-5-1024x651.jpg 1024w, https:\/\/zagros-centre.org\/wp-content\/uploads\/2024\/07\/UN-05072024-5-768x488.jpg 768w, https:\/\/zagros-centre.org\/wp-content\/uploads\/2024\/07\/UN-05072024-5-1536x976.jpg 1536w, https:\/\/zagros-centre.org\/wp-content\/uploads\/2024\/07\/UN-05072024-5.jpg 1677w\" sizes=\"auto, (max-width: 300px) 100vw, 300px\" \/><\/a>\n\t\t\t<\/div><\/figure><figure class='gallery-item'>\n\t\t\t<div class='gallery-icon landscape'>\n\t\t\t\t<a href='https:\/\/zagros-centre.org\/?attachment_id=1815'><img loading=\"lazy\" decoding=\"async\" width=\"300\" height=\"169\" src=\"https:\/\/zagros-centre.org\/wp-content\/uploads\/2024\/07\/UN-05072024-4-300x169.jpg\" class=\"attachment-medium size-medium\" alt=\"\" srcset=\"https:\/\/zagros-centre.org\/wp-content\/uploads\/2024\/07\/UN-05072024-4-300x169.jpg 300w, https:\/\/zagros-centre.org\/wp-content\/uploads\/2024\/07\/UN-05072024-4-1024x576.jpg 1024w, https:\/\/zagros-centre.org\/wp-content\/uploads\/2024\/07\/UN-05072024-4-768x432.jpg 768w, https:\/\/zagros-centre.org\/wp-content\/uploads\/2024\/07\/UN-05072024-4-1536x864.jpg 1536w, https:\/\/zagros-centre.org\/wp-content\/uploads\/2024\/07\/UN-05072024-4.jpg 1920w\" sizes=\"auto, (max-width: 300px) 100vw, 300px\" \/><\/a>\n\t\t\t<\/div><\/figure><figure class='gallery-item'>\n\t\t\t<div class='gallery-icon landscape'>\n\t\t\t\t<a href='https:\/\/zagros-centre.org\/?attachment_id=1816'><img loading=\"lazy\" decoding=\"async\" width=\"300\" height=\"169\" src=\"https:\/\/zagros-centre.org\/wp-content\/uploads\/2024\/07\/UN-05072024-3-300x169.jpg\" class=\"attachment-medium size-medium\" alt=\"\" srcset=\"https:\/\/zagros-centre.org\/wp-content\/uploads\/2024\/07\/UN-05072024-3-300x169.jpg 300w, https:\/\/zagros-centre.org\/wp-content\/uploads\/2024\/07\/UN-05072024-3-1024x576.jpg 1024w, https:\/\/zagros-centre.org\/wp-content\/uploads\/2024\/07\/UN-05072024-3-768x432.jpg 768w, https:\/\/zagros-centre.org\/wp-content\/uploads\/2024\/07\/UN-05072024-3-1536x864.jpg 1536w, https:\/\/zagros-centre.org\/wp-content\/uploads\/2024\/07\/UN-05072024-3.jpg 1920w\" sizes=\"auto, (max-width: 300px) 100vw, 300px\" \/><\/a>\n\t\t\t<\/div><\/figure><figure class='gallery-item'>\n\t\t\t<div class='gallery-icon landscape'>\n\t\t\t\t<a href='https:\/\/zagros-centre.org\/?attachment_id=1817'><img loading=\"lazy\" decoding=\"async\" width=\"300\" height=\"169\" src=\"https:\/\/zagros-centre.org\/wp-content\/uploads\/2024\/07\/UN-05072024-1-300x169.jpg\" class=\"attachment-medium size-medium\" alt=\"\" srcset=\"https:\/\/zagros-centre.org\/wp-content\/uploads\/2024\/07\/UN-05072024-1-300x169.jpg 300w, https:\/\/zagros-centre.org\/wp-content\/uploads\/2024\/07\/UN-05072024-1-1024x576.jpg 1024w, https:\/\/zagros-centre.org\/wp-content\/uploads\/2024\/07\/UN-05072024-1-768x432.jpg 768w, https:\/\/zagros-centre.org\/wp-content\/uploads\/2024\/07\/UN-05072024-1-1536x864.jpg 1536w, https:\/\/zagros-centre.org\/wp-content\/uploads\/2024\/07\/UN-05072024-1.jpg 1920w\" sizes=\"auto, (max-width: 300px) 100vw, 300px\" \/><\/a>\n\t\t\t<\/div><\/figure>\n\t\t<\/div>\n\n","protected":false},"excerpt":{"rendered":"<p>Le 5 juillet 2024, dans le cadre de la 56e session du Conseil des droits de l\u2019homme, un \u00e9v\u00e9nement parall\u00e8le sur les droits de l\u2019homme en Syrie a \u00e9t\u00e9 organis\u00e9 \u00e0 la salle XXV du Palais des Nations \u00e0 Gen\u00e8ve. Cette initiative a \u00e9t\u00e9 orchestr\u00e9e par le Centre Zagros pour les Droits de l\u2019Homme, en &hellip;<\/p>\n","protected":false},"author":1,"featured_media":1814,"comment_status":"open","ping_status":"closed","sticky":false,"template":"","format":"standard","meta":{"footnotes":""},"categories":[72,16,68,47,69],"tags":[],"class_list":["post-1813","post","type-post","status-publish","format-standard","has-post-thumbnail","","category-compte-rendu","category-conseil-des-droits-de-lhomme","category-evenement-parallele","category-rojava","category-side-event"],"_links":{"self":[{"href":"https:\/\/zagros-centre.org\/index.php?rest_route=\/wp\/v2\/posts\/1813","targetHints":{"allow":["GET"]}}],"collection":[{"href":"https:\/\/zagros-centre.org\/index.php?rest_route=\/wp\/v2\/posts"}],"about":[{"href":"https:\/\/zagros-centre.org\/index.php?rest_route=\/wp\/v2\/types\/post"}],"author":[{"embeddable":true,"href":"https:\/\/zagros-centre.org\/index.php?rest_route=\/wp\/v2\/users\/1"}],"replies":[{"embeddable":true,"href":"https:\/\/zagros-centre.org\/index.php?rest_route=%2Fwp%2Fv2%2Fcomments&post=1813"}],"version-history":[{"count":0,"href":"https:\/\/zagros-centre.org\/index.php?rest_route=\/wp\/v2\/posts\/1813\/revisions"}],"wp:featuredmedia":[{"embeddable":true,"href":"https:\/\/zagros-centre.org\/index.php?rest_route=\/wp\/v2\/media\/1814"}],"wp:attachment":[{"href":"https:\/\/zagros-centre.org\/index.php?rest_route=%2Fwp%2Fv2%2Fmedia&parent=1813"}],"wp:term":[{"taxonomy":"category","embeddable":true,"href":"https:\/\/zagros-centre.org\/index.php?rest_route=%2Fwp%2Fv2%2Fcategories&post=1813"},{"taxonomy":"post_tag","embeddable":true,"href":"https:\/\/zagros-centre.org\/index.php?rest_route=%2Fwp%2Fv2%2Ftags&post=1813"}],"curies":[{"name":"wp","href":"https:\/\/api.w.org\/{rel}","templated":true}]}}