{"id":1832,"date":"2024-08-03T07:00:48","date_gmt":"2024-08-03T05:00:48","guid":{"rendered":"https:\/\/zagros-centre.org\/?p=1832"},"modified":"2025-08-05T16:46:14","modified_gmt":"2025-08-05T14:46:14","slug":"declaration-du-centre-zagros-pour-les-droits-de-lhomme-a-loccasion-de-la-dixieme-commemoration-du-genocide-des-yezidis-en-irak","status":"publish","type":"post","link":"https:\/\/zagros-centre.org\/?p=1832","title":{"rendered":"D\u00e9claration du Centre Zagros pour les Droits de l&rsquo;Homme \u00e0 l&rsquo;occasion de la dixi\u00e8me comm\u00e9moration du g\u00e9nocide des Y\u00e9zidis en Irak"},"content":{"rendered":"<p style=\"text-align: justify;\"><img loading=\"lazy\" decoding=\"async\" class=\"size-medium wp-image-1833 alignleft\" src=\"https:\/\/zagros-centre.org\/wp-content\/uploads\/2024\/08\/Genocide-Ezidi-2014-300x169.jpg\" alt=\"\" width=\"300\" height=\"169\" srcset=\"https:\/\/zagros-centre.org\/wp-content\/uploads\/2024\/08\/Genocide-Ezidi-2014-300x169.jpg 300w, https:\/\/zagros-centre.org\/wp-content\/uploads\/2024\/08\/Genocide-Ezidi-2014-1024x575.jpg 1024w, https:\/\/zagros-centre.org\/wp-content\/uploads\/2024\/08\/Genocide-Ezidi-2014-768x432.jpg 768w, https:\/\/zagros-centre.org\/wp-content\/uploads\/2024\/08\/Genocide-Ezidi-2014-1536x863.jpg 1536w, https:\/\/zagros-centre.org\/wp-content\/uploads\/2024\/08\/Genocide-Ezidi-2014.jpg 1920w\" sizes=\"auto, (max-width: 300px) 100vw, 300px\" \/>\u00c0 l\u2019occasion du dixi\u00e8me anniversaire du g\u00e9nocide des Y\u00e9zidis perp\u00e9tr\u00e9 par l\u2019\u00c9tat islamique (EI), le Centre Zagros pour les Droits de l&rsquo;Homme se joint \u00e0 la communaut\u00e9 internationale pour rendre hommage aux victimes et exprimer notre solidarit\u00e9 avec les survivants. En ao\u00fbt 2014, les attaques brutales contre la communaut\u00e9 y\u00e9zidie ont non seulement caus\u00e9 des pertes humaines tragiques, mais ont aussi marqu\u00e9 un moment sombre dans l&rsquo;histoire des violences religieuses et ethniques.<br \/>\nLes massacres de Sinjar, survenus en ao\u00fbt 2014, ont \u00e9t\u00e9 une manifestation d\u00e9vastatrice de l&rsquo;extr\u00e9misme et de la barbarie. Des milliers de Y\u00e9zidis ont \u00e9t\u00e9 victimes d&rsquo;ex\u00e9cutions syst\u00e9matiques, de violences sexuelles et d&rsquo;esclavage. Les hommes adultes ont \u00e9t\u00e9 \u00e9limin\u00e9s en masse, tandis que les femmes et les enfants ont \u00e9t\u00e9 enlev\u00e9s et soumis \u00e0 des souffrances inimaginables. Les preuves fournies par les enqu\u00eates internationales et les t\u00e9moignages des survivants d\u00e9montrent clairement que ces actes rel\u00e8vent du g\u00e9nocide, comme l&rsquo;a confirm\u00e9 la Commission d&rsquo;enqu\u00eate des Nations Unies.<br \/>\nDix ans apr\u00e8s ces \u00e9v\u00e9nements horribles, la situation reste pr\u00e9occupante. Les communaut\u00e9s y\u00e9zidies continuent de faire face \u00e0 des d\u00e9fis colossaux en mati\u00e8re de r\u00e9habilitation, de justice et de retour \u00e0 la normalit\u00e9. La persistance des traumatismes, le manque de soutien pour la reconstruction des communaut\u00e9s et la lenteur des processus judiciaires soulignent l&rsquo;urgence d&rsquo;une action continue.<\/p>\n<p><strong>Recommandations :<\/strong><\/p>\n<p><em><strong>1. <\/strong><strong><em>Reconnaissance et Justice<\/em> :<\/strong> <\/em>Nous appelons la communaut\u00e9 internationale \u00e0 continuer de soutenir les enqu\u00eates sur les crimes perp\u00e9tr\u00e9s par l\u2019EI et \u00e0 veiller \u00e0 ce que les responsables soient jug\u00e9s pour leurs crimes contre l\u2019humanit\u00e9. Les pays doivent collaborer pour mettre en place des m\u00e9canismes efficaces pour traduire les coupables en justice.<\/p>\n<p><em><strong>2. Soutien aux Survivants :<\/strong><\/em> Les efforts pour soutenir les survivants doivent \u00eatre renforc\u00e9s. Cela inclut l&rsquo;acc\u00e8s \u00e0 des soins psychologiques, \u00e0 une aide humanitaire et \u00e0 des opportunit\u00e9s de r\u00e9insertion sociale et \u00e9conomique.<\/p>\n<p><em><strong>3. Reconnaissance Officielle :<\/strong><\/em> Les Nations Unies et les gouvernements doivent continuer \u00e0 reconna\u00eetre officiellement le g\u00e9nocide des Y\u00e9zidis et \u00e0 sensibiliser le public mondial sur l&rsquo;importance de la pr\u00e9vention des g\u00e9nocides.<\/p>\n<p><em><strong>4. Pr\u00e9vention des Futures Violences :<\/strong> <\/em>Il est crucial de d\u00e9velopper des programmes \u00e9ducatifs et de sensibilisation pour lutter contre l&rsquo;extr\u00e9misme religieux et promouvoir la tol\u00e9rance et la compr\u00e9hension interculturelle.<\/p>\n<p>En ce jour de comm\u00e9moration, nous renouvelons notre engagement envers la justice et la dignit\u00e9 pour les Y\u00e9zidis et appelons \u00e0 une action collective pour \u00e9viter que de telles atrocit\u00e9s ne se reproduisent.<\/p>\n<p>3 ao\u00fbt 2024<\/p>\n<p>Centre Zagros pour les Droits de l&rsquo;Homme<\/p>\n<p><img loading=\"lazy\" decoding=\"async\" class=\"alignnone wp-image-1834 size-large\" src=\"https:\/\/zagros-centre.org\/wp-content\/uploads\/2024\/08\/UN_14082021_1-1024x461.jpg\" alt=\"\" width=\"618\" height=\"278\" srcset=\"https:\/\/zagros-centre.org\/wp-content\/uploads\/2024\/08\/UN_14082021_1-1024x461.jpg 1024w, https:\/\/zagros-centre.org\/wp-content\/uploads\/2024\/08\/UN_14082021_1-300x135.jpg 300w, https:\/\/zagros-centre.org\/wp-content\/uploads\/2024\/08\/UN_14082021_1-768x346.jpg 768w, https:\/\/zagros-centre.org\/wp-content\/uploads\/2024\/08\/UN_14082021_1-1536x692.jpg 1536w, https:\/\/zagros-centre.org\/wp-content\/uploads\/2024\/08\/UN_14082021_1.jpg 1974w\" sizes=\"auto, (max-width: 618px) 100vw, 618px\" \/><\/p>\n<p>&nbsp;<\/p>\n","protected":false},"excerpt":{"rendered":"<p>\u00c0 l\u2019occasion du dixi\u00e8me anniversaire du g\u00e9nocide des Y\u00e9zidis perp\u00e9tr\u00e9 par l\u2019\u00c9tat islamique (EI), le Centre Zagros pour les Droits de l&rsquo;Homme se joint \u00e0 la communaut\u00e9 internationale pour rendre hommage aux victimes et exprimer notre solidarit\u00e9 avec les survivants. En ao\u00fbt 2014, les attaques brutales contre la communaut\u00e9 y\u00e9zidie ont non seulement caus\u00e9 des &hellip;<\/p>\n","protected":false},"author":1,"featured_media":1833,"comment_status":"open","ping_status":"closed","sticky":false,"template":"","format":"standard","meta":{"footnotes":""},"categories":[5,4,37,7,60,64,38,50,53],"tags":[],"class_list":["post-1832","post","type-post","status-publish","format-standard","has-post-thumbnail","","category-declaration","category-declaration-ecrite","category-genocide","category-irak","category-kurde","category-kurdistan-irakien","category-massacre","category-minorite","category-yezidis"],"_links":{"self":[{"href":"https:\/\/zagros-centre.org\/index.php?rest_route=\/wp\/v2\/posts\/1832","targetHints":{"allow":["GET"]}}],"collection":[{"href":"https:\/\/zagros-centre.org\/index.php?rest_route=\/wp\/v2\/posts"}],"about":[{"href":"https:\/\/zagros-centre.org\/index.php?rest_route=\/wp\/v2\/types\/post"}],"author":[{"embeddable":true,"href":"https:\/\/zagros-centre.org\/index.php?rest_route=\/wp\/v2\/users\/1"}],"replies":[{"embeddable":true,"href":"https:\/\/zagros-centre.org\/index.php?rest_route=%2Fwp%2Fv2%2Fcomments&post=1832"}],"version-history":[{"count":0,"href":"https:\/\/zagros-centre.org\/index.php?rest_route=\/wp\/v2\/posts\/1832\/revisions"}],"wp:featuredmedia":[{"embeddable":true,"href":"https:\/\/zagros-centre.org\/index.php?rest_route=\/wp\/v2\/media\/1833"}],"wp:attachment":[{"href":"https:\/\/zagros-centre.org\/index.php?rest_route=%2Fwp%2Fv2%2Fmedia&parent=1832"}],"wp:term":[{"taxonomy":"category","embeddable":true,"href":"https:\/\/zagros-centre.org\/index.php?rest_route=%2Fwp%2Fv2%2Fcategories&post=1832"},{"taxonomy":"post_tag","embeddable":true,"href":"https:\/\/zagros-centre.org\/index.php?rest_route=%2Fwp%2Fv2%2Ftags&post=1832"}],"curies":[{"name":"wp","href":"https:\/\/api.w.org\/{rel}","templated":true}]}}