{"id":1875,"date":"2024-09-08T04:54:50","date_gmt":"2024-09-08T02:54:50","guid":{"rendered":"https:\/\/zagros-centre.org\/?p=1875"},"modified":"2024-09-08T04:55:01","modified_gmt":"2024-09-08T02:55:01","slug":"declaration-de-soutien-aux-droits-des-activistes-et-refugies-politiques-kurdes-iraniens-dans-la-region-du-kurdistan-irakien","status":"publish","type":"post","link":"https:\/\/zagros-centre.org\/?p=1875","title":{"rendered":"D\u00e9claration de soutien aux droits des activistes et r\u00e9fugi\u00e9s politiques kurdes iraniens dans la r\u00e9gion du Kurdistan irakien"},"content":{"rendered":"<p style=\"text-align: justify;\">Nous, les organisations signataires de cette d\u00e9claration, exprimons notre profonde inqui\u00e9tude concernant la situation alarmante et dangereuse des r\u00e9fugi\u00e9s politiques, membres des partis politiques kurdes iraniens, et leurs familles, install\u00e9s dans la r\u00e9gion du Kurdistan irakien. Ces personnes ont r\u00e9cemment \u00e9t\u00e9 contraintes, sous pression et par la force, de quitter leur r\u00e9sidence \u00e0 Zergwez, pr\u00e8s de la ville de Souleimaniye, pour \u00eatre relog\u00e9es dans un camp situ\u00e9 dans le district de Sourdash, dans la r\u00e9gion f\u00e9d\u00e9rale du Kurdistan irakien.<\/p>\n<p style=\"text-align: justify;\">Cette relocalisation, qui d\u00e9coule d&rsquo;un accord de s\u00e9curit\u00e9 entre les gouvernements irakien et iranien, suscite une vive inqui\u00e9tude quant \u00e0 la protection de leurs droits fondamentaux en tant que citoyens civils et r\u00e9fugi\u00e9s politiques.<\/p>\n<p style=\"text-align: justify;\">Nous r\u00e9affirmons que ces r\u00e9fugi\u00e9s et leurs familles, conform\u00e9ment aux lois internationales, en particulier \u00e0 la Convention de Gen\u00e8ve relative aux r\u00e9fugi\u00e9s, ont droit \u00e0 la protection, \u00e0 une vie digne et au respect de leur int\u00e9grit\u00e9 personnelle.<\/p>\n<p style=\"text-align: justify;\">Nous condamnons fermement la remise de Behzad Khosravi, un r\u00e9fugi\u00e9 kurde et membre d\u2019un parti kurde, aux autorit\u00e9s iraniennes par les services de s\u00e9curit\u00e9 de la ville de Souleimaniye. Nous exprimons \u00e9galement notre inqui\u00e9tude quant \u00e0 sa situation.<\/p>\n<p style=\"text-align: justify;\">La condition des r\u00e9fugi\u00e9s et des activistes politiques kurdes iraniens dans la r\u00e9gion du Kurdistan n\u00e9cessite une intervention urgente. Il est imp\u00e9ratif non seulement de prot\u00e9ger leurs droits, mais aussi de garantir qu&rsquo;ils ne soient pas utilis\u00e9s comme instruments dans des enjeux politiques ou des accords de s\u00e9curit\u00e9 dans la r\u00e9gion.<\/p>\n<p style=\"text-align: justify;\">En tant que plateforme des organisations non-gouvernementales pour la surveillance des droits humains kurdes en Iran, nous demandons instamment au gouvernement irakien, aux autorit\u00e9s de la r\u00e9gion du Kurdistan, ainsi qu&rsquo;aux parties concern\u00e9es, de :<\/p>\n<ol style=\"text-align: justify;\">\n<li>Garantir la s\u00e9curit\u00e9 et la protection de tous les citoyens civils, en particulier des femmes et des enfants d\u00e9plac\u00e9s vers le camp de Sourdash. Il est essentiel que leurs droits fondamentaux soient respect\u00e9s et prot\u00e9g\u00e9s dans ce nouveau camp.<\/li>\n<li>Assurer une protection internationale aux membres des partis politiques kurdes iraniens et \u00e0 leurs familles, en tant que r\u00e9fugi\u00e9s politiques, contre toute menace \u00e0 leur s\u00e9curit\u00e9 physique ou psychologique. Nous appelons les autorit\u00e9s \u00e0 respecter leur statut de r\u00e9fugi\u00e9s politiques et \u00e0 garantir qu&rsquo;ils ne soient pas mis en danger en raison des accords de s\u00e9curit\u00e9.<\/li>\n<li>Exhorter toutes les parties concern\u00e9es, en particulier les agences de s\u00e9curit\u00e9 de la r\u00e9gion du Kurdistan, \u00e0 traiter ces r\u00e9fugi\u00e9s avec responsabilit\u00e9 et \u00e0 respecter leurs droits humains et leur dignit\u00e9.<\/li>\n<\/ol>\n<p style=\"text-align: justify;\">Nous r\u00e9affirmons notre soutien aux citoyens civils et aux r\u00e9fugi\u00e9s politiques kurdes qui ont \u00e9t\u00e9 contraints de se r\u00e9fugier dans la r\u00e9gion du Kurdistan en raison des pressions exerc\u00e9es par l&rsquo;Iran. Nous continuerons \u00e0 surveiller de pr\u00e8s la situation des d\u00e9plac\u00e9s dans le camp de Sourdash et \u00e0 maintenir des contacts avec les organisations internationales comp\u00e9tentes.<\/p>\n<p style=\"text-align: justify;\">7 septembre 2024<\/p>\n<p style=\"text-align: justify;\">Plateforme des organisations civiles de surveillance des droits humains kurdes en Iran, compos\u00e9e de :<\/p>\n<ul>\n<li>Hengaw Organization for Human Rights &#8211; info@hengaw.net<\/li>\n<li>Hana Human Rights Organization &#8211; news@hana-hr.org<\/li>\n<li>Kurdistan Tribunal &#8211; info@Kurdistan-tribunal.com<\/li>\n<li>WorldKurd Organisation &#8211; info@welt-kurdische-organisation.de<\/li>\n<li>Center of Reporters for Human Rights in Iranian Kurdistan &#8211; reporterscenter@gmail.com<\/li>\n<li>Centre Zagros pour les Droits de l\u2019Homme (NGO in consultative status ECOSOC) -contact@zagros-centre.org<\/li>\n<\/ul>\n<p><img loading=\"lazy\" decoding=\"async\" class=\"wp-image-1827 aligncenter\" src=\"https:\/\/zagros-centre.org\/wp-content\/uploads\/2024\/07\/6ngo-1024x181.jpg\" alt=\"\" width=\"700\" height=\"124\" srcset=\"https:\/\/zagros-centre.org\/wp-content\/uploads\/2024\/07\/6ngo-1024x181.jpg 1024w, https:\/\/zagros-centre.org\/wp-content\/uploads\/2024\/07\/6ngo-300x53.jpg 300w, https:\/\/zagros-centre.org\/wp-content\/uploads\/2024\/07\/6ngo-768x136.jpg 768w, https:\/\/zagros-centre.org\/wp-content\/uploads\/2024\/07\/6ngo-1536x272.jpg 1536w, https:\/\/zagros-centre.org\/wp-content\/uploads\/2024\/07\/6ngo.jpg 1600w\" sizes=\"auto, (max-width: 700px) 100vw, 700px\" \/><\/p>\n","protected":false},"excerpt":{"rendered":"<p>Nous, les organisations signataires de cette d\u00e9claration, exprimons notre profonde inqui\u00e9tude concernant la situation alarmante et dangereuse des r\u00e9fugi\u00e9s politiques, membres des partis politiques kurdes iraniens, et leurs familles, install\u00e9s dans la r\u00e9gion du Kurdistan irakien. Ces personnes ont r\u00e9cemment \u00e9t\u00e9 contraintes, sous pression et par la force, de quitter leur r\u00e9sidence \u00e0 Zergwez, pr\u00e8s &hellip;<\/p>\n","protected":false},"author":1,"featured_media":1828,"comment_status":"open","ping_status":"closed","sticky":false,"template":"","format":"standard","meta":{"footnotes":""},"categories":[1,5,4,48,35,7,6,60,39,64,65],"tags":[],"class_list":["post-1875","post","type-post","status-publish","format-standard","has-post-thumbnail","","category-actualites","category-declaration","category-declaration-ecrite","category-deplacement","category-enfant","category-irak","category-iran","category-kurde","category-kurdistan","category-kurdistan-irakien","category-kurdistan-iranien"],"_links":{"self":[{"href":"https:\/\/zagros-centre.org\/index.php?rest_route=\/wp\/v2\/posts\/1875","targetHints":{"allow":["GET"]}}],"collection":[{"href":"https:\/\/zagros-centre.org\/index.php?rest_route=\/wp\/v2\/posts"}],"about":[{"href":"https:\/\/zagros-centre.org\/index.php?rest_route=\/wp\/v2\/types\/post"}],"author":[{"embeddable":true,"href":"https:\/\/zagros-centre.org\/index.php?rest_route=\/wp\/v2\/users\/1"}],"replies":[{"embeddable":true,"href":"https:\/\/zagros-centre.org\/index.php?rest_route=%2Fwp%2Fv2%2Fcomments&post=1875"}],"version-history":[{"count":0,"href":"https:\/\/zagros-centre.org\/index.php?rest_route=\/wp\/v2\/posts\/1875\/revisions"}],"wp:featuredmedia":[{"embeddable":true,"href":"https:\/\/zagros-centre.org\/index.php?rest_route=\/wp\/v2\/media\/1828"}],"wp:attachment":[{"href":"https:\/\/zagros-centre.org\/index.php?rest_route=%2Fwp%2Fv2%2Fmedia&parent=1875"}],"wp:term":[{"taxonomy":"category","embeddable":true,"href":"https:\/\/zagros-centre.org\/index.php?rest_route=%2Fwp%2Fv2%2Fcategories&post=1875"},{"taxonomy":"post_tag","embeddable":true,"href":"https:\/\/zagros-centre.org\/index.php?rest_route=%2Fwp%2Fv2%2Ftags&post=1875"}],"curies":[{"name":"wp","href":"https:\/\/api.w.org\/{rel}","templated":true}]}}