{"id":1883,"date":"2024-10-08T03:01:57","date_gmt":"2024-10-08T01:01:57","guid":{"rendered":"https:\/\/zagros-centre.org\/?p=1883"},"modified":"2024-10-08T03:14:08","modified_gmt":"2024-10-08T01:14:08","slug":"declaration-du-centre-zagros-pour-les-droits-de-lhomme-a-loccasion-de-la-commemoration-du-7-octobre-2023-et-de-la-situation-au-proche-orient","status":"publish","type":"post","link":"https:\/\/zagros-centre.org\/?p=1883","title":{"rendered":"D\u00e9claration du Centre Zagros pour les Droits de l&rsquo;Homme \u00e0 l&rsquo;occasion de la comm\u00e9moration du 7 octobre 2023 et de la situation au Proche-Orient"},"content":{"rendered":"<div class=\"x11i5rnm xat24cr x1mh8g0r x1vvkbs xtlvy1s x126k92a\">\n<div dir=\"auto\" style=\"text-align: justify;\">Le 7 octobre 2023 marque un sombre anniversaire au Proche-Orient. Un an apr\u00e8s l&rsquo;attaque surprise du Hamas contre Isra\u00ebl, les cicatrices de ce conflit restent profondes. Plus de 40 000 Palestiniens ont perdu la vie, dont des milliers de femmes et d&rsquo;enfants. Gaza est en ruines, et ses habitants souffrent d\u2019un \u00e9puisement physique et psychologique. La trag\u00e9die humanitaire persiste, et une paix v\u00e9ritable semble toujours lointaine.<\/div>\n<div dir=\"auto\" style=\"text-align: justify;\"><\/div>\n<\/div>\n<div class=\"x11i5rnm xat24cr x1mh8g0r x1vvkbs xtlvy1s x126k92a\" style=\"text-align: justify;\">\n<div dir=\"auto\">Le Centre Zagros pour les Droits de l&rsquo;Homme exprime une vive pr\u00e9occupation face \u00e0 l\u2019ing\u00e9rence iranienne dans ce conflit, notamment \u00e0 travers le soutien militaire aux groupes arm\u00e9s tels que le Hamas, le Hezbollah, les Houthis, Hashd al-Shaabi, et d&rsquo;autres factions dans la r\u00e9gion. Ces milices, financ\u00e9es et arm\u00e9es par l&rsquo;Iran, alimentent l&rsquo;escalade de la violence et aggravent les souffrances des civils. Le recours \u00e0 des actes de terreur, aux enl\u00e8vements et \u00e0 la prise d&rsquo;otages ne peut \u00eatre tol\u00e9r\u00e9 et doit \u00eatre d\u00e9nonc\u00e9 sans \u00e9quivoque.<\/div>\n<div dir=\"auto\"><\/div>\n<\/div>\n<div class=\"x11i5rnm xat24cr x1mh8g0r x1vvkbs xtlvy1s x126k92a\" style=\"text-align: justify;\">\n<div dir=\"auto\">L\u2019\u00e9largissement de ce conflit \u00e0 d&rsquo;autres pays de la r\u00e9gion, si ces groupes arm\u00e9s continuent leurs op\u00e9rations sans contrainte, constitue un risque r\u00e9el d\u2019instabilit\u00e9 accrue. La guerre pourrait s&rsquo;\u00e9tendre, mena\u00e7ant d&#8217;embraser l\u2019ensemble du Proche-Orient et au-del\u00e0, et compromettant ainsi les efforts de paix internationaux.<\/div>\n<\/div>\n<div class=\"x11i5rnm xat24cr x1mh8g0r x1vvkbs xtlvy1s x126k92a\" style=\"text-align: justify;\">\n<div dir=\"auto\">Nous affirmons cependant que le peuple palestinien a droit \u00e0 la paix, \u00e0 la s\u00e9curit\u00e9, et \u00e0 l\u2019autod\u00e9termination. Les civils innocents ne doivent pas continuer \u00e0 \u00eatre utilis\u00e9s comme instruments de violence par ces groupes. Nous appelons \u00e0 la lib\u00e9ration imm\u00e9diate de tous les otages retenus par le Hamas et \u00e0 la recherche d\u2019une solution politique urgente pour mettre fin aux hostilit\u00e9s.<\/div>\n<div dir=\"auto\"><\/div>\n<\/div>\n<div class=\"x11i5rnm xat24cr x1mh8g0r x1vvkbs xtlvy1s x126k92a\">\n<div dir=\"auto\" style=\"text-align: justify;\">Le Centre Zagros appelle la communaut\u00e9 internationale \u00e0 redoubler d\u2019efforts pour instaurer une paix durable, permettant \u00e0 toutes les populations de la r\u00e9gion, y compris les Palestiniens, de vivre dans la dignit\u00e9 et la s\u00e9curit\u00e9.<\/div>\n<div dir=\"auto\"><\/div>\n<\/div>\n<div class=\"x11i5rnm xat24cr x1mh8g0r x1vvkbs xtlvy1s x126k92a\">\n<div dir=\"auto\">7 octobre 2024<\/div>\n<\/div>\n<div class=\"x11i5rnm xat24cr x1mh8g0r x1vvkbs xtlvy1s x126k92a\">\n<div dir=\"auto\"><span class=\"html-span xdj266r x11i5rnm xat24cr x1mh8g0r xexx8yu x4uap5 x18d9i69 xkhd6sd x1hl2dhg x16tdsg8 x1vvkbs\"><a class=\"x1i10hfl xjbqb8w x1ejq31n xd10rxx x1sy0etr x17r0tee x972fbf xcfux6l x1qhh985 xm0m39n x9f619 x1ypdohk xt0psk2 xe8uvvx xdj266r x11i5rnm xat24cr x1mh8g0r xexx8yu x4uap5 x18d9i69 xkhd6sd x16tdsg8 x1hl2dhg xggy1nq x1a2a7pz x1sur9pj xkrqix3 x1fey0fg x1s688f\" tabindex=\"0\" role=\"link\" href=\"https:\/\/www.facebook.com\/www.zagroscentre.org?__cft__[0]=AZWyKwkhk9iPIeIKYgXh7oZRayJbFIr_l5ktcHiJlBjBvNf3WjqkT3rx54gE-zSTeTACSclKHMtk0KBU7wcf7lZNp9xHzUtrXZEDZrXZWg5y_gR1dqAk81x8zzXA19d2MiORPknD8kKHbLYGGtiRV44q&amp;__tn__=-]K-R\"><span class=\"xt0psk2\">Centre Zagros pour les Droits de l&rsquo;Homme<\/span><\/a><\/span><\/div>\n<\/div>\n<div dir=\"auto\"><\/div>\n<div dir=\"auto\"><img loading=\"lazy\" decoding=\"async\" class=\"wp-image-1884 aligncenter\" src=\"https:\/\/zagros-centre.org\/wp-content\/uploads\/2024\/10\/Israel-Palestine.jpg\" alt=\"\" width=\"600\" height=\"450\" srcset=\"https:\/\/zagros-centre.org\/wp-content\/uploads\/2024\/10\/Israel-Palestine.jpg 1024w, https:\/\/zagros-centre.org\/wp-content\/uploads\/2024\/10\/Israel-Palestine-300x225.jpg 300w, https:\/\/zagros-centre.org\/wp-content\/uploads\/2024\/10\/Israel-Palestine-100x75.jpg 100w, https:\/\/zagros-centre.org\/wp-content\/uploads\/2024\/10\/Israel-Palestine-768x576.jpg 768w\" sizes=\"auto, (max-width: 600px) 100vw, 600px\" \/><\/div>\n","protected":false},"excerpt":{"rendered":"<p>Le 7 octobre 2023 marque un sombre anniversaire au Proche-Orient. Un an apr\u00e8s l&rsquo;attaque surprise du Hamas contre Isra\u00ebl, les cicatrices de ce conflit restent profondes. Plus de 40 000 Palestiniens ont perdu la vie, dont des milliers de femmes et d&rsquo;enfants. Gaza est en ruines, et ses habitants souffrent d\u2019un \u00e9puisement physique et psychologique. &hellip;<\/p>\n","protected":false},"author":1,"featured_media":1884,"comment_status":"open","ping_status":"closed","sticky":false,"template":"","format":"standard","meta":{"footnotes":""},"categories":[5,4,75,38,74],"tags":[],"class_list":["post-1883","post","type-post","status-publish","format-standard","has-post-thumbnail","","category-declaration","category-declaration-ecrite","category-israel","category-massacre","category-palestine"],"_links":{"self":[{"href":"https:\/\/zagros-centre.org\/index.php?rest_route=\/wp\/v2\/posts\/1883","targetHints":{"allow":["GET"]}}],"collection":[{"href":"https:\/\/zagros-centre.org\/index.php?rest_route=\/wp\/v2\/posts"}],"about":[{"href":"https:\/\/zagros-centre.org\/index.php?rest_route=\/wp\/v2\/types\/post"}],"author":[{"embeddable":true,"href":"https:\/\/zagros-centre.org\/index.php?rest_route=\/wp\/v2\/users\/1"}],"replies":[{"embeddable":true,"href":"https:\/\/zagros-centre.org\/index.php?rest_route=%2Fwp%2Fv2%2Fcomments&post=1883"}],"version-history":[{"count":0,"href":"https:\/\/zagros-centre.org\/index.php?rest_route=\/wp\/v2\/posts\/1883\/revisions"}],"wp:featuredmedia":[{"embeddable":true,"href":"https:\/\/zagros-centre.org\/index.php?rest_route=\/wp\/v2\/media\/1884"}],"wp:attachment":[{"href":"https:\/\/zagros-centre.org\/index.php?rest_route=%2Fwp%2Fv2%2Fmedia&parent=1883"}],"wp:term":[{"taxonomy":"category","embeddable":true,"href":"https:\/\/zagros-centre.org\/index.php?rest_route=%2Fwp%2Fv2%2Fcategories&post=1883"},{"taxonomy":"post_tag","embeddable":true,"href":"https:\/\/zagros-centre.org\/index.php?rest_route=%2Fwp%2Fv2%2Ftags&post=1883"}],"curies":[{"name":"wp","href":"https:\/\/api.w.org\/{rel}","templated":true}]}}