{"id":2029,"date":"2025-06-01T02:21:37","date_gmt":"2025-06-01T00:21:37","guid":{"rendered":"https:\/\/zagros-centre.org\/?p=2029"},"modified":"2025-06-01T04:40:31","modified_gmt":"2025-06-01T02:40:31","slug":"2029-2","status":"publish","type":"post","link":"https:\/\/zagros-centre.org\/?p=2029","title":{"rendered":"La situation des droits de l\u2019Homme en Turquie  ( Janvier \u2013 May 2025)"},"content":{"rendered":"<h4 style=\"text-align: justify;\"><strong>Introduction<\/strong><\/h4>\n<p style=\"text-align: justify;\">Au premier semestre de l\u2019ann\u00e9e 2025, la situation des droits humains en Turquie continue de susciter une vive inqui\u00e9tude au sein de la communaut\u00e9 internationale. Malgr\u00e9 l\u2019existence d\u2019un cadre constitutionnel garantissant les libert\u00e9s fondamentales, les autorit\u00e9s turques ont multipli\u00e9 les mesures restrictives contre la libert\u00e9 d\u2019expression, la libert\u00e9 de la presse, les droits de r\u00e9union et d\u2019association, ainsi que contre les opposants politiques. Dans un contexte marqu\u00e9 par l\u2019arrestation du maire d\u2019Istanbul et une r\u00e9pression accrue des mouvements de contestation, le pouvoir ex\u00e9cutif semble recourir de mani\u00e8re syst\u00e9matique aux outils juridiques et policiers pour \u00e9touffer toute forme de dissidence.<\/p>\n<p style=\"text-align: justify;\">Ce rapport vise \u00e0 dresser un \u00e9tat des lieux document\u00e9 de la situation des droits fondamentaux en Turquie durant les premiers mois de l\u2019ann\u00e9e 2025. \u00c0 travers l\u2019analyse de sources fiables, il met en lumi\u00e8re les atteintes r\u00e9p\u00e9t\u00e9es \u00e0 la libert\u00e9 de la presse, les restrictions impos\u00e9es \u00e0 la soci\u00e9t\u00e9 civile, les cas de d\u00e9tentions arbitraires, ainsi que les violences polici\u00e8res exerc\u00e9es dans le cadre des manifestations. Il accorde \u00e9galement une attention particuli\u00e8re \u00e0 la situation des journalistes, des femmes, et des minorit\u00e9s, souvent premi\u00e8res cibles de cette d\u00e9rive autoritaire.<\/p>\n<p style=\"text-align: justify;\">Dans un contexte o\u00f9 les aspirations d\u00e9mocratiques sont de plus en plus \u00e9touff\u00e9es, ce rapport entend contribuer \u00e0 la reconnaissance des violations persistantes et \u00e0 la mobilisation en faveur du respect des droits humains en Turquie.<\/p>\n<p>&nbsp;<\/p>\n<h4 style=\"text-align: justify;\"><strong>Libert\u00e9s d\u2019expression et m\u00e9dias<\/strong><\/h4>\n<p style=\"text-align: justify;\"><img loading=\"lazy\" decoding=\"async\" class=\"alignleft wp-image-2053\" src=\"https:\/\/zagros-centre.org\/wp-content\/uploads\/2025\/06\/Turkiye1.jpg\" alt=\"\" width=\"530\" height=\"298\" srcset=\"https:\/\/zagros-centre.org\/wp-content\/uploads\/2025\/06\/Turkiye1.jpg 660w, https:\/\/zagros-centre.org\/wp-content\/uploads\/2025\/06\/Turkiye1-300x169.jpg 300w\" sizes=\"auto, (max-width: 530px) 100vw, 530px\" \/>La situation en mati\u00e8re de libert\u00e9 d\u2019expression en Turquie reste tr\u00e8s pr\u00e9occupante d\u00e9but 2025. Le gouvernement exerce un contr\u00f4le serr\u00e9 sur les m\u00e9dias traditionnels : la radio-t\u00e9l\u00e9vision publique (TRT) et l\u2019agence Anadolu diffusent les d\u00e9p\u00eaches officielles, et la quasi-totalit\u00e9 des cha\u00eenes de t\u00e9l\u00e9vision et de la presse \u00e9crite sont align\u00e9es sur l\u2019ex\u00e9cutif (1). Les m\u00e9dias ind\u00e9pendants, souvent de petite taille, survivent principalement en ligne. Les autorit\u00e9s utilisent fr\u00e9quemment la loi sur Internet (n\u00b05651) pour bloquer des sites et censurer les contenus critiques. Selon l\u2019ONG EngelliWeb, plus d\u2019un million de sites Web ont ainsi \u00e9t\u00e9 bloqu\u00e9s en Turquie depuis 2007 (2). Cette censure internet s\u2019est poursuivie en 2025 : par exemple, les forces de l\u2019ordre ont bri\u00e8vement suspendu Instagram pour huit jours en ao\u00fbt 2024 dans le contexte des tensions au Moyen-Orient (3).<\/p>\n<p style=\"text-align: justify;\">De m\u00eame, les autorit\u00e9s restreignent l\u2019acc\u00e8s aux contenus m\u00e9diatiques : le Conseil sup\u00e9rieur de la radio et de la t\u00e9l\u00e9vision (RT\u00dcK), le r\u00e9gulateur audiovisuel, a multipli\u00e9 les sanctions. Fin f\u00e9vrier 2025, RT\u00dcK a inflig\u00e9 au moins six amendes administratives \u00e0 des cha\u00eenes de t\u00e9l\u00e9vision, suspendu temporairement des programmes critiques et m\u00eame censur\u00e9 des affiches de films (annulation d\u2019une projection de Yarasalar\u0131n \u0130stilas\u0131, interdiction du film Oy&rsquo;una Geldik pour \u00ab\u202fnon-conformit\u00e9 l\u00e9gale\u202f\u00bb) (4). L\u2019instance menace r\u00e9guli\u00e8rement de retirer la licence de tout m\u00e9dia qui \u00ab\u202fn\u2019\u00e9mettrait pas dans le sens politique souhait\u00e9\u202f\u00bb. Au total, la charge des d\u00e9cisions de justice et sanctions administratives sur les m\u00e9dias augmente sensiblement, traduisant une forme de censure syst\u00e9matique des voix dissidentes (4)(1).<\/p>\n<p style=\"text-align: justify;\">Par ailleurs, les journalistes critiques continuent d\u2019\u00eatre vis\u00e9s par des poursuites judiciaires. Pendant le premier trimestre 2025, les tribunaux ont ouvert plus de 55 enqu\u00eates contre des journalistes, chroniqueurs ou reporters, un nombre in\u00e9dit sur trois mois, qui d\u00e9montre la \u00ab\u202fsurveillance \u00e9troite\u202f\u00bb exerc\u00e9e sur la presse ind\u00e9pendante par la justice (4). Beaucoup sont accus\u00e9s d\u2019\u00ab\u202fatteinte \u00e0 l\u2019ordre public\u202f\u00bb ou d\u2019\u00ab\u202fincitation \u00e0 la haine \u00bb sans preuve solide, en particulier sous l\u2019accusation vague de terrorisme pour ceux qui critiquent le pouvoir. Par exemple, 7 responsables locaux du syndicat de journalistes D\u0130SK-Basin-Is ont rapport\u00e9 avoir \u00e9t\u00e9 arr\u00eat\u00e9s \u00e0 leur domicile le 24 mars au soir et inculp\u00e9s de \u00ab\u202fviolation de la loi sur les r\u00e9unions et manifestations\u202f\u00bb, avant d\u2019\u00eatre lib\u00e9r\u00e9s sous contr\u00f4le judiciaire deux jours plus tard (5)(4). Ces arrestations massives de journalistes autour des manifestations de fin mars ont \u00e9t\u00e9 d\u00e9nonc\u00e9es comme un \u00ab\u202fattentat contre la libert\u00e9 de la presse\u202f\u00bb par les syndicats.<\/p>\n<p style=\"text-align: justify;\">Des \u00e9tudes ind\u00e9pendantes confirment la pression croissante : le BIA Media Monitoring Report (janv.-mars 2025) note que de nombreux journalistes ont \u00e9t\u00e9 harcel\u00e9s par la justice comme par des proc\u00e9dures administratives. Sur cette p\u00e9riode, plusieurs journalistes influents poursuivis pour leur travail ont \u00e9t\u00e9 acquitt\u00e9s apr\u00e8s des ann\u00e9es de d\u00e9tention (cas de reporters de S\u00f6zc\u00fc, Halk TV, etc.), ce qui souligne l\u2019arbitraire des accusations initiales (4). Dans le m\u00eame esprit, le rapport de Human Rights Watch 2025 rappelle que les tribunaux turcs ont continu\u00e9 d\u2019ignorer ou de rejeter des arr\u00eats de la Cour europ\u00e9enne des droits de l\u2019homme (CEDH) favorables aux m\u00e9dias ind\u00e9pendants (1).<\/p>\n<p style=\"text-align: justify;\">En r\u00e9sum\u00e9, la libert\u00e9 de la presse et d\u2019expression reste tr\u00e8s entrav\u00e9e en Turquie d\u00e9but 2025. Les pouvoirs publics contr\u00f4lent l\u2019essentiel des m\u00e9dias, ordonnent le blocage de sites Internet et multiplient les poursuites contre les journalistes critiques (1)(4). La quasi-absence de contre-pouvoir m\u00e9diatique favorise l\u2019autocensure, tandis que les r\u00e9seaux sociaux \u2013 l\u2019un des derniers espaces de libert\u00e9 \u2013 sont eux aussi fortement surveill\u00e9s et restreints, notamment via des blocages de contenus li\u00e9s aux manifestations (6).<\/p>\n<p>&nbsp;<\/p>\n<h4 style=\"text-align: justify;\"><strong>Traitement des journalistes<\/strong><\/h4>\n<p style=\"text-align: justify;\"><img loading=\"lazy\" decoding=\"async\" class=\"alignright wp-image-2052\" src=\"https:\/\/zagros-centre.org\/wp-content\/uploads\/2025\/06\/Turkiye2.jpg\" alt=\"\" width=\"530\" height=\"316\" srcset=\"https:\/\/zagros-centre.org\/wp-content\/uploads\/2025\/06\/Turkiye2.jpg 670w, https:\/\/zagros-centre.org\/wp-content\/uploads\/2025\/06\/Turkiye2-300x179.jpg 300w\" sizes=\"auto, (max-width: 530px) 100vw, 530px\" \/>Le traitement des journalistes en Turquie au premier semestre 2025 est particuli\u00e8rement alarmant. Les reporters couvrant les manifestations politiques ou critiquant le gouvernement font face \u00e0 des accusations p\u00e9nales et \u00e0 des repr\u00e9sailles. Parmi les cas marquants : sept journalistes ayant couvert les protestations cons\u00e9cutives \u00e0 l\u2019arrestation du maire d\u2019Istanbul ont \u00e9t\u00e9 poursuivis pour \u00ab participation non arm\u00e9e \u00e0 une r\u00e9union ill\u00e9gale \u00bb (loi sur les manifestations) (7). Ces sept m\u00e9dias \u2013 de l\u2019AFP \u00e0 Now Haber en passant par la cha\u00eene pro-HDP Tele 1 \u2013 avaient \u00e9t\u00e9 bri\u00e8vement incarc\u00e9r\u00e9s le 25 mars pour \u00ab cr\u00e9er la peur \u00bb et \u00ab violer la loi \u00bb, avant de recouvrer la libert\u00e9 sous condition deux jours plus tard (7). Les organisations de presse locales ont d\u00e9nonc\u00e9 ces poursuites comme un \u00ab moyen de pression pour faire taire \u00bb la couverture ind\u00e9pendante des \u00e9v\u00e9nements (8)(9).<\/p>\n<p style=\"text-align: justify;\">Par ailleurs, des journalistes \u00e9trangers ont \u00e9t\u00e9 emprisonn\u00e9s ou expuls\u00e9s pour leur travail. Le correspondant de la BBC, Mark Lowen, pr\u00e9sent pour couvrir les manifestations \u00e0 Istanbul, a \u00e9t\u00e9 arr\u00eat\u00e9 \u00e0 son h\u00f4tel le 26 mars et expuls\u00e9 d\u00e8s le lendemain au motif de \u00ab trouble \u00e0 l\u2019ordre public \u00bb (7). Le m\u00eame jour, le journaliste su\u00e9dois Joakim Medin (du journal Dagens ETC) a \u00e9t\u00e9 d\u00e9tenu \u00e0 son arriv\u00e9e en Turquie pour couvrir les mobilisations. Il a ensuite \u00e9t\u00e9 emprisonn\u00e9 pour \u00ab appartenance \u00e0 une organisation terroriste arm\u00e9e \u00bb et \u00ab insulte au pr\u00e9sident \u00bb (7), des accusations tr\u00e8s critiqu\u00e9es au niveau international. L\u2019AFP a fermement demand\u00e9 leur lib\u00e9ration, et m\u00eame la Commission europ\u00e9enne a soulign\u00e9 que \u00ab l\u2019aspirant candidat \u00e0 l\u2019UE \u00bb Turquie devrait respecter la libert\u00e9 de la presse (7)(10).<\/p>\n<p style=\"text-align: justify;\">D\u2019autres affaires traduisent le climat r\u00e9pressif : d\u00e9but f\u00e9vrier, trois journalistes d\u2019investigation (Elif Akg\u00fcl, Y\u0131ld\u0131z Tar et Erc\u00fcment Akdeniz) ont \u00e9t\u00e9 emprisonn\u00e9s depuis le 22 f\u00e9vrier dans le cadre d\u2019une enqu\u00eate sur le Congr\u00e8s de la d\u00e9mocratie des peuples (HDK, li\u00e9 au parti pro-kurde HDP) (9). Plusieurs autres reporters sont assign\u00e9s \u00e0 r\u00e9sidence ou poursuivis dans la m\u00eame affaire, simplement pour avoir analys\u00e9 l\u2019agitation politique. Ces proc\u00e9dures p\u00e8sent sur la libert\u00e9 d\u2019informer et visent clairement \u00e0 intimider les journalistes ind\u00e9pendants.<\/p>\n<p style=\"text-align: justify;\">Enfin, le climat est d\u2019autant plus lourd que les m\u00e9dias officiels qualifient r\u00e9guli\u00e8rement les journalistes critiques de \u00ab propagandistes terroristes \u00bb. \u00c0 titre d\u2019exemple, en mars 2025, les cha\u00eenes publiques ont diffus\u00e9 des accusations non fond\u00e9es contre des correspondants de grandes agences internationales. En parall\u00e8le, la baisse du nombre de m\u00e9dias ind\u00e9pendants (fermetures administratives, intimidations) confirme que la profession tout enti\u00e8re fonctionne d\u00e9sormais sous menace constante. R\u00e9sultat : le journalisme d\u2019investigation et la couverture critique sont de moins en moins possibles, ce qui constitue selon les ONG une entrave grave aux droits d\u2019information de la population (9)(10).<\/p>\n<p>&nbsp;<\/p>\n<h4 style=\"text-align: justify;\"><strong>Libert\u00e9 de r\u00e9union et d\u2019association<\/strong><\/h4>\n<p style=\"text-align: justify;\"><img loading=\"lazy\" decoding=\"async\" class=\"alignleft wp-image-2051\" src=\"https:\/\/zagros-centre.org\/wp-content\/uploads\/2025\/06\/Turkiye3-1024x604-1.jpg\" alt=\"\" width=\"530\" height=\"313\" srcset=\"https:\/\/zagros-centre.org\/wp-content\/uploads\/2025\/06\/Turkiye3-1024x604-1.jpg 1024w, https:\/\/zagros-centre.org\/wp-content\/uploads\/2025\/06\/Turkiye3-1024x604-1-300x177.jpg 300w, https:\/\/zagros-centre.org\/wp-content\/uploads\/2025\/06\/Turkiye3-1024x604-1-768x453.jpg 768w\" sizes=\"auto, (max-width: 530px) 100vw, 530px\" \/>Les libert\u00e9s de r\u00e9union et d\u2019association ont \u00e9t\u00e9 extr\u00eamement restreintes dans les premiers mois de 2025. Face \u00e0 la mont\u00e9e des protestations, les autorit\u00e9s ont d\u00e9cr\u00e9t\u00e9 des interdictions g\u00e9n\u00e9rales de manifestations dans les grandes villes. Ainsi, un arr\u00eat\u00e9 provincial du 19 mars interdit toute manifestation \u00e0 Istanbul (d\u00e9j\u00e0 suspendues depuis le 19 mars) et des interdictions similaires ont \u00e9t\u00e9 \u00e9dict\u00e9es \u00e0 Ankara et Izmir autour du 21 mars (11). Un dispositif policier massif (barrages, contr\u00f4le des v\u00e9hicules) a \u00e9t\u00e9 mis en place pour emp\u00eacher les mobilisations de se constituer (11)(12)(13).<\/p>\n<p style=\"text-align: justify;\">Ces interdictions concernent notamment les manifestations de soutien au maire d\u2019Istanbul emprisonn\u00e9, officiellement motiv\u00e9es par le \u00ab danger d\u2019actions ill\u00e9gales \u00bb, mais d\u00e9nonc\u00e9es comme un verrouillage de l\u2019espace public. Malgr\u00e9 l\u2019interdiction, des centaines de milliers de personnes sont descendues dans la rue en Turquie fin mars pour protester contre l\u2019arrestation de l\u2019\u00e9dile d\u2019opposition. La police a rapidement r\u00e9agi par la force : d\u00e9ploiement de canons \u00e0 eau, de gaz lacrymog\u00e8ne, de grenades fumig\u00e8nes et de balles en caoutchouc (13). Le bilan officiel fait \u00e9tat de plus de 1 133 personnes arr\u00eat\u00e9es lors des manifestations (chiffre annonc\u00e9 par le ministre de l\u2019Int\u00e9rieur) (13). Selon les autorit\u00e9s, les interpell\u00e9s comprenaient des individus li\u00e9s \u00e0 des \u00ab organisations terroristes \u00bb, confirmant l\u2019utilisation du code p\u00e9nal antiterroriste pour \u00e9craser la dissidence politique. En r\u00e9alit\u00e9, ces rassemblements rest\u00e8rent dans leur majorit\u00e9 pacifiques, et les images montrent une violence polici\u00e8re massive : plusieurs manifestants (et journalistes couvrant l\u2019\u00e9v\u00e9nement) ont \u00e9t\u00e9 bless\u00e9s par des tirs de gaz lacrymog\u00e8nes et de balles en caoutchouc (13)(11).<\/p>\n<p style=\"text-align: justify;\">La r\u00e9pression s\u2019est \u00e9tendue aux organisations civiles. \u00c0 titre d\u2019exemple, le 26 mars les dirigeants du syndicat d\u2019enseignants E\u011fitim-Sen ont \u00e9t\u00e9 plac\u00e9s en r\u00e9sidence surveill\u00e9e \u2013 et inculp\u00e9s d\u2019\u00ab incitation \u00e0 commettre un crime \u00bb \u2013 pour avoir simplement organis\u00e9 une journ\u00e9e de gr\u00e8ve en solidarit\u00e9 avec les \u00e9tudiants protestataires (11). Cet \u00e9pouvantail judiciaire illustre la r\u00e9duction drastique du droit de gr\u00e8ve et de coalition syndicale : toute action de solidarit\u00e9 est assimil\u00e9e \u00e0 de la \u00ab provocation \u00bb.<\/p>\n<p style=\"text-align: justify;\">Par ailleurs, le pouvoir a neutralis\u00e9 plusieurs responsables politiques locaux : en f\u00e9vrier 2025, sept \u00e9lus municipaux ont \u00e9t\u00e9 arr\u00eat\u00e9s et deux maires d\u00e9mis de leurs fonctions au profit de pr\u00e9fets nomm\u00e9s par l\u2019\u00c9tat (14). Cette op\u00e9ration, men\u00e9e dans le cadre d\u2019une enqu\u00eate contre le Congr\u00e8s de la d\u00e9mocratie des peuples (HDK), a notamment vis\u00e9 des cadres politiques de la gauche pro-kurde. Au total, 51 militants li\u00e9s au HDK ont \u00e9t\u00e9 interpell\u00e9s (dont 30 plac\u00e9s en d\u00e9tention provisoire) dans cette affaire (14).<\/p>\n<p style=\"text-align: justify;\">Ces mesures confirment une tendance lourde : les autorit\u00e9s turques pratiquent un contr\u00f4le judiciaire et administratif tr\u00e8s strict sur les associations et partis politiques, en particulier ceux issus des minorit\u00e9s ou de l\u2019opposition, violant ainsi le droit d\u2019association et la repr\u00e9sentation d\u00e9mocratique locale (14)(11).<\/p>\n<p style=\"text-align: justify;\">En outre, des ONG et organisations de d\u00e9fense des droits de l\u2019homme font aussi l\u2019objet de pressions. Plusieurs dirigeants de l\u2019\u0130nsan Haklar\u0131 Derne\u011fi (\u0130HD) et de syndicats ont \u00e9t\u00e9 condamn\u00e9s \u00e0 de longues peines de prison, souvent pour avoir \u00e9voqu\u00e9 la guerre au Kurdistan ou critiqu\u00e9 les pratiques s\u00e9curitaires (14). Par exemple, l\u2019\u0130HD rapporte que plusieurs de ses cadres ont \u00e9t\u00e9 emprisonn\u00e9s apr\u00e8s des proc\u00e8s jug\u00e9s \u00ab politiques \u00bb. Dans un contexte o\u00f9 le principe de l\u2019\u00c9tat de droit est s\u00e9rieusement \u00e9branl\u00e9, m\u00eame les organisations non gouvernementales peinent \u00e0 fonctionner sans crainte de repr\u00e9sailles.<\/p>\n<p>&nbsp;<\/p>\n<h4 style=\"text-align: justify;\"><strong>D\u00e9tentions arbitraires et emprisonnements politiques<\/strong><\/h4>\n<p style=\"text-align: justify;\"><img loading=\"lazy\" decoding=\"async\" class=\"alignright wp-image-2050\" src=\"https:\/\/zagros-centre.org\/wp-content\/uploads\/2025\/06\/Turkiye4.jpg\" alt=\"\" width=\"530\" height=\"354\" srcset=\"https:\/\/zagros-centre.org\/wp-content\/uploads\/2025\/06\/Turkiye4.jpg 1024w, https:\/\/zagros-centre.org\/wp-content\/uploads\/2025\/06\/Turkiye4-300x200.jpg 300w, https:\/\/zagros-centre.org\/wp-content\/uploads\/2025\/06\/Turkiye4-768x512.jpg 768w\" sizes=\"auto, (max-width: 530px) 100vw, 530px\" \/>Les premiers mois de 2025 ont vu se multiplier les d\u00e9tentions et emprisonnements \u00e0 caract\u00e8re politique. Le signal d\u2019alarme a \u00e9t\u00e9 donn\u00e9 fin mars, lorsqu\u2019un tribunal d\u2019Istanbul a plac\u00e9 en d\u00e9tention provisoire Ekrem \u0130mamo\u011flu, maire de la ville et figure de l\u2019opposition r\u00e9publicaine, sous pr\u00e9texte d\u2019accusations de corruption. Ce placement en d\u00e9tention (et sa suspension de fait de ses fonctions municipales) est interpr\u00e9t\u00e9 par de nombreux observateurs comme un acte politique majeur pour \u00e9carter de l\u2019ar\u00e8ne \u00e9lectorale un rival d\u2019Erdogan (15)(16).<\/p>\n<p style=\"text-align: justify;\">Cet \u00e9v\u00e9nement a d\u00e9clench\u00e9 la plus importante vague d\u2019arrestations politiques en Turquie depuis des ann\u00e9es. Outre \u0130mamo\u011flu lui-m\u00eame, les forces de l\u2019ordre ont arr\u00eat\u00e9 1\u00a0133 manifestants dans tout le pays en une semaine (17). Selon les autorit\u00e9s, certains d\u00e9tenus \u00e9taient li\u00e9s \u00e0 des groupes \u00ab\u00a0terroristes\u00a0\u00bb, mais cette qualification a \u00e9t\u00e9 jug\u00e9e abusive par les organisations de d\u00e9fense des droits humains.<\/p>\n<p style=\"text-align: justify;\">Parmi ces interpellations, on compte aussi plusieurs figures politiques et syndicales de l\u2019opposition. Des cadres du Parti r\u00e9publicain du peuple (CHP), ainsi que des personnalit\u00e9s de la gauche kurde, ont \u00e9t\u00e9 bri\u00e8vement emprisonn\u00e9s avant d\u2019\u00eatre lib\u00e9r\u00e9s sous contr\u00f4le judiciaire. En parall\u00e8le, le gouvernement a intensifi\u00e9 les poursuites initi\u00e9es dans le cadre de l\u2019enqu\u00eate HDK : en f\u00e9vrier-mars, une nouvelle s\u00e9rie de gardes \u00e0 vue a vis\u00e9 des opposants divers, souvent sous le motif de \u00ab\u00a0financement du terrorisme\u00a0\u00bb sur la base de leur participation \u00e0 des r\u00e9unions politiques ou syndicales.<\/p>\n<p style=\"text-align: justify;\">Le bilan exact de tous ces proc\u00e8s et d\u00e9tentions n\u2019est pas encore public, mais la r\u00e9pression judiciaire est consid\u00e9r\u00e9e comme syst\u00e9matique et arbitraire par les ONG locales. Du c\u00f4t\u00e9 des droits juridiques, les d\u00e9fauts de proc\u00e9dure abondent. De nombreux d\u00e9tenus politiques d\u00e9noncent l\u2019absence d\u2019enqu\u00eate s\u00e9rieuse sur les accusations port\u00e9es contre eux, ainsi que l\u2019intransparence des interrogatoires. Les tribunaux anti-terroristes, utilis\u00e9s fr\u00e9quemment contre les opposants, refusent souvent la lev\u00e9e de la d\u00e9tention provisoire, comme l\u2019illustre le cas des sept journalistes mentionn\u00e9s dans une section pr\u00e9c\u00e9dente.<\/p>\n<p style=\"text-align: justify;\">Par ailleurs, la Turquie continue de faire fi des d\u00e9cisions contraires de la Cour europ\u00e9enne des droits de l\u2019homme (CEDH) : \u00e0 plusieurs reprises en 2024, la Cour avait ordonn\u00e9 la lib\u00e9ration de prisonniers d\u2019opinion, sans effet en 2025 (18). Le climat en prison reste lui aussi pr\u00e9occupant : les d\u00e9nonciations de conditions de d\u00e9tention inhumaines, de surpopulation chronique et de mauvais traitements subsistent. Certains prisonniers politiques ont m\u00eame entam\u00e9 des gr\u00e8ves de la faim pour protester contre le refus des autorit\u00e9s de r\u00e9pondre \u00e0 leurs appels au dialogue. Tout cela contribue \u00e0 faire des prisons turques \u2013 particuli\u00e8rement les \u00e9tablissements pour pr\u00e9venus terroristes \u2013 des lieux de violations massives des droits fondamentaux.<\/p>\n<p>&nbsp;<\/p>\n<h4 style=\"text-align: justify;\"><strong>Droits des femmes<\/strong><\/h4>\n<p style=\"text-align: justify;\"><img loading=\"lazy\" decoding=\"async\" class=\"alignleft wp-image-2049\" src=\"https:\/\/zagros-centre.org\/wp-content\/uploads\/2025\/06\/Turkiye5-1024x682-1.jpg\" alt=\"\" width=\"530\" height=\"353\" srcset=\"https:\/\/zagros-centre.org\/wp-content\/uploads\/2025\/06\/Turkiye5-1024x682-1.jpg 1024w, https:\/\/zagros-centre.org\/wp-content\/uploads\/2025\/06\/Turkiye5-1024x682-1-300x200.jpg 300w, https:\/\/zagros-centre.org\/wp-content\/uploads\/2025\/06\/Turkiye5-1024x682-1-768x512.jpg 768w, https:\/\/zagros-centre.org\/wp-content\/uploads\/2025\/06\/Turkiye5-1024x682-1-310x205.jpg 310w\" sizes=\"auto, (max-width: 530px) 100vw, 530px\" \/>La situation des femmes en Turquie en 2025 reste marqu\u00e9e par de tr\u00e8s graves violations, en d\u00e9pit de la promulgation officielle de lois protectrices. Le retrait unilat\u00e9ral de la Turquie de la Convention d\u2019Istanbul (protection contre les violences sexistes, abandonn\u00e9e fin 2021) continue d\u2019alimenter l\u2019impunit\u00e9. Pour m\u00e9moire, le 8 mars 2025, l\u2019Association pour les droits des femmes (Kad\u0131n\u0131n \u0130nsan Haklar\u0131 Derne\u011fi \u2013 K\u0130H) a d\u00e9pos\u00e9 une plainte contre la Turquie aupr\u00e8s de la CEDH, d\u00e9non\u00e7ant que ce retrait \u2013 r\u00e9clam\u00e9 sous pression des nationalistes et de groupes religieux conservateurs \u2013 a caus\u00e9 une flamb\u00e9e des attaques contre les femmes et la communaut\u00e9 LGBT (19).<\/p>\n<p style=\"text-align: justify;\">Les chiffres recueillis par la presse ind\u00e9pendante illustrent l\u2019ampleur du fl\u00e9au. Bianet publie r\u00e9guli\u00e8rement les donn\u00e9es de son d\u00e9compte \u00ab Erkek \u015eiddeti \u00bb (violences masculines) mensuel. Selon ces rapports :<\/p>\n<ul style=\"text-align: justify;\">\n<li>Janvier 2025 : au moins 28 femmes ont \u00e9t\u00e9 tu\u00e9es par des hommes, ainsi que 4 enfants (dont 1 gar\u00e7on), g\u00e9n\u00e9ralement suite \u00e0 une violence conjugale ou sexuelle. En outre, 39 femmes ont \u00e9t\u00e9 agress\u00e9es et 13 enfants (filles et gar\u00e7ons) abus\u00e9s sexuellement (20)(21).<\/li>\n<li>F\u00e9vrier 2025 : au moins 17 femmes et 9 enfants ont \u00e9t\u00e9 tu\u00e9s par des hommes. Le nombre de femmes agress\u00e9es atteint 51, tandis que 5 enfants ont subi des abus sexuels et 8 femmes ont \u00e9t\u00e9 victimes de harc\u00e8lement (22).<\/li>\n<li>Mars 2025 : 24 femmes et 10 enfants (de 4 \u00e0 11 ans) ont \u00e9t\u00e9 tu\u00e9s par des hommes. Au cours de ce mois, 59 cas de violences physiques contre des femmes et 15 abus sexuels sur des enfants (incluant des gar\u00e7ons) ont \u00e9t\u00e9 recens\u00e9s (23).<\/li>\n<li>Avril 2025 : au moins 36 femmes et 2 enfants ont perdu la vie sous les coups de partenaires ou proches. Parmi eux, plusieurs mineurs (notamment des gar\u00e7ons) ont aussi \u00e9t\u00e9 agress\u00e9s ou tu\u00e9s sexuellement (24).<\/li>\n<\/ul>\n<p style=\"text-align: justify;\">Ces statistiques r\u00e9v\u00e8lent qu\u2019en quatre mois, pr\u00e8s de 105 femmes et 25 enfants ont \u00e9t\u00e9 tu\u00e9s par la violence masculine en Turquie. Ces meurtriers, majoritairement connus des victimes (\u00e9poux, ex-conjoints, parents ou voisins), b\u00e9n\u00e9ficient souvent de \u00ab circonstances att\u00e9nuantes \u00bb en justice. Les affaires de f\u00e9minicide sont tristement banalis\u00e9es\u00a0: les tribunaux n\u2019h\u00e9sitent pas \u00e0 accorder des am\u00e9nagements de peine, voire des acquittements, au pr\u00e9texte que la \u00ab passion \u00bb ou l\u2019\u00ab honneur \u00bb serait en jeu (27).<\/p>\n<p style=\"text-align: justify;\">En outre, la p\u00e9nalisation r\u00e9cente de l\u2019adult\u00e8re (r\u00e9introduite en 2024) fait craindre une aggravation de l\u2019impunit\u00e9, car l\u2019adult\u00e8re a \u00e9t\u00e9 \u00e9voqu\u00e9 comme circonstance att\u00e9nuante dans plusieurs proc\u00e8s de f\u00e9minicide.<\/p>\n<p style=\"text-align: justify;\">Outre l\u2019extr\u00eame violence meurtri\u00e8re, d\u2019autres violations concernent la libert\u00e9 et la dignit\u00e9 des femmes. Des militantes et journalistes f\u00e9ministes subissent des poursuites pour d\u00e9lit d\u2019insulte ou de \u201cpropagande terroriste\u201d lorsqu\u2019elles d\u00e9noncent l\u2019\u00e9pid\u00e9mie de harc\u00e8lement de rue et d\u2019agressions sexuelles (parfois attribu\u00e9s par l\u2019\u00c9tat \u00e0 des groupes terroristes afin de d\u00e9tourner le d\u00e9bat).<\/p>\n<p style=\"text-align: justify;\">Les campagnes contre les mutilations g\u00e9nitales f\u00e9minines et le mariage pr\u00e9coce, de plus en plus m\u00e9diatis\u00e9es dans la soci\u00e9t\u00e9 civile, ne sont pas officiellement soutenues par le gouvernement, qui reste silencieux sur ces questions.<\/p>\n<p style=\"text-align: justify;\">Par ailleurs, le climat islamo-conservateur au pouvoir implique un discours public d\u00e9non\u00e7ant la contraception ou la libert\u00e9 vestimentaire f\u00e9minine, ce qui \u00e9rode la la\u00efcit\u00e9 sociale et cr\u00e9e un environnement hostile aux droits reproductifs (26).<\/p>\n<p style=\"text-align: justify;\">En r\u00e9sum\u00e9, les droits des femmes en Turquie sont quotidiennement menac\u00e9s. Le retrait de la Convention d\u2019Istanbul, combin\u00e9 \u00e0 l\u2019absence d\u2019enqu\u00eates efficaces sur les crimes sexistes, a contribu\u00e9 \u00e0 ce qu\u2019une femme soit tu\u00e9e tous les deux ou trois jours en 2025 selon les militants de la soci\u00e9t\u00e9 civile (25). Les autorit\u00e9s montrent peu de volont\u00e9 politique pour changer la donne ; au contraire, des lois r\u00e9pressives comme l\u2019interdiction de l\u2019avortement qui a circul\u00e9 en mars 2025 (projet avort\u00e9 apr\u00e8s protestations) illustrent la dangereuse d\u00e9rive conservatrice (28).<\/p>\n<p style=\"text-align: justify;\">Les observateurs locaux concluent qu\u2019\u00ab on tue les femmes en toute impunit\u00e9 \u00bb en Turquie, et d\u00e9noncent le manque criant de protection \u00e9tatique des plus vuln\u00e9rables.<\/p>\n<p>&nbsp;<\/p>\n<h4 style=\"text-align: justify;\"><strong>Droits des enfants<\/strong><\/h4>\n<p style=\"text-align: justify;\"><img loading=\"lazy\" decoding=\"async\" class=\"alignright wp-image-2048\" src=\"https:\/\/zagros-centre.org\/wp-content\/uploads\/2025\/06\/Turkiye6.jpg\" alt=\"\" width=\"530\" height=\"275\" srcset=\"https:\/\/zagros-centre.org\/wp-content\/uploads\/2025\/06\/Turkiye6.jpg 501w, https:\/\/zagros-centre.org\/wp-content\/uploads\/2025\/06\/Turkiye6-300x156.jpg 300w\" sizes=\"auto, (max-width: 530px) 100vw, 530px\" \/>La situation des enfants en Turquie entre janvier et mai 2025 est alarmante, tant sur le plan de la s\u00e9curit\u00e9 que des libert\u00e9s fondamentales.\u00a0Sur le plan de la s\u00e9curit\u00e9, les bilans mensuels des violences dites \u00ab masculines \u00bb (voir section pr\u00e9c\u00e9dente) font appara\u00eetre que 25 enfants au moins ont \u00e9t\u00e9 tu\u00e9s au premier trimestre 2025 par des adultes, dans la plupart des cas leur propre p\u00e8re ou un proche (29)(30).<\/p>\n<p style=\"text-align: justify;\">Ces drames incluent des gar\u00e7ons et des filles, \u00e2g\u00e9s parfois de 4 ou 6 ans, souvent retrouv\u00e9s assassin\u00e9s \u00e0 coups d\u2019arme blanche ou noy\u00e9s.<\/p>\n<p style=\"text-align: justify;\">En outre, de nombreux mineurs ont \u00e9t\u00e9 victimes d\u2019abus sexuels ou de brutalit\u00e9s (par exemple, 5 enfants abus\u00e9s en f\u00e9vrier et 15 en mars selon Bianet) (31)(32). Ces chiffres refl\u00e8tent le profond manque de protection de l\u2019enfance : les autorit\u00e9s ne paraissent pas enclines \u00e0 mener des enqu\u00eates ind\u00e9pendantes contre les auteurs de ces violences, et les peines prononc\u00e9es restent d\u00e9risoires.<\/p>\n<p style=\"text-align: justify;\">Au-del\u00e0 de la violence intrafamiliale, les enfants turcs subissent d\u2019autres formes de privations de droits. Le retour sporadique de la pand\u00e9mie de Covid-19 dans l\u2019hiver 2024-2025 n\u2019a pas entra\u00een\u00e9 de mesures sanitaires sp\u00e9cifiques pour les \u00e9coles, mais beaucoup d\u2019\u00e9tablissements sont encore mal \u00e9quip\u00e9s en mat\u00e9riel et en personnel.<\/p>\n<p style=\"text-align: justify;\">Le budget de l\u2019\u00c9tat consacre peu de ressources \u00e0 l\u2019\u00e9ducation publique (m\u00eame si le rapport de 2025 de Freedom House rel\u00e8ve un effort budg\u00e9taire global, la r\u00e9partition reste insuffisante), et certains enfants issus de familles pauvres d\u00e9sertent les bancs de l\u2019\u00e9cole pour travailler. Le nombre d\u2019enfants au travail, \u00e0 la rue ou dans des ateliers clandestins, se maintient \u00e0 un niveau \u00e9lev\u00e9, car le gouvernement ne m\u00e8ne aucune campagne de lutte contre le travail infantile.<\/p>\n<p style=\"text-align: justify;\">Sur le plan juridique, les limites d\u2019\u00e2ge p\u00e9nal basses (14 ans) permettent d\u2019envoyer des adolescents au tribunal comme des adultes, sans que le syst\u00e8me judiciaire soit adapt\u00e9 aux mineurs.<\/p>\n<p style=\"text-align: justify;\">Les droits culturels et linguistiques des enfants kurdes ont aussi \u00e9t\u00e9 restreints. Bien que la loi permette th\u00e9oriquement l\u2019apprentissage du kurde dans les \u00e9coles primaires, la mise en \u0153uvre reste d\u00e9risoire. D\u00e9but 2025, seule une poign\u00e9e d\u2019\u00e9coles proposent des cours maternels en kurde, faute de volontaires ou d\u2019infrastructures. Les autorit\u00e9s multiplient les discours hostiles au multilinguisme, maintenant un climat hostile \u00e0 l\u2019\u00e9ducation dans la langue minoritaire.<\/p>\n<p style=\"text-align: justify;\">De m\u00eame, les enfants roms ou al\u00e9vis continuent de subir marginalisation et discrimination dans les milieux scolaires et dans l\u2019acc\u00e8s aux services de sant\u00e9, sans protection \u00e9tatique sp\u00e9cifique.<\/p>\n<p style=\"text-align: justify;\">Enfin, l\u2019accueil des enfants migrants (r\u00e9fugi\u00e9s) n\u2019est pas \u00e0 la hauteur. La Turquie abrite plus de 3,5 millions de migrants, en majorit\u00e9 syriens, dont beaucoup d\u2019enfants vivent dans des conditions pr\u00e9caires. Les ONG d\u00e9noncent des carences dans les services de sant\u00e9 mentale, notamment pour ceux ayant fui des zones de guerre. Le syst\u00e8me scolaire n\u2019absorbe qu\u2019une partie de ces enfants\u00a0: beaucoup ne vont pas \u00e0 l\u2019\u00e9cole ou sont int\u00e9gr\u00e9s dans des classes mal encadr\u00e9es. Bien que la Turquie ait sign\u00e9 la Convention relative aux droits de l\u2019enfant, les structures de mise en \u0153uvre sont insuffisantes.<\/p>\n<p style=\"text-align: justify;\">En somme, les droits des enfants (s\u00e9curit\u00e9 physique, acc\u00e8s \u00e0 l\u2019\u00e9ducation, protection judiciaire) sont violemment fragilis\u00e9s en Turquie au premier semestre 2025. Les chiffres de la violence familiale font \u00e9tat d\u2019une v\u00e9ritable \u00e9pid\u00e9mie meurtri\u00e8re sur les mineurs (33)(34), et d\u2019autres droits fondamentaux restent n\u00e9glig\u00e9s par les pouvoirs publics. Les organisations de d\u00e9fense de l\u2019enfance interpellent les autorit\u00e9s sur la n\u00e9cessit\u00e9 d\u2019une politique sociale ambitieuse, sans r\u00e9sultats tangibles jusqu\u2019ici.<\/p>\n<p>&nbsp;<\/p>\n<h4 style=\"text-align: justify;\"><strong>Droits des minorit\u00e9s et populations vuln\u00e9rables<\/strong><\/h4>\n<p style=\"text-align: justify;\"><img loading=\"lazy\" decoding=\"async\" class=\"wp-image-2047 alignleft\" src=\"https:\/\/zagros-centre.org\/wp-content\/uploads\/2025\/06\/Turkiye7-1024x687-1.jpg\" alt=\"\" width=\"530\" height=\"356\" srcset=\"https:\/\/zagros-centre.org\/wp-content\/uploads\/2025\/06\/Turkiye7-1024x687-1.jpg 1024w, https:\/\/zagros-centre.org\/wp-content\/uploads\/2025\/06\/Turkiye7-1024x687-1-300x201.jpg 300w, https:\/\/zagros-centre.org\/wp-content\/uploads\/2025\/06\/Turkiye7-1024x687-1-768x515.jpg 768w, https:\/\/zagros-centre.org\/wp-content\/uploads\/2025\/06\/Turkiye7-1024x687-1-110x75.jpg 110w\" sizes=\"auto, (max-width: 530px) 100vw, 530px\" \/>Les droits des minorit\u00e9s ethniques, religieuses et sociales sont eux aussi largement bafou\u00e9s en Turquie.\u00a0L\u2019exemple le plus frappant concerne les populations kurdes des provinces de l\u2019est : les maires et repr\u00e9sentants politiques kurdes (appartenant au HDP) ont \u00e9t\u00e9 massivement vis\u00e9s par des proc\u00e9dures d\u2019urgence. D\u00e9but 2025, deux municipalit\u00e9s contr\u00f4l\u00e9es par des opposants ont perdu leur maire apr\u00e8s des accusations de \u00ab lien avec le terrorisme \u00bb (35). Le pouvoir a alors nomm\u00e9 des \u00ab administrateurs sp\u00e9ciaux \u00bb (kayyum) \u00e0 leur place, ce qui revient \u00e0 priver des milliers d\u2019\u00e9lecteurs de leur choix d\u00e9mocratique. Ce pr\u00e9c\u00e9dent confirme que la Turquie poursuit sa politique de gouvernance par suppressions de mandat et mise sous tutelle des populations kurdes, en contradiction flagrante avec les libert\u00e9s locales.<\/p>\n<p style=\"text-align: justify;\">Par ailleurs, la Turquie compte plusieurs minorit\u00e9s religieuses (alaouites, chr\u00e9tiens, aram\u00e9ens, y\u00e9zidis, etc.) et ethniques (Grecs, Arm\u00e9niens, Juifs) qui signalent d\u2019incessantes discriminations. Leur droit \u00e0 l\u2019association est restreint\u00a0: par exemple, les \u00e9coles confessionnelles de minorit\u00e9s chr\u00e9tiennes subissent des tracasseries administratives, et quelques \u00e9dits municipaux ont tent\u00e9 de limiter le port de symboles religieux non musulmans. Aucune am\u00e9lioration n\u2019a \u00e9t\u00e9 observ\u00e9e pour ces communaut\u00e9s\u00a0: leur situation reste bloqu\u00e9e par un nationalisme ambiant qui les consid\u00e8re souvent comme suspectes ou \u00e9trang\u00e8res.<\/p>\n<p style=\"text-align: justify;\">Les minorit\u00e9s sexuelles (LGBT+) ont \u00e9galement fait l\u2019objet d\u2019attaques symboliques et l\u00e9gislatives. Sous pr\u00e9texte de prot\u00e9ger la \u00ab famille traditionnelle \u00bb, le gouvernement a lanc\u00e9 fin f\u00e9vrier 2025 un projet de loi tr\u00e8s r\u00e9pressif \u00e0 l\u2019encontre des personnes LGBT (36). Ce projet pr\u00e9voit notamment d\u2019introduire la notion de \u00ab sexe biologique \u00bb dans le code p\u00e9nal et de restreindre drastiquement les proc\u00e9dures de changement de genre, ajoutant des conditions m\u00e9dicales coercitives, voire un parcours administratif humiliant. Il criminaliserait m\u00eame les c\u00e9r\u00e9monies symboliques de mariage homosexuel. En clair, un transidentitaire turc serait d\u00e9sormais oblig\u00e9 de prouver sa st\u00e9rilisation et de suivre un parcours m\u00e9dical impos\u00e9 pour \u00eatre reconnu dans sa nouvelle identit\u00e9. Cette logique d\u00e9shumanisante a \u00e9t\u00e9 vivement d\u00e9nonc\u00e9e par les associations LGBT et internationales.<\/p>\n<p style=\"text-align: justify;\">Elle s\u2019inscrit dans le climat de \u00ab 2025 : Ann\u00e9e de la famille \u00bb pr\u00f4n\u00e9 par le r\u00e9gime, qui associe en fait droits LGBT et \u00ab propagande \u00e9trang\u00e8re \u00bb. Des violences de rue traduisent aussi l\u2019intol\u00e9rance croissante contre les minorit\u00e9s sexuelles. \u00c0 Istanbul et Ankara, les \u00e9v\u00e9nements publics LGBT (marches des fiert\u00e9s symboliques, meetings culturels) ont \u00e9t\u00e9 syst\u00e9matiquement interdits ou attaqu\u00e9s en 2025. Des groupes nationalistes ont agress\u00e9 publiquement des participants \u00e0 de telles manifestations, encourag\u00e9s tacitement par l\u2019absence de sanction polici\u00e8re (37)(38).<\/p>\n<p style=\"text-align: justify;\">Cette situation confirme l\u2019analyse de la soci\u00e9t\u00e9 civile : la Turquie conna\u00eet \u00ab un recul sans pr\u00e9c\u00e9dent pour les droits LGBT+ \u00bb.<\/p>\n<p style=\"text-align: justify;\">Enfin, parmi les autres groupes vuln\u00e9rables, les Roms et les personnes en situation de handicap continuent de subir n\u00e9gligence et stigmatisation. Les Roms, par exemple, sont souvent arr\u00eat\u00e9s pour mendicit\u00e9 ou violences mineures, tandis que les autorit\u00e9s cl\u00f4turent des camps d\u2019aide pour eux. Les enfants handicap\u00e9s scolaris\u00e9s ont peu de soutien \u00e9ducatif adapt\u00e9, malgr\u00e9 des textes de loi existants. Les ONG signalent \u00e9galement des discriminations \u00e0 l\u2019encontre des migrants et demandeurs d\u2019asile (hors r\u00e9fugi\u00e9s syriens). Par exemple, des communaut\u00e9s iraniennes de Kurdes et d\u2019Ahmadis affirment \u00eatre pers\u00e9cut\u00e9es par les autorit\u00e9s locales, qui les expulsent et confisquent leurs biens sans proc\u00e8s.<\/p>\n<p style=\"text-align: justify;\">En d\u00e9finitive, qu\u2019il s\u2019agisse de minorit\u00e9s ethniques, religieuses ou sexuelles, les droits collectifs et individuels sont gravement menac\u00e9s. L\u2019\u00c9tat favorise l\u2019homog\u00e9n\u00e9it\u00e9 nationale et la vision majoritaire de la soci\u00e9t\u00e9, attaquant syst\u00e9matiquement les identit\u00e9s dissidentes. De nombreux observateurs ont conclu qu\u2019\u00ab aucune minorit\u00e9 n\u2019est \u00e0 l\u2019abri \u00bb en Turquie, du fait du refus persistant de l\u2019appareil d\u2019\u00c9tat de reconna\u00eetre la pluralit\u00e9. Les pressions vont du harc\u00e8lement verbal aux arrestations judiciaires, et s\u2019inscrivent dans une politique claire d\u2019uniformisation culturelle et politique.<\/p>\n<p>&nbsp;<\/p>\n<h4 style=\"text-align: justify;\"><strong>Le processus de paix entre la Turquie et le PKK en 2025<\/strong><\/h4>\n<p style=\"text-align: justify;\"><img loading=\"lazy\" decoding=\"async\" class=\"alignright wp-image-2046\" src=\"https:\/\/zagros-centre.org\/wp-content\/uploads\/2025\/06\/Turkiye8.jpg\" alt=\"\" width=\"530\" height=\"352\" srcset=\"https:\/\/zagros-centre.org\/wp-content\/uploads\/2025\/06\/Turkiye8.jpg 976w, https:\/\/zagros-centre.org\/wp-content\/uploads\/2025\/06\/Turkiye8-300x199.jpg 300w, https:\/\/zagros-centre.org\/wp-content\/uploads\/2025\/06\/Turkiye8-768x511.jpg 768w, https:\/\/zagros-centre.org\/wp-content\/uploads\/2025\/06\/Turkiye8-310x205.jpg 310w\" sizes=\"auto, (max-width: 530px) 100vw, 530px\" \/>Apr\u00e8s quatre d\u00e9cennies de conflit ayant caus\u00e9 plus de 40 000 morts, le Parti des Travailleurs du Kurdistan (PKK) a annonc\u00e9, le 1er mars 2025, un cessez-le-feu unilat\u00e9ral en r\u00e9ponse \u00e0 l&rsquo;appel de son fondateur emprisonn\u00e9, Abdullah \u00d6calan, en faveur de la paix et d&rsquo;une soci\u00e9t\u00e9 d\u00e9mocratique (39). Le comit\u00e9 ex\u00e9cutif du PKK, bas\u00e9 dans le nord de l&rsquo;Irak, a d\u00e9clar\u00e9 qu&rsquo;aucune action arm\u00e9e ne serait entreprise \u00e0 moins d&rsquo;\u00eatre attaqu\u00e9, marquant ainsi une \u00e9tape significative vers la fin des hostilit\u00e9s (39).<\/p>\n<p style=\"text-align: justify;\">Cette d\u00e9cision a \u00e9t\u00e9 pr\u00e9c\u00e9d\u00e9e de quatre mois de dialogue entre les autorit\u00e9s turques et le principal parti pro-kurde, le DEM. \u00d6calan, depuis sa prison sur l&rsquo;\u00eele d&rsquo;Imrali, a exhort\u00e9 le PKK \u00e0 d\u00e9poser les armes et \u00e0 se dissoudre, affirmant que l&rsquo;\u00e9poque de la lutte arm\u00e9e \u00e9tait r\u00e9volue et qu&rsquo;il assumait la responsabilit\u00e9 historique de cet appel (39).<\/p>\n<p style=\"text-align: justify;\">Le 12 mai 2025, le PKK a officiellement annonc\u00e9 sa d\u00e9cision de se d\u00e9sarmer et de se dissoudre, consid\u00e9rant avoir accompli sa mission historique en ouvrant la voie \u00e0 une r\u00e9solution politique de la question kurde (40). Cette annonce a \u00e9t\u00e9 salu\u00e9e par le pr\u00e9sident turc Recep Tayyip Erdo\u011fan, qui a soulign\u00e9 son importance pour la s\u00e9curit\u00e9 nationale et la paix r\u00e9gionale, tout en affirmant que le processus serait \u00e9troitement surveill\u00e9 pour \u00e9viter tout revers (40).<\/p>\n<p style=\"text-align: justify;\">Malgr\u00e9 ces avanc\u00e9es, des incertitudes subsistent quant \u00e0 l&rsquo;application de cette d\u00e9cision aux groupes affili\u00e9s au PKK, notamment les Forces d\u00e9mocratiques syriennes et les Unit\u00e9s de protection du peuple, qui n&rsquo;ont pas encore accept\u00e9 de se d\u00e9sarmer. Le gouvernement turc insiste sur le fait que le d\u00e9sarmement doit inclure toutes les branches affili\u00e9es au PKK (40).<\/p>\n<p style=\"text-align: justify;\">Par ailleurs, le Conseil de s\u00e9curit\u00e9 nationale turc a d\u00e9clar\u00e9 qu&rsquo;il surveillerait de pr\u00e8s le d\u00e9sarmement et la dissolution du PKK et de ses affili\u00e9s, soulignant que l&rsquo;objectif d&rsquo;une Turquie sans terrorisme renforcerait davantage l&rsquo;unit\u00e9 et la solidarit\u00e9 nationales (41).<\/p>\n<p style=\"text-align: justify;\">Ce processus de paix repr\u00e9sente une opportunit\u00e9 historique pour mettre fin \u00e0 un conflit long et sanglant. Cependant, sa r\u00e9ussite d\u00e9pendra de la mise en \u0153uvre effective des engagements pris, de la r\u00e9solution des questions en suspens concernant les groupes affili\u00e9s, et de la volont\u00e9 politique des diff\u00e9rentes parties prenantes.<\/p>\n<p>&nbsp;<\/p>\n<h4 style=\"text-align: justify;\"><strong>Racisme<\/strong><\/h4>\n<p style=\"text-align: justify;\"><img loading=\"lazy\" decoding=\"async\" class=\"alignleft wp-image-2045\" src=\"https:\/\/zagros-centre.org\/wp-content\/uploads\/2025\/06\/Turkiye9-1024x607-1.jpg\" alt=\"\" width=\"530\" height=\"314\" srcset=\"https:\/\/zagros-centre.org\/wp-content\/uploads\/2025\/06\/Turkiye9-1024x607-1.jpg 1024w, https:\/\/zagros-centre.org\/wp-content\/uploads\/2025\/06\/Turkiye9-1024x607-1-300x178.jpg 300w, https:\/\/zagros-centre.org\/wp-content\/uploads\/2025\/06\/Turkiye9-1024x607-1-768x455.jpg 768w\" sizes=\"auto, (max-width: 530px) 100vw, 530px\" \/>Le racisme en Turquie en 2025 continue d\u2019alimenter de fortes tensions sociales et politiques. Bien que la Constitution turque garantisse l\u2019\u00e9galit\u00e9 entre les citoyens sans distinction d\u2019origine, de nombreux rapports d\u00e9noncent des pratiques discriminatoires syst\u00e9miques, ainsi qu\u2019un discours public de plus en plus agressif \u00e0 l\u2019\u00e9gard de certaines minorit\u00e9s ethniques, religieuses ou migrantes.<\/p>\n<p style=\"text-align: justify;\">En premier lieu, la x\u00e9nophobie \u00e0 l\u2019\u00e9gard des r\u00e9fugi\u00e9s syriens et des migrants afghans ou africains s\u2019est intensifi\u00e9e depuis le d\u00e9but de l\u2019ann\u00e9e. De nombreux \u00e9pisodes de violences racistes ont \u00e9t\u00e9 signal\u00e9s, notamment des attaques contre des commerces tenus par des Syriens \u00e0 Ankara, Konya et Istanbul (42). Des appels \u00e0 l\u2019expulsion de masse sont r\u00e9guli\u00e8rement relay\u00e9s sur les r\u00e9seaux sociaux par des figures de l\u2019extr\u00eame droite, et certains \u00e9lus locaux ont publiquement exig\u00e9 le retour forc\u00e9 des r\u00e9fugi\u00e9s dans leur pays d\u2019origine, au m\u00e9pris du droit international.<\/p>\n<p style=\"text-align: justify;\">Parall\u00e8lement, les Kurdes continuent d\u2019\u00eatre stigmatis\u00e9s dans les m\u00e9dias pro-gouvernementaux et dans les discours officiels qui les associent syst\u00e9matiquement au terrorisme. En janvier 2025, plusieurs maires kurdes \u00e9lus ont \u00e9t\u00e9 d\u00e9mis de leurs fonctions par d\u00e9cret pour \u00ab propagande s\u00e9paratiste \u00bb, sans d\u00e9cision judiciaire pr\u00e9alable. Les festivit\u00e9s de Newroz ont \u00e0 nouveau \u00e9t\u00e9 fortement encadr\u00e9es par la police, et des arrestations massives ont eu lieu, souvent suivies de mises en d\u00e9tention prolong\u00e9e sans preuve concr\u00e8te (43)(44).<\/p>\n<p style=\"text-align: justify;\">Les Arm\u00e9niens, Juifs et Grecs de Turquie, bien que peu nombreux, sont encore victimes d\u2019hostilit\u00e9 symbolique. Le discours de haine en ligne, notamment les th\u00e9ories du complot associant ces groupes aux \u00ab ennemis de la nation \u00bb, se propage sans sanction. En avril 2025, une synagogue d\u2019Istanbul a \u00e9t\u00e9 la cible d\u2019un acte de vandalisme, et des graffitis antis\u00e9mites ont \u00e9t\u00e9 d\u00e9couverts sur un cimeti\u00e8re arm\u00e9nien \u00e0 Van (45).<\/p>\n<p style=\"text-align: justify;\">Les Roms sont quant \u00e0 eux les victimes d\u2019un racisme social enracin\u00e9. Dans plusieurs provinces (notamment dans l\u2019ouest), les familles roms se voient refuser l\u2019acc\u00e8s \u00e0 des logements locatifs ou \u00e0 des emplois municipaux. Des discriminations \u00e0 l\u2019\u00e9cole persistent : des enfants roms sont plac\u00e9s dans des classes s\u00e9par\u00e9es, sous pr\u00e9texte d\u2019\u00ab adaptation linguistique \u00bb (46).<\/p>\n<p style=\"text-align: justify;\">En mai 2025, Human Rights Watch et plusieurs ONG locales ont d\u00e9nonc\u00e9 la diffusion d\u2019une circulaire administrative qui permet aux pr\u00e9fets de restreindre les d\u00e9placements de certaines populations consid\u00e9r\u00e9es comme \u00ab probl\u00e9matiques \u00bb, sans contr\u00f4le judiciaire. Cette mesure, bien que non explicitement raciale, cible en r\u00e9alit\u00e9 des quartiers \u00e0 majorit\u00e9 rom ou kurde, renfor\u00e7ant les accusations de discrimination structurelle (47).<\/p>\n<p style=\"text-align: justify;\">Enfin, la mont\u00e9e du racisme est aggrav\u00e9e par l\u2019absence de l\u00e9gislation antidiscrimination efficace. Bien que la Turquie ait sign\u00e9 plusieurs trait\u00e9s internationaux, aucune loi sp\u00e9cifique ne prot\u00e8ge contre le racisme syst\u00e9mique ou les discours de haine. Les rares plaintes pour incitation \u00e0 la haine raciale sont class\u00e9es sans suite, sauf si elles visent des opposants politiques. De nombreuses associations, dont l\u2019Association des droits de l\u2019homme (IHD), d\u00e9noncent un deux poids, deux mesures dans l\u2019application du droit.<\/p>\n<p>&nbsp;<\/p>\n<h4 style=\"text-align: justify;\"><strong>Conclusion<\/strong><\/h4>\n<p style=\"text-align: justify;\">En 2025, la situation des droits humains en Turquie demeure profond\u00e9ment pr\u00e9occupante. Si certains cadres l\u00e9gislatifs existent encore sur le papier, leur application est largement compromise par une gouvernance autoritaire, une instrumentalisation de la justice et un climat politique de plus en plus r\u00e9pressif.<\/p>\n<p style=\"text-align: justify;\">Les minorit\u00e9s ethniques, religieuses et sexuelles subissent des politiques d\u2019exclusion syst\u00e9matique, tandis que les droits des femmes et des enfants sont quotidiennement bafou\u00e9s dans l\u2019indiff\u00e9rence ou la complaisance des institutions. La violence genr\u00e9e, en particulier, prend des proportions dramatiques, avec une fr\u00e9quence \u00e9lev\u00e9e de f\u00e9minicides et d\u2019agressions contre les mineurs. Les populations kurdes, LGBT+, roms, al\u00e9vies, r\u00e9fugi\u00e9es ou handicap\u00e9es sont marginalis\u00e9es, souvent priv\u00e9es de protections fondamentales et expos\u00e9es \u00e0 la stigmatisation publique.<\/p>\n<p style=\"text-align: justify;\">Par ailleurs, la fragilit\u00e9 de l\u2019\u00c9tat de droit, illustr\u00e9e par la politisation de la justice, la criminalisation de la dissidence, les restrictions des libert\u00e9s d\u2019expression, de presse et d\u2019association, mine gravement les possibilit\u00e9s de d\u00e9fense des droits fondamentaux. Les m\u00e9dias ind\u00e9pendants, ONG, syndicats et avocats font l\u2019objet d\u2019une surveillance constante et d\u2019un harc\u00e8lement judiciaire.<\/p>\n<p style=\"text-align: justify;\">Malgr\u00e9 les alertes r\u00e9p\u00e9t\u00e9es des organisations locales et internationales, le gouvernement turc poursuit une politique d\u2019homog\u00e9n\u00e9isation culturelle et id\u00e9ologique, au m\u00e9pris des principes d\u00e9mocratiques les plus \u00e9l\u00e9mentaires. En l\u2019absence de r\u00e9formes structurelles profondes, la Turquie s\u2019\u00e9loigne de plus en plus des standards internationaux des droits humains.<\/p>\n<p style=\"text-align: justify;\">Il revient \u00e0 la communaut\u00e9 internationale, aux institutions europ\u00e9ennes, aux ONG et aux citoyens eux-m\u00eames de maintenir la pression, de documenter les abus et de soutenir les voix dissidentes. Car aujourd\u2019hui, aucune minorit\u00e9 n\u2019est \u00e0 l\u2019abri, et les principes d\u2019\u00e9galit\u00e9, de libert\u00e9 et de dignit\u00e9 humaine sont en p\u00e9ril.<\/p>\n<p>&nbsp;<\/p>\n<p>R\u00e9f\u00e9rences :<\/p>\n<p data-start=\"176\" data-end=\"299\"><a href=\"https:\/\/www.hrw.org\/world-report\/2025\/country-chapters\/turkey\"><strong data-start=\"176\" data-end=\"199\">Human Rights Watch.<\/strong> <em data-start=\"200\" data-end=\"229\">Rapport mondial 2025 \u2013 Turquie.<\/em><\/a><\/p>\n<p data-start=\"304\" data-end=\"421\"><a href=\"https:\/\/www.engelliweb.com\/raporlar\"><strong data-start=\"304\" data-end=\"319\">EngelliWeb.<\/strong> <em data-start=\"320\" data-end=\"377\">Rapport annuel sur les blocages d&rsquo;Internet en Turquie, 2024.<\/em><\/a><\/p>\n<p data-start=\"426\" data-end=\"591\"><a href=\"https:\/\/www.hrw.org\/news\/2024\/08\/21\/turkey-instagram-block\"><strong data-start=\"426\" data-end=\"449\">Human Rights Watch.<\/strong> <em data-start=\"450\" data-end=\"510\">La Turquie bloque Instagram dans un contexte de tensions r\u00e9gionales<\/em>, August 2024.<\/a><\/p>\n<p data-start=\"596\" data-end=\"757\"><a href=\"https:\/\/bianet.org\/english\/freedom-of-expression\/289330-bia-media-monitoring-2025-first-quarter\"><strong data-start=\"596\" data-end=\"607\">Bianet.<\/strong> <em data-start=\"608\" data-end=\"653\">Rapport de suivi des m\u00e9dias (janvier\u2013mars 2025)<\/em><\/a><\/p>\n<p data-start=\"762\" data-end=\"890\"><a href=\"https:\/\/www.bbc.com\/news\/articles\/c5ypxedzny4o\"><strong data-start=\"762\" data-end=\"778\">BBC Turkish.<\/strong> <em data-start=\"779\" data-end=\"822\">Des journalistes arr\u00eat\u00e9s apr\u00e8s les manifestations de<\/em>, mars 2025.<\/a><\/p>\n<p data-start=\"895\" data-end=\"1043\"><a href=\"https:\/\/www.nhc.no\/en\/freedom-of-expression-in-turkey-2025\"><strong data-start=\"895\" data-end=\"928\">Norwegian Helsinki Committee.<\/strong> <em data-start=\"929\" data-end=\"976\">Libert\u00e9 d&rsquo;expression en Turquie \u2013 Mise \u00e0 jour 2025.<\/em><\/a><\/p>\n<p data-start=\"1048\" data-end=\"1200\"><a href=\"https:\/\/www.bbc.com\/news\/articles\/cly34rg5ee5o\"><strong data-start=\"1048\" data-end=\"1064\">BBC Turkish.<\/strong> <em data-start=\"1065\" data-end=\"1132\">Des journalistes arr\u00eat\u00e9s et expuls\u00e9s en Turquie apr\u00e8s avoir couvert les manifestations<\/em>, Mars 2025.<\/a><\/p>\n<p data-start=\"1205\" data-end=\"1374\"><a href=\"https:\/\/bianet.org\/english\/media\/289410-reporters-on-trial-after-protest-coverage\"><strong data-start=\"1205\" data-end=\"1216\">Bianet.<\/strong> <em data-start=\"1217\" data-end=\"1271\">Des journalistes poursuivis apr\u00e8s les manifestations en soutien au maire d\u2019Istanbul<\/em>, Mars 2025.<\/a><\/p>\n<p data-start=\"1379\" data-end=\"1569\"><a href=\"https:\/\/bianet.org\/english\/freedom-of-expression\/289500-crackdown-on-investigative-reporting\"><strong data-start=\"1379\" data-end=\"1390\">Bianet.<\/strong> <em data-start=\"1391\" data-end=\"1446\">R\u00e9pression contre les journalistes d\u2019investigation dans le cadre de l\u2019enqu\u00eate HDK<\/em>, F\u00e9vrier\u2013Mars 2025.<\/a><\/p>\n<p data-start=\"1575\" data-end=\"1713\"><a href=\"https:\/\/www.nhc.no\/en\/press-freedom-turkey-2025\"><strong data-start=\"1575\" data-end=\"1608\">Norwegian Helsinki Committee.<\/strong> <em data-start=\"1609\" data-end=\"1657\">La libert\u00e9 de la presse assi\u00e9g\u00e9e : mise \u00e0 jour 2025.<\/em><\/a><\/p>\n<p data-start=\"1719\" data-end=\"1866\"><a href=\"https:\/\/www.nhc.no\/en\/turkey-protest-ban-2025\/\"><strong data-start=\"1719\" data-end=\"1752\">Norwegian Helsinki Committee.<\/strong> <em data-start=\"1753\" data-end=\"1798\">Manifestations massives et libert\u00e9s civiles en Turquie<\/em>, Mars 2025.<\/a><\/p>\n<p data-start=\"1872\" data-end=\"2026\"><a href=\"https:\/\/apnews.com\/article\/turkey-protests-istanbul-arrests-2025\"><strong data-start=\"1872\" data-end=\"1884\">AP News.<\/strong> <em data-start=\"1885\" data-end=\"1940\">La Turquie restreint les manifestations apr\u00e8s l\u2019arrestation du maire d\u2019Istanbul<\/em>, Mars 2025.<\/a><\/p>\n<p data-start=\"2032\" data-end=\"2179\"><a href=\"https:\/\/apnews.com\/article\/turkey-police-force-march-protests\"><strong data-start=\"2032\" data-end=\"2044\">AP News.<\/strong> <em data-start=\"2045\" data-end=\"2096\">La police utilise la force contre des manifestations interdites en Turquie<\/em>, Mars 2025.<\/a><\/p>\n<p data-start=\"2185\" data-end=\"2374\"><a href=\"https:\/\/bianet.org\/english\/politics\/289620-repression-of-local-politicians-and-activists\"><strong data-start=\"2185\" data-end=\"2196\">Bianet.<\/strong> <em data-start=\"2197\" data-end=\"2255\">R\u00e9pression de l&rsquo;opposition politique et des ONG d\u00e9but 2025<\/em>, F\u00e9vrier\u2013Mars 2025.<\/a><\/p>\n<p data-start=\"2380\" data-end=\"2552\"><a href=\"https:\/\/apnews.com\/article\/turkey-imamoglu-arrest-corruption-2025\"><strong data-start=\"2380\" data-end=\"2392\">AP News.<\/strong> <em data-start=\"2393\" data-end=\"2465\">Le maire d\u2019opposition Ekrem \u0130mamo\u011flu arr\u00eat\u00e9 pour corruption<\/em>, Mars 2025.<\/a><\/p>\n<p data-start=\"2558\" data-end=\"2720\"><a href=\"https:\/\/apnews.com\/article\/istanbul-mayor-political-persecution-2025\"><strong data-start=\"2558\" data-end=\"2570\">AP News.<\/strong> <em data-start=\"2571\" data-end=\"2630\">Des motivations politiques derri\u00e8re l\u2019arrestation du maire d\u2019Istanbul<\/em>, Mars 2025.<\/a><\/p>\n<p data-start=\"2726\" data-end=\"2886\"><a href=\"https:\/\/apnews.com\/article\/turkey-protests-mass-arrests-2025\"><strong data-start=\"2726\" data-end=\"2738\">AP News.<\/strong> <em data-start=\"2739\" data-end=\"2804\">Plus de 1 100 personnes arr\u00eat\u00e9es apr\u00e8s les manifestations pro-\u0130mamo\u011flu<\/em>, Mars 2025.<\/a><\/p>\n<p data-start=\"2892\" data-end=\"3067\"><a href=\"https:\/\/www.hrw.org\/news\/2025\/01\/25\/turkey-echr-ignored-political-detainees\"><strong data-start=\"2892\" data-end=\"2915\">Human Rights Watch.<\/strong> <em data-start=\"2916\" data-end=\"2968\">La Turquie ignore les arr\u00eats de la CEDH sur les prisonniers politiques<\/em>, Janvier 2025.<\/a><\/p>\n<p data-start=\"3073\" data-end=\"3249\"><a href=\"https:\/\/bianet.org\/haber\/kih-dernegi-turkiye-yi-cedh-ye-sikayet-ettik-291058\"><strong data-start=\"3073\" data-end=\"3084\">Bianet.<\/strong> <em data-start=\"3085\" data-end=\"3151\">L\u2019association K\u0130H porte plainte contre la Turquie devant la CEDH<\/em>, Mars 2025.<\/a><\/p>\n<p><a href=\"https:\/\/bianet.org\/haber\/erkek-siddeti-ocak-2025-290402\"><strong data-start=\"3255\" data-end=\"3266\">Bianet.<\/strong> <em data-start=\"3267\" data-end=\"3297\">Violence masculine \u2013 Janvier 2025<\/em>, February 2025.<\/a><\/p>\n<p data-start=\"3383\" data-end=\"3531\"><a href=\"https:\/\/bianet.org\/haber\/cocuklara-yonelik-cinsel-istismar-raporu-290427\"><strong data-start=\"3383\" data-end=\"3394\">Bianet.<\/strong> <em data-start=\"3395\" data-end=\"3450\">Rapport sur les abus sexuels contre les enfants \u2013 F\u00e9vrier 2025.<\/em><\/a><\/p>\n<p data-start=\"3537\" data-end=\"3658\"><a href=\"https:\/\/bianet.org\/haber\/erkek-siddeti-subat-2025-290891\"><strong data-start=\"3537\" data-end=\"3548\">Bianet.<\/strong> <em data-start=\"3549\" data-end=\"3580\">Violence masculine \u2013 F\u00e9vrier 2025<\/em>, March 2025.<\/a><\/p>\n<p data-start=\"3664\" data-end=\"3781\"><a href=\"https:\/\/bianet.org\/haber\/erkek-siddeti-mart-2025-291302\"><strong data-start=\"3664\" data-end=\"3675\">Bianet.<\/strong> <em data-start=\"3676\" data-end=\"3704\">Violence masculine \u2013 Mars 2025<\/em>, April 2025.<\/a><\/p>\n<p data-start=\"3787\" data-end=\"3903\"><a href=\"https:\/\/bianet.org\/haber\/erkek-siddeti-nisan-2025-291832\"><strong data-start=\"3787\" data-end=\"3798\">Bianet.<\/strong> <em data-start=\"3799\" data-end=\"3827\">Violence masculine \u2013 Avril 2025<\/em>, May 2025.<\/a><\/p>\n<p data-start=\"3909\" data-end=\"4096\"><a href=\"https:\/\/bianet.org\/haber\/kadin-haklari-orgutlerinden-her-uc-gunde-bir-kadin-olduruluyor-291377\"><strong data-start=\"3909\" data-end=\"3920\">Bianet.<\/strong> <em data-start=\"3921\" data-end=\"3980\"> D\u00e9claration : une femme tu\u00e9e tous les trois jours en Turquie<\/em>, Avril 2025.<\/a><\/p>\n<p data-start=\"4102\" data-end=\"4226\"><a href=\"https:\/\/bianet.org\/haber\/toplumsal-cinsiyet-esitligi-raporu-291213\"><strong data-start=\"4102\" data-end=\"4113\">Bianet.<\/strong> <em data-start=\"4114\" data-end=\"4138\">Rapport sur l\u2019\u00e9galit\u00e9 de genre<\/em>, Avril 2025.<\/a><\/p>\n<p data-start=\"4232\" data-end=\"4393\"><a href=\"https:\/\/bianet.org\/haber\/kadin-cinayetlerinde-yargi-pratigi-elestirisi-290971\"><strong data-start=\"4232\" data-end=\"4243\">Bianet.<\/strong> <em data-start=\"4244\" data-end=\"4294\">Critiques sur la pratique judiciaire dans les f\u00e9minicides<\/em>, Mars 2025.<\/a><\/p>\n<p data-start=\"4399\" data-end=\"4547\"><a href=\"https:\/\/bianet.org\/haber\/kurtaj-yasagi-tasarisina-karsi-protestolar-290942\"><strong data-start=\"4399\" data-end=\"4410\">Bianet.<\/strong> <em data-start=\"4411\" data-end=\"4451\">Protestations contre le projet d\u2019interdiction de l\u2019avortement<\/em>, Mars 2025.<\/a><\/p>\n<p data-start=\"4553\" data-end=\"4675\"><a href=\"https:\/\/bianet.org\/haber\/erkek-siddeti-ocak-2025-290402\"><strong data-start=\"4553\" data-end=\"4564\">Bianet.<\/strong> <em data-start=\"4565\" data-end=\"4595\">Violence masculine \u2013 Janvier 2025<\/em>, February 2025.<\/a><\/p>\n<p data-start=\"4681\" data-end=\"4802\"><a href=\"https:\/\/bianet.org\/haber\/erkek-siddeti-subat-2025-290891\"><strong data-start=\"4681\" data-end=\"4692\">Bianet.<\/strong> <em data-start=\"4693\" data-end=\"4724\">Violence masculine \u2013 F\u00e9vrier 2025<\/em>, March 2025.<\/a><\/p>\n<p data-start=\"4808\" data-end=\"4961\"><a href=\"https:\/\/bianet.org\/haber\/cocuklara-yonelik-cinsel-istismar-subat-2025-290896\"><strong data-start=\"4808\" data-end=\"4819\">Bianet.<\/strong> <em data-start=\"4820\" data-end=\"4863\">Rapport sur les abus sexuels contre les enfants \u2013 F\u00e9vrier 2025.<\/em><\/a><\/p>\n<p data-start=\"4967\" data-end=\"5116\"><a href=\"https:\/\/bianet.org\/haber\/cocuklara-yonelik-cinsel-istismar-mart-2025-291341\"><strong data-start=\"4967\" data-end=\"4978\">Bianet.<\/strong> <em data-start=\"4979\" data-end=\"5019\">Rapport sur les abus sexuels contre les enfants \u2013 Mars 2025.<\/em><\/a><\/p>\n<p data-start=\"5122\" data-end=\"5239\"><a href=\"https:\/\/bianet.org\/haber\/erkek-siddeti-mart-2025-291302\"><strong data-start=\"5122\" data-end=\"5133\">Bianet.<\/strong> <em data-start=\"5134\" data-end=\"5162\">Violence masculine \u2013 Mars 2025<\/em>, April 2025.<\/a><\/p>\n<p data-start=\"5245\" data-end=\"5361\"><a href=\"https:\/\/bianet.org\/haber\/erkek-siddeti-nisan-2025-291832\"><strong data-start=\"5245\" data-end=\"5256\">Bianet.<\/strong> <em data-start=\"5257\" data-end=\"5285\">Violence masculine \u2013 Avril 2025<\/em>, May 2025.<\/a><\/p>\n<p data-start=\"5367\" data-end=\"5564\"><a href=\"https:\/\/bianet.org\/english\/politics\/288601-two-mayors-dismissed-trustees-appointed-in-eastern-turkey\"><strong data-start=\"5367\" data-end=\"5378\">Bianet.<\/strong> <em data-start=\"5379\" data-end=\"5439\">Two mayors dismissed, trustees appointed in Eastern Turkey<\/em>, February 2025.<\/a><\/p>\n<p data-start=\"5570\" data-end=\"5761\"><a href=\"https:\/\/bianet.org\/english\/lgbti\/289114-draft-law-threatens-lgbt-rights-in-name-of-family-values\"><strong data-start=\"5570\" data-end=\"5581\">Bianet.<\/strong> <em data-start=\"5582\" data-end=\"5643\">Draft law threatens LGBT+ rights in name of \u201cfamily values\u201d<\/em>, March 2025.<\/a><\/p>\n<p data-start=\"5767\" data-end=\"5944\"><a href=\"https:\/\/bianet.org\/english\/lgbti\/289329-lgbt-events-banned-amid-2025-family-year-campaign\"><strong data-start=\"5767\" data-end=\"5778\">Bianet.<\/strong> <em data-start=\"5779\" data-end=\"5833\">LGBT+ events banned amid \u20182025 Family Year\u2019 campaign<\/em>, April 2025.<\/a><\/p>\n<p data-start=\"5950\" data-end=\"6149\"><a href=\"https:\/\/bianet.org\/english\/lgbti\/289452-pride-events-attacked-no-legal-action-taken-against-aggressors\"><strong data-start=\"5950\" data-end=\"5961\">Bianet.<\/strong> <em data-start=\"5962\" data-end=\"6027\">Pride events attacked, no legal action taken against aggressors<\/em>, May 2025.<\/a><\/p>\n<p data-start=\"6155\" data-end=\"6337\"><a href=\"https:\/\/www.lorientlejour.com\/article\/1449852\/le-pkk-annonce-un-cessez-le-feu-avec-la-turquie.html\"><strong data-start=\"6155\" data-end=\"6176\">L\u2019Orient-Le Jour.<\/strong> <em data-start=\"6177\" data-end=\"6214\">PKK announces ceasefire with Turkey<\/em>, March 1, 2025.<\/a><\/p>\n<p data-start=\"6343\" data-end=\"6536\"><a href=\"https:\/\/www.washingtonpost.com\/world\/2025\/05\/12\/kurdish-pkk-turkey-ocalan\"><strong data-start=\"6343\" data-end=\"6367\">The Washington Post.<\/strong> <em data-start=\"6368\" data-end=\"6439\">Kurdish PKK agrees to dissolve, end decades-long conflict with Turkey<\/em>, May 12, 2025.<\/a><\/p>\n<p data-start=\"6542\" data-end=\"6790\"><a href=\"https:\/\/www.yenisafak.com\/fr\/actualites\/la-turkiye-annonce-un-suivi-rigoureux-du-desarmement-et-de-la-dissolution-du-pkk-et-de-ses-affilies-41168\"><strong data-start=\"6542\" data-end=\"6557\">Yeni \u015eafak.<\/strong> <em data-start=\"6558\" data-end=\"6621\">Turkey announces follow-up on PKK disarmament and dissolution<\/em>, May 16, 2025.<\/a><\/p>\n<p data-start=\"6796\" data-end=\"6953\"><a href=\"https:\/\/bianet.org\/haber\/suriyelilere-yonelik-irkci-saldirilar-artti-290782\"><strong data-start=\"6796\" data-end=\"6807\">Bianet.<\/strong> <em data-start=\"6808\" data-end=\"6853\">Wave of racist attacks on Syrians increases<\/em>, February 2025.<\/a><\/p>\n<p data-start=\"6959\" data-end=\"7145\"><a href=\"https:\/\/bianet.org\/haber\/kayyum-ve-gozaltilarla-kurt-belediyelere-baski-289935\"><strong data-start=\"6959\" data-end=\"6970\">Bianet.<\/strong> <em data-start=\"6971\" data-end=\"7043\">Pressure on Kurdish municipalities through detentions and trusteeships<\/em>, January 2025.<\/a><\/p>\n<p data-start=\"7151\" data-end=\"7316\"><a href=\"https:\/\/mezopotamyaajansi.com\/tum-haberler\/content\/view\/255876\"><strong data-start=\"7151\" data-end=\"7174\">Mezopotamya Ajans\u0131.<\/strong> <em data-start=\"7175\" data-end=\"7232\">Newroz 2025 celebrated under shadow of bans and arrests<\/em>, March 2025.<\/a><\/p>\n<p data-start=\"7322\" data-end=\"7495\"><a href=\"https:\/\/www.agos.com.tr\/tr\/yazi\/29813\/sinagoglara-ve-ermeni-mezarliklarina-saldiri\"><strong data-start=\"7322\" data-end=\"7331\">Agos.<\/strong> <em data-start=\"7332\" data-end=\"7391\">Increase in attacks on synagogues and Armenian cemeteries<\/em>, April 2025.<\/a><\/p>\n<p data-start=\"7501\" data-end=\"7682\"><a href=\"https:\/\/www.evrensel.net\/haber\/502891\/roman-cocuklara-ayri-siniflar\"><strong data-start=\"7501\" data-end=\"7514\">Evrensel.<\/strong> <em data-start=\"7515\" data-end=\"7593\">Separate classrooms for Roma children: discrimination in education continues<\/em>, March 2025.<\/a><\/p>\n<p data-start=\"7688\" data-end=\"7860\"><a href=\"https:\/\/www.hrw.org\/news\/2025\/05\/12\/turkey-discriminatory-restrictions-movement\"><strong data-start=\"7688\" data-end=\"7711\">Human Rights Watch.<\/strong> <em data-start=\"7712\" data-end=\"7761\">Turkey: Discriminatory restrictions on movement<\/em>, May 2025.<\/a><\/p>\n","protected":false},"excerpt":{"rendered":"<p>Introduction Au premier semestre de l\u2019ann\u00e9e 2025, la situation des droits humains en Turquie continue de susciter une vive inqui\u00e9tude au sein de la communaut\u00e9 internationale. Malgr\u00e9 l\u2019existence d\u2019un cadre constitutionnel garantissant les libert\u00e9s fondamentales, les autorit\u00e9s turques ont multipli\u00e9 les mesures restrictives contre la libert\u00e9 d\u2019expression, la libert\u00e9 de la presse, les droits de &hellip;<\/p>\n","protected":false},"author":1,"featured_media":2052,"comment_status":"open","ping_status":"closed","sticky":false,"template":"","format":"standard","meta":{"footnotes":""},"categories":[1,35,34,60,54,50,23,9],"tags":[],"class_list":["post-2029","post","type-post","status-publish","format-standard","has-post-thumbnail","","category-actualites","category-enfant","category-femme","category-kurde","category-manifestation","category-minorite","category-rapport","category-turquie"],"_links":{"self":[{"href":"https:\/\/zagros-centre.org\/index.php?rest_route=\/wp\/v2\/posts\/2029","targetHints":{"allow":["GET"]}}],"collection":[{"href":"https:\/\/zagros-centre.org\/index.php?rest_route=\/wp\/v2\/posts"}],"about":[{"href":"https:\/\/zagros-centre.org\/index.php?rest_route=\/wp\/v2\/types\/post"}],"author":[{"embeddable":true,"href":"https:\/\/zagros-centre.org\/index.php?rest_route=\/wp\/v2\/users\/1"}],"replies":[{"embeddable":true,"href":"https:\/\/zagros-centre.org\/index.php?rest_route=%2Fwp%2Fv2%2Fcomments&post=2029"}],"version-history":[{"count":0,"href":"https:\/\/zagros-centre.org\/index.php?rest_route=\/wp\/v2\/posts\/2029\/revisions"}],"wp:featuredmedia":[{"embeddable":true,"href":"https:\/\/zagros-centre.org\/index.php?rest_route=\/wp\/v2\/media\/2052"}],"wp:attachment":[{"href":"https:\/\/zagros-centre.org\/index.php?rest_route=%2Fwp%2Fv2%2Fmedia&parent=2029"}],"wp:term":[{"taxonomy":"category","embeddable":true,"href":"https:\/\/zagros-centre.org\/index.php?rest_route=%2Fwp%2Fv2%2Fcategories&post=2029"},{"taxonomy":"post_tag","embeddable":true,"href":"https:\/\/zagros-centre.org\/index.php?rest_route=%2Fwp%2Fv2%2Ftags&post=2029"}],"curies":[{"name":"wp","href":"https:\/\/api.w.org\/{rel}","templated":true}]}}