{"id":2308,"date":"2025-11-20T05:20:23","date_gmt":"2025-11-20T04:20:23","guid":{"rendered":"https:\/\/zagros-centre.org\/?p=2308"},"modified":"2025-11-20T05:21:06","modified_gmt":"2025-11-20T04:21:06","slug":"lassemblee-generale-de-lonu-adopte-une-nouvelle-resolution-sur-les-droits-humains-en-iran","status":"publish","type":"post","link":"https:\/\/zagros-centre.org\/?p=2308","title":{"rendered":"L\u2019Assembl\u00e9e g\u00e9n\u00e9rale de l\u2019ONU adopte une nouvelle r\u00e9solution sur les droits humains en Iran"},"content":{"rendered":"<p data-start=\"251\" data-end=\"705\">19 novembre 2025<\/p>\n<p style=\"text-align: justify;\" data-start=\"251\" data-end=\"705\">La Troisi\u00e8me Commission de l\u2019Assembl\u00e9e g\u00e9n\u00e9rale des Nations Unies a adopt\u00e9, le 19 novembre 2025, la r\u00e9solution A\/C.3\/80\/L.30 portant sur la situation des droits de l\u2019homme en R\u00e9publique islamique d\u2019Iran. Le texte, pr\u00e9sent\u00e9 par le Canada et sans incidence budg\u00e9taire, a \u00e9t\u00e9 approuv\u00e9 par 79 voix pour, 28 contre et 63 abstentions, confirmant une pr\u00e9occupation internationale persistante face aux violations graves et syst\u00e9matiques document\u00e9es dans le pays.<\/p>\n<p style=\"text-align: justify;\" data-start=\"707\" data-end=\"1294\">S\u2019appuyant sur les rapports du Secr\u00e9taire g\u00e9n\u00e9ral, du Rapporteur sp\u00e9cial et de la Mission internationale ind\u00e9pendante d\u2019enqu\u00eate, la r\u00e9solution condamne notamment l\u2019augmentation alarmante du recours \u00e0 la peine de mort, y compris contre des manifestants, des femmes et des membres de minorit\u00e9s kurdes, baloutches et arabes. Elle rel\u00e8ve l\u2019usage d\u2019aveux forc\u00e9s, l\u2019absence de proc\u00e8s \u00e9quitable, l\u2019ex\u00e9cution de mineurs d\u00e9linquants et la tenue d\u2019ex\u00e9cutions secr\u00e8tes. Le texte appelle \u00e0 la fin imm\u00e9diate des ex\u00e9cutions publiques et demande \u00e0 l\u2019Iran d\u2019instaurer un moratoire en vue de l\u2019abolition.<\/p>\n<p style=\"text-align: justify;\" data-start=\"1296\" data-end=\"1788\">La r\u00e9solution exprime \u00e9galement une profonde inqui\u00e9tude concernant les d\u00e9tentions arbitraires, la torture, les violences sexuelles en d\u00e9tention, les disparitions forc\u00e9es et les conditions carc\u00e9rales d\u00e9gradantes, marqu\u00e9es par un manque d\u2019acc\u00e8s aux soins m\u00e9dicaux, \u00e0 l\u2019hygi\u00e8ne et \u00e0 l\u2019eau potable. Elle appelle l\u2019Iran \u00e0 garantir un acc\u00e8s rapide \u00e0 l\u2019assistance juridique, \u00e0 enqu\u00eater de mani\u00e8re ind\u00e9pendante sur les violations, et \u00e0 respecter la Convention de Vienne sur les relations consulaires.<\/p>\n<p style=\"text-align: justify;\" data-start=\"1790\" data-end=\"2265\">La situation des femmes et des filles occupe une place centrale dans le texte. La r\u00e9solution d\u00e9nonce la r\u00e9pression li\u00e9e au port obligatoire du voile, les sanctions administratives et p\u00e9nales, la surveillance num\u00e9rique, ainsi que les obstacles \u00e0 la participation sociale, politique et \u00e9conomique. Elle demande l\u2019adoption d\u2019une l\u00e9gislation compl\u00e8te contre la violence domestique, l\u2019\u00e9limination des mariages pr\u00e9coces et forc\u00e9s, et la lev\u00e9e des restrictions fond\u00e9es sur le genre.<\/p>\n<p style=\"text-align: justify;\" data-start=\"2267\" data-end=\"2656\">La r\u00e9pression des manifestations, notamment celles de 2022, fait \u00e9galement l\u2019objet d\u2019une condamnation ferme. Le texte d\u00e9nonce l\u2019usage de la force l\u00e9tale, les arrestations massives, les repr\u00e9sailles contre les familles des victimes, les journalistes, les avocats et les d\u00e9fenseurs des droits humains, ainsi que les coupures d\u2019Internet et les projets de lois restrictives sur le cyberespace.<\/p>\n<p style=\"text-align: justify;\" data-start=\"2658\" data-end=\"3215\">Lors de la s\u00e9ance, la d\u00e9l\u00e9gation iranienne a rejet\u00e9 la r\u00e9solution, la qualifiant \u00ab d\u2019instrument politis\u00e9 d\u00e9pourvu de l\u00e9gitimit\u00e9 \u00bb, et affirmant qu\u2019elle ignorait l\u2019impact des sanctions internationales ainsi que les \u00ab attaques d\u2019Isra\u00ebl et des \u00c9tats-Unis \u00bb. Malgr\u00e9 ces objections, le soutien majoritaire \u00e0 la r\u00e9solution refl\u00e8te une tendance constante : la communaut\u00e9 internationale demeure attentive et pr\u00e9occup\u00e9e face aux violations des droits humains en Iran, comme l\u2019illustrent les r\u00e9sultats des votations pr\u00e9c\u00e9dentes (80-27-68 en 2024 et 79-28-62 en 2023).<\/p>\n<p style=\"text-align: justify;\" data-start=\"3217\" data-end=\"3519\">L\u2019adoption de la r\u00e9solution A\/C.3\/80\/L.30 confirme ainsi la volont\u00e9 des \u00c9tats membres de maintenir la pression diplomatique sur les autorit\u00e9s iraniennes et d\u2019exiger des r\u00e9formes concr\u00e8tes pour garantir la protection des droits fondamentaux de toutes les personnes vivant en R\u00e9publique islamique d\u2019Iran.<\/p>\n<p style=\"text-align: justify;\">Vous trouverez ci-dessous le texte int\u00e9gral de la r\u00e9solution :<\/p>\n<p>&#8230;&#8230;&#8230;&#8230;&#8230;&#8230;&#8230;&#8230;&#8230;&#8230;&#8230;&#8230;&#8230;&#8230;&#8230;&#8230;&#8230;&#8230;&#8230;&#8230;&#8230;&#8230;&#8230;&#8230;&#8230;&#8230;&#8230;&#8230;&#8230;&#8230;&#8230;&#8230;&#8230;&#8230;&#8230;&#8230;&#8230;&#8230;&#8230;&#8230;&#8230;&#8230;&#8230;&#8230;&#8230;&#8230;&#8230;&#8230;&#8230;&#8230;&#8230;&#8230;&#8230;&#8230;&#8230;&#8230;..<\/p>\n<p style=\"text-align: justify;\"><a href=\"https:\/\/zagros-centre.org\/wp-content\/uploads\/2025\/11\/n2529986.pdf\"><img loading=\"lazy\" decoding=\"async\" class=\"alignnone size-full wp-image-1682\" src=\"https:\/\/zagros-centre.org\/wp-content\/uploads\/2023\/09\/PDF_icon.png\" alt=\"\" width=\"100\" height=\"75\" \/><\/a><\/p>\n<p>https:\/\/docs.un.org\/fr\/A\/C.3\/80\/L.30<\/p>\n<p style=\"text-align: justify;\"><strong>Nations Unies<\/strong><br \/>\n<strong>A\/C.3\/80\/L.30<\/strong><\/p>\n<p style=\"text-align: justify;\"><strong>Assembl\u00e9e g\u00e9n\u00e9rale<\/strong><br \/>\n<strong>Distr. limit\u00e9e<\/strong><br \/>\n<strong>4 novembre 2025<\/strong><br \/>\n<strong>Fran\u00e7ais<\/strong><br \/>\n<strong>Original : anglais<\/strong><\/p>\n<p style=\"text-align: justify;\"><strong>Quatre-vingti\u00e8me session<\/strong><br \/>\n<strong>Troisi\u00e8me Commission<\/strong><br \/>\n<strong>Point 71 c) de l\u2019ordre du jour<\/strong><\/p>\n<p style=\"text-align: justify;\"><strong>Promotion et protection des droits humains :<\/strong><br \/>\n<strong>situations relatives aux droits humains et rapports<\/strong><br \/>\n<strong>des rapporteurs et repr\u00e9sentants sp\u00e9ciaux<\/strong><\/p>\n<p style=\"text-align: justify;\">Albanie, Allemagne, Andorre, Autriche, Belgique, Bulgarie, Canada,<br \/>\nCroatie, Espagne, Estonie, Finlande, France, Irlande, Islande, Isra\u00ebl,<br \/>\nLettonie, Liechtenstein, Lituanie, Luxembourg, Malte, Mont\u00e9n\u00e9gro,<br \/>\nNorv\u00e8ge, Nouvelle-Z\u00e9lande, Pays-Bas (Royaume des), Pologne, Roumanie,<br \/>\nRoyaume-Uni de Grande-Bretagne et d\u2019Irlande du Nord, Slovaquie,<br \/>\nSlov\u00e9nie, Su\u00e8de et Ukraine : projet de r\u00e9solution<\/p>\n<p style=\"text-align: justify;\">Situation relative aux droits humains en R\u00e9publique islamique d\u2019Iran<\/p>\n<p style=\"text-align: justify;\">L\u2019Assembl\u00e9e g\u00e9n\u00e9rale,<\/p>\n<p style=\"text-align: justify;\">Guid\u00e9e par la Charte des Nations Unies ainsi que par la D\u00e9claration universelle des droits de l\u2019homme\u00b9, les Pactes internationaux relatifs aux droits de l\u2019homme\u00b2 et les autres instruments internationaux relatifs aux droits humains,<\/p>\n<p style=\"text-align: justify;\">Rappelant ses r\u00e9solutions ant\u00e9rieures sur la situation relative aux droits humains en R\u00e9publique islamique d\u2019Iran, dont la plus r\u00e9cente est la r\u00e9solution 79\/183 du 17 d\u00e9cembre 2024,<\/p>\n<p style=\"text-align: justify;\">Se f\u00e9licitant de la r\u00e9solution 58\/21 du Conseil des droits de l\u2019homme en date du 3 avril 2025\u00b3, dans laquelle le Conseil a d\u00e9cid\u00e9 de proroger pour une p\u00e9riode d\u2019un an le mandat de la Mission internationale ind\u00e9pendante d\u2019\u00e9tablissement des faits sur la R\u00e9publique islamique d\u2019Iran\u2074 et le mandat de Rapporteur sp\u00e9cial\u2075 sur la situation des droits de l\u2019homme en R\u00e9publique islamique d\u2019Iran,<\/p>\n<p style=\"text-align: justify;\">A\/C.3\/80\/L.30 \u2014 Page 2<\/p>\n<ol style=\"text-align: justify;\">\n<li>Prend acte du rapport du Secr\u00e9taire g\u00e9n\u00e9ral pr\u00e9sent\u00e9 en application de la r\u00e9solution 79\/183\u2076, du rapport de la Mission internationale ind\u00e9pendante d\u2019\u00e9tablissement des faits sur la R\u00e9publique islamique d\u2019Iran pr\u00e9sent\u00e9 en application de la r\u00e9solution 55\/197 du Conseil des droits de l\u2019homme et du rapport de la Rapporteuse sp\u00e9ciale sur la situation des droits de l\u2019homme en R\u00e9publique islamique d\u2019Iran pr\u00e9sent\u00e9 en application de la r\u00e9solution 58\/21 du Conseil\u2078 ;<\/li>\n<li>Constate que la R\u00e9publique islamique d\u2019Iran a engag\u00e9 un dialogue avec les organes conventionnels des droits humains, notamment en pr\u00e9sentant des rapports p\u00e9riodiques au Comit\u00e9 pour l\u2019\u00e9limination de la discrimination raciale et en participant \u00e0 l\u2019examen que lui a consacr\u00e9 le Comit\u00e9 en ao\u00fbt 2024, et qu\u2019elle a pris part au quatri\u00e8me cycle de l\u2019Examen p\u00e9riodique universel du Conseil des droits de l\u2019homme ;<\/li>\n<li>Se f\u00e9licite de la mise en place en septembre 2024 du cadre de coop\u00e9ration technique entre la R\u00e9publique islamique d\u2019Iran et le Haut-Commissariat des Nations Unies aux droits de l\u2019homme, et constate que la R\u00e9publique islamique d\u2019Iran collabore de mani\u00e8re constructive avec le Haut-Commissariat sur les questions de fond ;<\/li>\n<li>Constate que la R\u00e9publique islamique d\u2019Iran coop\u00e8re avec certains titulaires de mandat au titre des proc\u00e9dures sp\u00e9ciales, tout en faisant observer que la port\u00e9e de cette coop\u00e9ration est pour l\u2019heure limit\u00e9e et en r\u00e9affirmant qu\u2019il importe de dialoguer et de coop\u00e9rer pleinement et sans r\u00e9serve sur les questions de fond, y compris l\u2019acc\u00e8s au pays, en particulier avec la Rapporteuse sp\u00e9ciale sur la situation des droits de l\u2019homme en R\u00e9publique islamique d\u2019Iran et la Mission internationale ind\u00e9pendante d\u2019\u00e9tablissement des faits sur la R\u00e9publique islamique d\u2019Iran ;<\/li>\n<li>Prend note des efforts que d\u00e9ploie la R\u00e9publique islamique d\u2019Iran en accueillant l\u2019une des plus grandes populations de r\u00e9fugi\u00e9s au monde, dont quelque 3,49 millions de r\u00e9fugi\u00e9s et de demandeurs d\u2019asile afghans et d\u2019Afghans se trouvant dans une situation prolong\u00e9e apparent\u00e9e \u00e0 celle des r\u00e9fugi\u00e9s, selon les donn\u00e9es communiqu\u00e9es par le Haut-Commissariat des Nations Unies pour les r\u00e9fugi\u00e9s en juin 2025, et prend acte des efforts entrepris pour leur permettre d\u2019acc\u00e9der aux services de base, en particulier aux soins de sant\u00e9, \u00e0 des permis de travail temporaires et \u00e0 l\u2019\u00e9ducation des enfants, tout en se d\u00e9clarant profond\u00e9ment pr\u00e9occup\u00e9e par :<\/li>\n<\/ol>\n<ul style=\"text-align: justify;\">\n<li>la lev\u00e9e des protections juridiques temporaires dont b\u00e9n\u00e9ficiaient les r\u00e9fugi\u00e9s afghans en R\u00e9publique islamique d\u2019Iran,<\/li>\n<li>les menaces pesant sur leurs droits humains, en particulier les droits des femmes et des filles afghanes,<\/li>\n<li>l\u2019acc\u00e8s de plus en plus limit\u00e9 aux services de base pour les Afghans sans papiers,<\/li>\n<li>le retour massif et forc\u00e9 de plus de 1,65 million d\u2019Afghans en 2025, y compris de personnes poss\u00e9dant des documents valables et d\u2019enfants non accompagn\u00e9s,<\/li>\n<\/ul>\n<p style=\"text-align: justify;\">ce qui expose les personnes renvoy\u00e9es \u00e0 un grave risque de pers\u00e9cution, notamment de torture ou de meurtre, en particulier les femmes et les filles priv\u00e9es de leurs droits fondamentaux sous les politiques des Taliban.<\/p>\n<p style=\"text-align: justify;\">L\u2019Assembl\u00e9e souligne que ces retours doivent \u00eatre r\u00e9alis\u00e9s conform\u00e9ment au droit international et aux normes humanitaires, en pr\u00e9servant la dignit\u00e9, la s\u00e9curit\u00e9 et les droits des personnes concern\u00e9es.<\/p>\n<ol style=\"text-align: justify;\">\n<li>Prend note \u00e9galement de la volont\u00e9 du Haut Conseil des droits de l\u2019homme et d\u2019autres autorit\u00e9s iraniennes d\u2019engager des dialogues bilat\u00e9raux sur les droits humains, et les invite \u00e0 intensifier ces dialogues ou \u00e0 reprendre ceux qui ont \u00e9t\u00e9 interrompus ;<\/li>\n<li>Condamne avec la plus grande fermet\u00e9 l\u2019intensification alarmante et consid\u00e9rable de l\u2019application de la peine de mort, que la R\u00e9publique islamique d\u2019Iran utilise de mani\u00e8re continue et g\u00e9n\u00e9ralis\u00e9e, en violation de ses obligations internationales, notamment :<\/li>\n<\/ol>\n<ul style=\"text-align: justify;\">\n<li>les ex\u00e9cutions men\u00e9es sur la base d\u2019aveux forc\u00e9s,<\/li>\n<li>les ex\u00e9cutions en l\u2019absence de proc\u00e8s \u00e9quitable et de proc\u00e9dure r\u00e9guli\u00e8re,<\/li>\n<li>les ex\u00e9cutions men\u00e9es dans le secret ou sans notification pr\u00e9alable aux familles ou aux avocats,<\/li>\n<\/ul>\n<p style=\"text-align: justify;\">ce qui peut conduire \u00e0 des erreurs judiciaires aux cons\u00e9quences irr\u00e9versibles.<\/p>\n<p style=\"text-align: justify;\">L\u2019Assembl\u00e9e r\u00e9affirme sa pr\u00e9occupation devant le fait qu\u2019un nombre important d\u2019infractions passibles de la peine de mort ne r\u00e9pondent pas au crit\u00e8re de \u00ab crimes les plus graves \u00bb, notamment :<\/p>\n<ul style=\"text-align: justify;\">\n<li>les infractions li\u00e9es \u00e0 la drogue,<\/li>\n<li>l\u2019adult\u00e8re,<\/li>\n<li>les relations entre personnes du m\u00eame sexe,<\/li>\n<li>l\u2019apostasie,<\/li>\n<li>le blasph\u00e8me,<\/li>\n<li>la consommation d\u2019alcool,<\/li>\n<li>et d\u2019autres infractions d\u00e9finies de mani\u00e8re trop large ou vague\u2079,<\/li>\n<\/ul>\n<p style=\"text-align: justify;\">en violation du Pacte international relatif aux droits civils et politiques\u00b9\u2070.<\/p>\n<p style=\"text-align: justify;\">Elle se d\u00e9clare \u00e9galement vivement pr\u00e9occup\u00e9e :<\/p>\n<ul style=\"text-align: justify;\">\n<li>par l\u2019application disproportionn\u00e9e de la peine de mort aux minorit\u00e9s ethniques et religieuses,<\/li>\n<li>par l\u2019augmentation des ex\u00e9cutions de femmes,<\/li>\n<li>par le recours \u00e0 la peine capitale comme outil de r\u00e9pression politique visant les dissidents, les opposants et les manifestants,<\/li>\n<li>ainsi que contre les personnes exer\u00e7ant leur droit \u00e0 la libert\u00e9 d\u2019opinion, d\u2019expression et de r\u00e9union pacifique.<\/li>\n<\/ul>\n<p style=\"text-align: justify;\">L\u2019Assembl\u00e9e s\u2019inqui\u00e8te du non-respect persistant :<\/p>\n<ul style=\"text-align: justify;\">\n<li>des garanties pr\u00e9vues par le droit iranien,<\/li>\n<li>des garanties reconnues au niveau international concernant l\u2019imposition de la peine capitale.<\/li>\n<\/ul>\n<p style=\"text-align: justify;\">Elle exhorte le Gouvernement de la R\u00e9publique islamique d\u2019Iran :<\/p>\n<ul style=\"text-align: justify;\">\n<li>\u00e0 restituer les d\u00e9pouilles des personnes ex\u00e9cut\u00e9es \u00e0 leurs familles afin qu\u2019elles puissent \u00eatre enterr\u00e9es dignement ;<\/li>\n<li>\u00e0 publier des donn\u00e9es d\u00e9taill\u00e9es concernant les ex\u00e9cutions.<\/li>\n<\/ul>\n<p style=\"text-align: justify;\">L\u2019Assembl\u00e9e exhorte en outre le Gouvernement de la R\u00e9publique islamique d\u2019Iran :<\/p>\n<ul style=\"text-align: justify;\">\n<li>\u00e0 abolir, en droit et en pratique, les ex\u00e9cutions publiques ;<\/li>\n<li>et \u00e0 envisager l\u2019instauration d\u2019un moratoire sur les ex\u00e9cutions ;<\/li>\n<\/ul>\n<ol style=\"text-align: justify;\">\n<li>Se d\u00e9clare profond\u00e9ment pr\u00e9occup\u00e9e par la poursuite de l\u2019application de la peine de mort \u00e0 l\u2019encontre de mineurs, et engage instamment la R\u00e9publique islamique d\u2019Iran \u00e0 :<\/li>\n<\/ol>\n<ul style=\"text-align: justify;\">\n<li>cesser d\u2019imposer la peine capitale aux personnes qui \u00e9taient \u00e2g\u00e9es de moins de 18 ans au moment des faits qui leur sont reproch\u00e9s,<br \/>\nen violation du Pacte international relatif aux droits civils et politiques et de la Convention relative aux droits de l\u2019enfant\u00b9\u00b9 ;<\/li>\n<li>commuer les condamnations \u00e0 mort prononc\u00e9es contre l\u2019ensemble des d\u00e9linquants mineurs ;<\/li>\n<\/ul>\n<ol style=\"text-align: justify;\">\n<li>Engage la R\u00e9publique islamique d\u2019Iran \u00e0 veiller, en droit et en pratique, \u00e0 ce que nul ne soit soumis \u00e0 la torture ou \u00e0 d\u2019autres peines ou traitements cruels, inhumains ou d\u00e9gradants, ce qui inclut :<\/li>\n<\/ol>\n<ul style=\"text-align: justify;\">\n<li>la violence sexuelle et fond\u00e9e sur le genre sous toutes ses formes,<\/li>\n<li>les amputations,<\/li>\n<li>et les ch\u00e2timents manifestement disproportionn\u00e9s par rapport \u00e0 l\u2019infraction ;<\/li>\n<\/ul>\n<p style=\"text-align: justify;\">et ce, conform\u00e9ment :<\/p>\n<ul style=\"text-align: justify;\">\n<li>aux garanties constitutionnelles de la R\u00e9publique islamique d\u2019Iran,<\/li>\n<li>et aux normes et obligations internationales applicables,<br \/>\nnotamment les **R\u00e8gles minima pour le traitement des d\u00e9tenus (R\u00e8gles Nelson Mandela)**\u00b9\u00b2.<\/li>\n<\/ul>\n<p style=\"text-align: justify;\">L\u2019Assembl\u00e9e demande instamment :<\/p>\n<ul style=\"text-align: justify;\">\n<li>que toutes les all\u00e9gations de torture ou de traitements cruels, inhumains ou d\u00e9gradants fassent l\u2019objet d\u2019enqu\u00eates rapides et impartiales,<\/li>\n<li>et que les auteurs soient tenus responsables, conform\u00e9ment au droit international ;<\/li>\n<\/ul>\n<ol style=\"text-align: justify;\">\n<li>Exhorte la R\u00e9publique islamique d\u2019Iran \u00e0 mettre fin :<\/li>\n<\/ol>\n<ul style=\"text-align: justify;\">\n<li>aux arrestations et d\u00e9tentions arbitraires, g\u00e9n\u00e9ralis\u00e9es et syst\u00e9matiques,<\/li>\n<li>\u00e0 l\u2019arrestation cibl\u00e9e de ressortissants binationaux ou \u00e9trangers, y compris ceux r\u00e9sidant \u00e0 l\u2019\u00e9tranger,<\/li>\n<li>aux pratiques de disparitions forc\u00e9es et de d\u00e9tention au secret ;<\/li>\n<\/ul>\n<p style=\"text-align: justify;\">et \u00e0 :<\/p>\n<ul style=\"text-align: justify;\">\n<li>lib\u00e9rer toutes les personnes d\u00e9tenues arbitrairement,<\/li>\n<li>faire toute la lumi\u00e8re sur le sort ou le lieu o\u00f9 se trouvent les victimes de disparition forc\u00e9e,<\/li>\n<li>respecter les garanties proc\u00e9durales, notamment :\n<ul>\n<li>le droit d\u2019acc\u00e8s rapide \u00e0 un avocat de son choix d\u00e8s le moment de l\u2019arrestation et \u00e0 toutes les \u00e9tapes de la proc\u00e9dure,<\/li>\n<li>le droit d\u2019acc\u00e8s int\u00e9gral au dossier,<\/li>\n<li>le droit d\u2019\u00eatre inform\u00e9 rapidement et de mani\u00e8re d\u00e9taill\u00e9e, dans une langue comprise par l\u2019accus\u00e9, des charges retenues,<\/li>\n<li>l\u2019examen de la possibilit\u00e9 de mise en libert\u00e9 sous caution ou de mesures alternatives \u00e0 la d\u00e9tention provisoire ;<\/li>\n<\/ul>\n<\/li>\n<\/ul>\n<p style=\"text-align: justify;\">ainsi que de respecter l\u2019interdiction de la torture.<\/p>\n<p style=\"text-align: justify;\">L\u2019Assembl\u00e9e demande \u00e9galement \u00e0 la R\u00e9publique islamique d\u2019Iran de respecter ses obligations en vertu de l\u2019article 36 de la Convention de Vienne sur les relations consulaires\u00b9\u00b3 concernant :<\/p>\n<ul style=\"text-align: justify;\">\n<li>la communication avec les ressortissants \u00e9trangers d\u00e9tenus,<\/li>\n<li>et l\u2019acc\u00e8s consulaire.<\/li>\n<\/ul>\n<ol style=\"text-align: justify;\">\n<li>Engage la R\u00e9publique islamique d\u2019Iran \u00e0 rem\u00e9dier aux mauvaises conditions de d\u00e9tention, notamment :<\/li>\n<\/ol>\n<ul style=\"text-align: justify;\">\n<li>la surpopulation carc\u00e9rale,<\/li>\n<li>les conditions d\u2019hygi\u00e8ne insuffisantes,<\/li>\n<li>le manque d\u2019aliments ad\u00e9quats et d\u2019eau potable,<\/li>\n<\/ul>\n<p style=\"text-align: justify;\">et se d\u00e9clare pr\u00e9occup\u00e9e :<\/p>\n<ul style=\"text-align: justify;\">\n<li>par la d\u00e9tention d\u2019enfants avec leur m\u00e8re dans des conditions se d\u00e9gradant,<\/li>\n<li>par le refus d\u00e9lib\u00e9r\u00e9 d\u2019accorder aux d\u00e9tenus un acc\u00e8s ad\u00e9quat et en temps voulu :\n<ul>\n<li>aux soins m\u00e9dicaux et aux m\u00e9dicaments,<\/li>\n<li>\u00e0 l\u2019eau potable,<\/li>\n<li>aux installations sanitaires et d\u2019hygi\u00e8ne,<\/li>\n<li>au contact familial,<\/li>\n<\/ul>\n<\/li>\n<\/ul>\n<p style=\"text-align: justify;\">ou la soumission de cet acc\u00e8s \u00e0 l\u2019obtention d\u2019aveux, ou \u00e0 des repr\u00e9sailles.<\/p>\n<p style=\"text-align: justify;\">L\u2019Assembl\u00e9e condamne \u00e9galement :<\/p>\n<ul style=\"text-align: justify;\">\n<li>l\u2019usage de violences sexuelles et fond\u00e9es sur le genre,<br \/>\ny compris le viol, contre les personnes d\u00e9tenues.<\/li>\n<\/ul>\n<p style=\"text-align: justify;\">Elle demande instamment \u00e0 la R\u00e9publique islamique d\u2019Iran :<\/p>\n<ul style=\"text-align: justify;\">\n<li>de r\u00e9v\u00e9ler le sort et le lieu o\u00f9 se trouvent toutes les personnes d\u00e9tenues,<\/li>\n<li>et de cr\u00e9er des m\u00e9canismes cr\u00e9dibles et ind\u00e9pendants de surveillance des prisons charg\u00e9s :\n<ul>\n<li>d\u2019enqu\u00eater sur tous les d\u00e9c\u00e8s en d\u00e9tention (y compris durant le transport ou \u00e0 l\u2019h\u00f4pital),<\/li>\n<li>ainsi que sur toutes les plaintes ou all\u00e9gations d\u2019abus ou de violations des droits humains,<\/li>\n<\/ul>\n<\/li>\n<\/ul>\n<p style=\"text-align: justify;\">et de veiller \u00e0 ce que les enqu\u00eates soient :<\/p>\n<ul style=\"text-align: justify;\">\n<li>rapides,<\/li>\n<li>efficaces,<\/li>\n<li>ind\u00e9pendantes,<\/li>\n<li>transparentes,<\/li>\n<li>et impartiales,<\/li>\n<\/ul>\n<p style=\"text-align: justify;\">conform\u00e9ment au droit international,<br \/>\net d\u2019assurer la responsabilisation des auteurs de violations ;<\/p>\n<ol style=\"text-align: justify;\">\n<li>Condamne la r\u00e9pression cibl\u00e9e des femmes et des filles par la R\u00e9publique islamique d\u2019Iran, tant en ligne qu\u2019hors ligne,<br \/>\nainsi que l\u2019absence de mesures de justice et de reddition de comptes concernant les violations des droits humains perp\u00e9tr\u00e9es \u00e0 leur encontre.<\/li>\n<\/ol>\n<p style=\"text-align: justify;\">Elle exhorte avec force la R\u00e9publique islamique d\u2019Iran \u00e0 \u00e9liminer, en droit et en pratique, toutes les formes de :<\/p>\n<ul style=\"text-align: justify;\">\n<li>discrimination syst\u00e9mique,<\/li>\n<li>et de violence \u00e0 l\u2019\u00e9gard des femmes et des filles,<\/li>\n<\/ul>\n<p style=\"text-align: justify;\">dans la vie :<\/p>\n<ul style=\"text-align: justify;\">\n<li>publique,<\/li>\n<li>et priv\u00e9e.<\/li>\n<\/ul>\n<p style=\"text-align: justify;\">Cela inclut :<\/p>\n<ul style=\"text-align: justify;\">\n<li>la violence sexuelle et fond\u00e9e sur le genre,<\/li>\n<li>le harc\u00e8lement verbal et physique,<\/li>\n<li>et les violations des droits humains \u00e0 l\u2019encontre des femmes et des filles.<\/li>\n<\/ul>\n<p style=\"text-align: justify;\">L\u2019Assembl\u00e9e demande que :<\/p>\n<ul style=\"text-align: justify;\">\n<li>les plaintes soient trait\u00e9es s\u00e9rieusement,<\/li>\n<li>et que les enqu\u00eates sur les violations pr\u00e9sum\u00e9es soient men\u00e9es de mani\u00e8re :\n<ul>\n<li>rapide,<\/li>\n<li>efficace,<\/li>\n<li>ind\u00e9pendante,<\/li>\n<li>transparente,<\/li>\n<li>et impartiale,<\/li>\n<\/ul>\n<\/li>\n<\/ul>\n<p style=\"text-align: justify;\">conform\u00e9ment au droit international.<\/p>\n<ol style=\"text-align: justify;\">\n<li>Prend note du retrait puis du r\u00e9tablissement du retrait du projet de loi visant \u00e0 prot\u00e9ger la dignit\u00e9 et la s\u00e9curit\u00e9 des femmes contre la violence,<br \/>\net demande l\u2019\u00e9laboration et la mise en \u0153uvre d\u2019une l\u00e9gislation compl\u00e8te sur la violence domestique qui :<\/li>\n<\/ol>\n<ul style=\"text-align: justify;\">\n<li>incrimine efficacement la violence \u00e0 l\u2019\u00e9gard des femmes et des filles,<\/li>\n<li>assure une protection effective et des recours pour les victimes.<\/li>\n<\/ul>\n<p style=\"text-align: justify;\">L\u2019Assembl\u00e9e demande \u00e9galement que des mesures sensibles au genre soient mises en place,<br \/>\ntant dans les politiques que dans la pratique, afin de pr\u00e9venir et de prot\u00e9ger les femmes et les filles contre :<\/p>\n<ul style=\"text-align: justify;\">\n<li>la violence sexuelle et fond\u00e9e sur le genre sous toutes ses formes,<\/li>\n<li>les agressions sexuelles,<\/li>\n<li>et la violence au sein du couple.<\/li>\n<\/ul>\n<p style=\"text-align: justify;\">Elle demande que les femmes et les filles aient une protection et un acc\u00e8s \u00e9gal \u00e0 la justice,<br \/>\net que des efforts soient d\u00e9ploy\u00e9s pour pr\u00e9venir et interdire :<\/p>\n<ul style=\"text-align: justify;\">\n<li>le f\u00e9minicide,<\/li>\n<li>les crimes dits \u00ab d\u2019honneur \u00bb,<\/li>\n<li>les mutilations g\u00e9nitales f\u00e9minines (qui persistent dans certaines communaut\u00e9s minoritaires),<\/li>\n<li>et le mariage des enfants ou le mariage pr\u00e9coce et forc\u00e9,<br \/>\nqui est intrins\u00e8quement destructeur pour la vie des filles<br \/>\net dont l\u2019incidence a augment\u00e9 ces derni\u00e8res ann\u00e9es en R\u00e9publique islamique d\u2019Iran ;<\/li>\n<\/ul>\n<ol style=\"text-align: justify;\">\n<li>Demande \u00e0 la R\u00e9publique islamique d\u2019Iran de promouvoir, soutenir et permettre la participation et le leadership :<\/li>\n<\/ol>\n<ul style=\"text-align: justify;\">\n<li>pleins,<\/li>\n<li>\u00e9gaux,<\/li>\n<li>et effectifs,<\/li>\n<\/ul>\n<p style=\"text-align: justify;\">des femmes et des filles dans les processus politiques et autres processus d\u00e9cisionnels.<\/p>\n<p style=\"text-align: justify;\">L\u2019Assembl\u00e9e :<\/p>\n<ul style=\"text-align: justify;\">\n<li>prend note des progr\u00e8s limit\u00e9s en mati\u00e8re de participation politique des femmes,<\/li>\n<li>et reconna\u00eet les taux \u00e9lev\u00e9s d\u2019inscription des filles et des femmes \u00e0 tous les niveaux de l\u2019\u00e9ducation en R\u00e9publique islamique d\u2019Iran.<\/li>\n<\/ul>\n<p style=\"text-align: justify;\">Elle demande \u00e9galement que la R\u00e9publique islamique d\u2019Iran :<\/p>\n<ul style=\"text-align: justify;\">\n<li>garantisse aux femmes et aux filles un acc\u00e8s \u00e9gal \u00e0 une \u00e9ducation primaire et secondaire gratuite et \u00e9quitable,<\/li>\n<li>assure un acc\u00e8s \u00e9gal \u00e0 l\u2019enseignement sup\u00e9rieur,<\/li>\n<li>prenne des mesures appropri\u00e9es pour prot\u00e9ger les \u00e9coles et les \u00e9l\u00e8ves, y compris les filles,<\/li>\n<li>et \u00e9limine les obstacles juridiques, r\u00e9glementaires et culturels \u00e0 une participation :\n<ul>\n<li>libre,<\/li>\n<li>\u00e9gale,<\/li>\n<li>et effective,<\/li>\n<\/ul>\n<\/li>\n<\/ul>\n<p style=\"text-align: justify;\">des femmes au march\u00e9 du travail et \u00e0 tous les aspects de la vie \u00e9conomique, culturelle, sociale et politique,<\/p>\n<p style=\"text-align: justify;\">y compris une participation et une pr\u00e9sence sans restriction aux \u00e9v\u00e9nements sportifs.<\/p>\n<p style=\"text-align: justify;\">L\u2019Assembl\u00e9e exprime sa grave pr\u00e9occupation quant au fait que la Loi sur la jeunesse de la population et la protection de la famille compromet l\u2019exercice, par les femmes et les filles, du droit de jouir du meilleur \u00e9tat de sant\u00e9 physique et mentale susceptible d\u2019\u00eatre atteint.<\/p>\n<ol style=\"text-align: justify;\">\n<li>Prend note de la suspension temporaire de la Loi relative \u00e0 la protection de la famille gr\u00e2ce \u00e0 la promotion de la culture de la chastet\u00e9 et du hijab,<br \/>\net exprime sa profonde pr\u00e9occupation quant \u00e0 :<\/li>\n<\/ol>\n<ul style=\"text-align: justify;\">\n<li>sa possible mise en \u0153uvre future,<\/li>\n<li>les modalit\u00e9s de son application, tant en ligne qu\u2019hors ligne,<\/li>\n<li>ses cons\u00e9quences p\u00e9nales, administratives et financi\u00e8res en cas de non-respect, notamment :\n<ul>\n<li>amendes,<\/li>\n<li>licenciements,<\/li>\n<li>interdictions de voyager,<\/li>\n<li>confiscation de biens,<\/li>\n<li>restrictions d\u2019acc\u00e8s \u00e0 l\u2019\u00e9ducation et aux soins de sant\u00e9,<\/li>\n<\/ul>\n<\/li>\n<\/ul>\n<p style=\"text-align: justify;\">ainsi que l\u2019imposition de lourdes sanctions telles que :<\/p>\n<ul style=\"text-align: justify;\">\n<li>l\u2019emprisonnement,<\/li>\n<li>la flagellation,<\/li>\n<li>et la peine de mort<\/li>\n<\/ul>\n<p style=\"text-align: justify;\">contre les personnes accus\u00e9es de contester la r\u00e9glementation relative au hijab.<\/p>\n<p style=\"text-align: justify;\">Elle exprime aussi sa vive inqui\u00e9tude face :<\/p>\n<ul style=\"text-align: justify;\">\n<li>\u00e0 la poursuite de l\u2019obligation impos\u00e9e et de la surveillance concernant le port du voile obligatoire,<\/li>\n<li>au harc\u00e8lement des femmes et des filles pour non-respect de ces r\u00e8gles,<\/li>\n<li>\u00e0 l\u2019utilisation de technologies de reconnaissance faciale et de surveillance dans les universit\u00e9s,<\/li>\n<\/ul>\n<p style=\"text-align: justify;\">ce qui se traduit par :<\/p>\n<ul style=\"text-align: justify;\">\n<li>des refus d\u2019acc\u00e8s aux \u00e9tablissements,<\/li>\n<li>des retraits de cours,<\/li>\n<li>et des expulsions pour non-respect et pour militantisme en faveur des droits humains.<\/li>\n<\/ul>\n<p style=\"text-align: justify;\">L\u2019Assembl\u00e9e r\u00e9affirme que ces lois et politiques discriminatoires relatives au port obligatoire du voile portent fondamentalement atteinte \u00e0 l\u2019exercice, par les femmes et les filles, de leurs droits humains, notamment :<\/p>\n<ul style=\"text-align: justify;\">\n<li>la libert\u00e9 de religion ou de conviction,<\/li>\n<li>la libert\u00e9 d\u2019opinion et d\u2019expression,<\/li>\n<li>la libert\u00e9 de mouvement,<\/li>\n<li>ainsi que les droits \u00e9conomiques, sociaux et culturels.<\/li>\n<\/ul>\n<p style=\"text-align: justify;\">Elle r\u00e9it\u00e8re son appel au Gouvernement de la R\u00e9publique islamique d\u2019Iran d\u2019abroger d\u00e9finitivement l\u2019ensemble de ces lois et politiques.<\/p>\n<ol style=\"text-align: justify;\">\n<li>Exprime sa profonde pr\u00e9occupation face aux restrictions g\u00e9n\u00e9ralis\u00e9es impos\u00e9es \u00e0 l\u2019exercice des droits suivants :<\/li>\n<\/ol>\n<ul style=\"text-align: justify;\">\n<li>libert\u00e9 de r\u00e9union pacifique,<\/li>\n<li>libert\u00e9 d\u2019association,<\/li>\n<li>libert\u00e9 d\u2019opinion et d\u2019expression, en ligne et hors ligne,<\/li>\n<\/ul>\n<p style=\"text-align: justify;\">et demande instamment \u00e0 la R\u00e9publique islamique d\u2019Iran de lib\u00e9rer imm\u00e9diatement et sans condition toutes les personnes d\u00e9tenues arbitrairement pour avoir exerc\u00e9 leurs droits humains et libert\u00e9s fondamentales, notamment :<\/p>\n<ul style=\"text-align: justify;\">\n<li>les d\u00e9fenseurs des droits humains,<\/li>\n<li>les journalistes,<\/li>\n<li>et toutes les personnes encore d\u00e9tenues pour participation \u00e0 des manifestations pacifiques.<\/li>\n<\/ul>\n<ol style=\"text-align: justify;\">\n<li>Condamne les mesures prises par la R\u00e9publique islamique d\u2019Iran pour r\u00e9primer les manifestations,<br \/>\nnotamment celles qui ont \u00e9clat\u00e9 en septembre 2022, y compris :<\/li>\n<\/ol>\n<ul style=\"text-align: justify;\">\n<li>le recours \u00e0 la peine de mort contre des personnes accus\u00e9es d\u2019avoir particip\u00e9 aux manifestations,<\/li>\n<li>les arrestations arbitraires,<\/li>\n<li>l\u2019usage excessif, y compris meurtrier, de la force,<\/li>\n<li>la torture et d\u2019autres peines ou traitements cruels, inhumains ou d\u00e9gradants inflig\u00e9s \u00e0 des personnes d\u00e9tenues,<\/li>\n<li>la violence physique et la d\u00e9tresse psychologique,<\/li>\n<li>la violence sexuelle et fond\u00e9e sur le genre en d\u00e9tention,<\/li>\n<li>les sanctions judiciaires et extrajudiciaires visant les d\u00e9fenseurs des droits humains et les personnes li\u00e9es aux manifestations,<\/li>\n<li>et la r\u00e9pression exerc\u00e9e en ligne.<\/li>\n<\/ul>\n<p style=\"text-align: justify;\">Elle demande instamment \u00e0 la R\u00e9publique islamique d\u2019Iran :<\/p>\n<ul style=\"text-align: justify;\">\n<li>de respecter les droits humains de tous les individus participant aux manifestations,<\/li>\n<li>d\u2019annuler toutes les condamnations arbitraires, notamment les peines capitales et les peines d\u2019exil int\u00e9rieur,<\/li>\n<li>de mettre fin aux repr\u00e9sailles visant les d\u00e9fenseurs des droits humains,<br \/>\ny compris les d\u00e9fenseurs des droits des femmes et des enfants,<\/li>\n<li>de cesser les repr\u00e9sailles visant les membres de la famille des manifestants,<br \/>\nainsi que les journalistes, les employ\u00e9s des m\u00e9dias et les avocats qui d\u00e9fendent les manifestants,<\/li>\n<li>et de mettre fin aux repr\u00e9sailles visant les personnes coop\u00e9rant avec les m\u00e9canismes des droits humains de l\u2019ONU.<\/li>\n<\/ul>\n<p style=\"text-align: justify;\">Elle r\u00e9affirme en outre l\u2019importance :<\/p>\n<ul style=\"text-align: justify;\">\n<li>de mener des enqu\u00eates rapides, ind\u00e9pendantes, impartiales, efficaces et transparentes sur toutes les all\u00e9gations de violations des droits humains,<\/li>\n<li>de veiller \u00e0 ce que les responsables rendent des comptes,<\/li>\n<li>et de mettre fin \u00e0 l\u2019impunit\u00e9 syst\u00e9mique en R\u00e9publique islamique d\u2019Iran.<\/li>\n<\/ul>\n<ol style=\"text-align: justify;\">\n<li>Demande instamment au Gouvernement de la R\u00e9publique islamique d\u2019Iran de rem\u00e9dier aux violations des droits \u00e9conomiques et sociaux des travailleurs, notamment :<\/li>\n<\/ol>\n<ul style=\"text-align: justify;\">\n<li>les retards dans le versement des salaires,<\/li>\n<li>l\u2019absence de prestations et de protections pr\u00e9vues par la loi,<\/li>\n<li>les licenciements injustifi\u00e9s,<\/li>\n<li>les bas salaires,<\/li>\n<\/ul>\n<p style=\"text-align: justify;\">et demande que les salaires et les pensions soient ajust\u00e9s pour garantir un niveau de vie d\u00e9cent.<\/p>\n<ol style=\"text-align: justify;\">\n<li>Demande instamment \u00e0 la R\u00e9publique islamique d\u2019Iran de mettre fin aux violations du droit \u00e0 :<\/li>\n<\/ol>\n<ul style=\"text-align: justify;\">\n<li>la libert\u00e9 d\u2019opinion et d\u2019expression, en ligne et hors ligne,<\/li>\n<li>la libert\u00e9 de rechercher, recevoir et diffuser des informations,<\/li>\n<li>la libert\u00e9 de r\u00e9union pacifique,<\/li>\n<li>et la libert\u00e9 d\u2019association,<\/li>\n<\/ul>\n<p style=\"text-align: justify;\">violations commises au moyen, entre autres :<\/p>\n<ul style=\"text-align: justify;\">\n<li>de coupures totales ou partielles d\u2019Internet,<\/li>\n<li>du blocage d\u2019applications de r\u00e9seaux sociaux,<\/li>\n<li>de la r\u00e9duction d\u00e9lib\u00e9r\u00e9e de la vitesse de l\u2019Internet mobile et des services en ligne,<\/li>\n<li>de la censure en ligne,<\/li>\n<li>et de l\u2019interruption d\u00e9lib\u00e9r\u00e9e des r\u00e9seaux.<\/li>\n<\/ul>\n<p style=\"text-align: justify;\">Tout en reconnaissant que le d\u00e9blocage de certaines plateformes constitue une \u00e9tape positive,<br \/>\nl\u2019Assembl\u00e9e demeure profond\u00e9ment pr\u00e9occup\u00e9e par :<\/p>\n<ul style=\"text-align: justify;\">\n<li>le maintien de restrictions au libre acc\u00e8s en ligne,<\/li>\n<li>le recours accru aux technologies num\u00e9riques pour harceler et discr\u00e9diter les d\u00e9fenseurs des droits humains,<\/li>\n<li>les pratiques de surveillance num\u00e9rique arbitraires ou ill\u00e9gales,<\/li>\n<li>et les restrictions g\u00e9n\u00e9ralis\u00e9es \u00e0 l\u2019acc\u00e8s \u00e0 Internet et \u00e0 la diffusion d\u2019informations.<\/li>\n<\/ul>\n<p style=\"text-align: justify;\">Elle exhorte en outre la R\u00e9publique islamique d\u2019Iran \u00e0 renoncer au projet de loi sur la protection des utilisateurs dans le cyberespace,<br \/>\ncar sa mise en \u0153uvre porterait gravement atteinte aux droits humains et aux libert\u00e9s fondamentales.<\/p>\n<ol style=\"text-align: justify;\">\n<li>Se d\u00e9clare pr\u00e9occup\u00e9e par les nouvelles tentatives de la R\u00e9publique islamique d\u2019Iran de :<\/li>\n<\/ol>\n<ul style=\"text-align: justify;\">\n<li>limiter l\u2019acc\u00e8s \u00e0 l\u2019information,<\/li>\n<li>criminaliser la dissidence et la diffusion d\u2019informations, en ligne et hors ligne,<\/li>\n<li>et intensifier la r\u00e9pression au moyen d\u2019accusations li\u00e9es \u00e0 l\u2019espionnage,<br \/>\nsans respect des garanties d\u2019un proc\u00e8s \u00e9quitable<br \/>\net en contradiction avec le droit international,<\/li>\n<\/ul>\n<p style=\"text-align: justify;\">notamment en recourant :<\/p>\n<ul style=\"text-align: justify;\">\n<li>aux arrestations et \u00e0 la d\u00e9tention arbitraire.<\/li>\n<\/ul>\n<p style=\"text-align: justify;\">L\u2019Assembl\u00e9e se d\u00e9clare \u00e9galement pr\u00e9occup\u00e9e par la Loi sur le renforcement des sanctions contre l\u2019espionnage et la coop\u00e9ration avec le r\u00e9gime sioniste et les \u00c9tats hostiles,<br \/>\ncar cette loi :<\/p>\n<ul style=\"text-align: justify;\">\n<li>\u00e9largit consid\u00e9rablement la d\u00e9finition des actes consid\u00e9r\u00e9s comme de l\u2019espionnage,<\/li>\n<li>accro\u00eet la liste des infractions passibles de longues peines d\u2019emprisonnement et de la peine de mort,<\/li>\n<li>et contient des dispositions permettant l\u2019application r\u00e9troactive des peines,<\/li>\n<\/ul>\n<p style=\"text-align: justify;\">en violation du Pacte international relatif aux droits civils et politiques.<\/p>\n<p style=\"text-align: justify;\">Elle demande instamment \u00e0 la R\u00e9publique islamique d\u2019Iran d\u2019abroger imm\u00e9diatement ladite loi.<\/p>\n<ol style=\"text-align: justify;\">\n<li>Se d\u00e9clare profond\u00e9ment pr\u00e9occup\u00e9e par les actes de r\u00e9pression syst\u00e9matiques exerc\u00e9s par la R\u00e9publique islamique d\u2019Iran dans le but :<\/li>\n<\/ol>\n<ul style=\"text-align: justify;\">\n<li>de nuire,<\/li>\n<li>de r\u00e9duire au silence,<\/li>\n<li>ou d\u2019intimider les personnes qui expriment des opinions dissidentes<br \/>\nou d\u00e9noncent les violations des droits humains,<\/li>\n<\/ul>\n<p style=\"text-align: justify;\">notamment :<\/p>\n<ul style=\"text-align: justify;\">\n<li>les d\u00e9fenseurs des droits humains,<\/li>\n<li>les journalistes,<\/li>\n<li>les opposants politiques et les membres de leur famille.<\/li>\n<\/ul>\n<p style=\"text-align: justify;\">Elle note avec une vive inqui\u00e9tude que certains de ces individus sont soumis \u00e0 des actes de r\u00e9pression transnationaux,<br \/>\ny compris :<\/p>\n<ul style=\"text-align: justify;\">\n<li>des moyens num\u00e9riques,<\/li>\n<li>des moyens physiques,<\/li>\n<li>et la prise pour cible des membres de leur famille en R\u00e9publique islamique d\u2019Iran<br \/>\ndans le but de r\u00e9duire au silence les critiques vivant \u00e0 l\u2019\u00e9tranger.<\/li>\n<\/ul>\n<p style=\"text-align: justify;\">L\u2019Assembl\u00e9e exprime \u00e9galement sa pr\u00e9occupation face :<\/p>\n<ul style=\"text-align: justify;\">\n<li>au harc\u00e8lement et \u00e0 l\u2019intimidation des victimes,<\/li>\n<li>des survivants,<\/li>\n<li>et des familles cherchant \u00e0 obtenir justice et reddition de comptes,<\/li>\n<\/ul>\n<p style=\"text-align: justify;\">en lien notamment avec :<\/p>\n<ul style=\"text-align: justify;\">\n<li>les cas de disparitions forc\u00e9es de longue date,<\/li>\n<li>et les manifestations de 2022.<\/li>\n<\/ul>\n<ol style=\"text-align: justify;\">\n<li>Encourage la R\u00e9publique islamique d\u2019Iran \u00e0 coop\u00e9rer avec tous les organismes concern\u00e9s qui enqu\u00eatent sur les all\u00e9gations de harc\u00e8lement et d\u2019intimidation des familles des victimes du vol 752 de la compagnie Ukraine International Airlines,<br \/>\net demande instamment au Gouvernement de la R\u00e9publique islamique d\u2019Iran d\u2019assurer une pleine reddition de comptes pour la destruction de cet avion, conform\u00e9ment \u00e0 ses obligations internationales.<\/li>\n<li>R\u00e9it\u00e8re sa demande \u00e0 la R\u00e9publique islamique d\u2019Iran, y compris au pouvoir judiciaire et aux services de s\u00e9curit\u00e9,<br \/>\nde cr\u00e9er et de maintenir, en droit et en pratique, un environnement s\u00fbr et propice (en ligne et hors ligne) \u00e0 l\u2019action :<\/li>\n<\/ol>\n<ul style=\"text-align: justify;\">\n<li>d\u2019une soci\u00e9t\u00e9 civile ind\u00e9pendante,<\/li>\n<li>dynamique,<\/li>\n<li>diversifi\u00e9e,<\/li>\n<li>et pluraliste,<\/li>\n<\/ul>\n<p style=\"text-align: justify;\">et ce, sans obstacles, sans ins\u00e9curit\u00e9 ni repr\u00e9sailles.<\/p>\n<p style=\"text-align: justify;\">L\u2019Assembl\u00e9e exhorte la R\u00e9publique islamique d\u2019Iran :<\/p>\n<ul style=\"text-align: justify;\">\n<li>\u00e0 cesser le harc\u00e8lement, l\u2019intimidation et la pers\u00e9cution des personnes,<br \/>\nnotamment des acteurs politiques, des d\u00e9fenseurs des droits humains et des membres de leur famille,<br \/>\nqu\u2019ils soient iraniens, binationaux ou \u00e9trangers ;<\/li>\n<li>\u00e0 mettre fin \u00e0 la r\u00e9pression des journalistes et des employ\u00e9s des m\u00e9dias,<br \/>\nainsi que de leurs familles,<br \/>\nqui sont la cible d\u2019intimidation, de d\u00e9tention arbitraire et de lourdes peines d\u2019emprisonnement ;<\/li>\n<li>\u00e0 mettre fin aux menaces et actes d\u2019intimidation visant les journalistes et les employ\u00e9s des m\u00e9dias critiques du Gouvernement,<br \/>\ntant \u00e0 l\u2019int\u00e9rieur qu\u2019\u00e0 l\u2019ext\u00e9rieur du pays ;<\/li>\n<li>et \u00e0 enqu\u00eater sur les auteurs de tels actes et \u00e0 les poursuivre en justice.<\/li>\n<\/ul>\n<ol style=\"text-align: justify;\">\n<li>Demande \u00e0 la R\u00e9publique islamique d\u2019Iran de lib\u00e9rer les d\u00e9fenseurs des droits humains, notamment les femmes d\u00e9fenseures des droits humains,<br \/>\nqui sont d\u00e9tenus pour avoir exerc\u00e9 leurs droits :<\/li>\n<\/ol>\n<ul style=\"text-align: justify;\">\n<li>\u00e0 la libert\u00e9 de r\u00e9union pacifique,<\/li>\n<li>\u00e0 la libert\u00e9 d\u2019association,<\/li>\n<li>et \u00e0 la libert\u00e9 d\u2019opinion et d\u2019expression,<\/li>\n<\/ul>\n<p style=\"text-align: justify;\">et de reconna\u00eetre les risques, les violences et le harc\u00e8lement auxquels ces d\u00e9fenseurs sont confront\u00e9s,<br \/>\nainsi que de prendre des mesures :<\/p>\n<ul style=\"text-align: justify;\">\n<li>concr\u00e8tes,<\/li>\n<li>fortes,<\/li>\n<li>et appropri\u00e9es,<\/li>\n<\/ul>\n<p style=\"text-align: justify;\">pour les prot\u00e9ger et garantir l\u2019exercice plein et entier de leurs droits humains ;<\/p>\n<ol style=\"text-align: justify;\">\n<li>Rappelle le r\u00f4le positif, important et l\u00e9gitime des d\u00e9fenseurs des droits humains, y compris les femmes d\u00e9fenseures,<br \/>\nainsi que celui :<\/li>\n<\/ol>\n<ul style=\"text-align: justify;\">\n<li>des avocats,<\/li>\n<li>des journalistes,<\/li>\n<li>des professionnels des m\u00e9dias,<\/li>\n<li>des \u00e9crivains,<\/li>\n<li>des artistes,<\/li>\n<li>et des militants de la culture,<\/li>\n<\/ul>\n<p style=\"text-align: justify;\">dans la promotion des droits humains et dans le renforcement de la compr\u00e9hension, de la tol\u00e9rance et de la paix.<\/p>\n<p style=\"text-align: justify;\">Elle demande instamment \u00e0 la R\u00e9publique islamique d\u2019Iran d\u2019assurer un environnement :<\/p>\n<ul style=\"text-align: justify;\">\n<li>s\u00fbr,<\/li>\n<li>propice,<\/li>\n<li>accessible,<\/li>\n<li>et inclusif,<\/li>\n<\/ul>\n<p style=\"text-align: justify;\">\u00e0 leur participation, en ligne et hors ligne, \u00e0 toutes les activit\u00e9s concern\u00e9es ;<\/p>\n<ol style=\"text-align: justify;\">\n<li>Demande \u00e0 la R\u00e9publique islamique d\u2019Iran d\u2019\u00e9liminer, en droit et en pratique, toutes les formes de discrimination et de violations des droits humains<br \/>\n\u00e0 l\u2019\u00e9gard des personnes appartenant \u00e0 des minorit\u00e9s ethniques, linguistiques ou d\u2019autres minorit\u00e9s,<br \/>\ny compris, mais sans s\u2019y limiter :<\/li>\n<\/ol>\n<ul style=\"text-align: justify;\">\n<li>les Arabes ahwazis,<\/li>\n<li>les Azerba\u00efdjanais,<\/li>\n<li>les Baloutches,<\/li>\n<li>les Kurdes,<\/li>\n<\/ul>\n<p style=\"text-align: justify;\">ainsi que leurs d\u00e9fenseurs.<\/p>\n<p style=\"text-align: justify;\">Elle exprime une pr\u00e9occupation particuli\u00e8re concernant :<\/p>\n<ul style=\"text-align: justify;\">\n<li>le nombre proportionnellement plus \u00e9lev\u00e9 de morts dans les villes et provinces \u00e0 forte population minoritaire lors des manifestations,<\/li>\n<li>l\u2019application disproportionn\u00e9e de la peine de mort aux minorit\u00e9s, notamment les Baloutches, les Kurdes et les Arabes,<\/li>\n<li>et la hausse pr\u00e9occupante des ex\u00e9cutions de personnes de nationalit\u00e9 afghane ;<\/li>\n<\/ul>\n<ol style=\"text-align: justify;\">\n<li>Se d\u00e9clare fortement pr\u00e9occup\u00e9e par les restrictions s\u00e9v\u00e8res et croissantes impos\u00e9es \u00e0 la libert\u00e9 de pens\u00e9e, de conscience et de religion ou de conviction, notamment :<\/li>\n<\/ol>\n<ul style=\"text-align: justify;\">\n<li>les restrictions \u00e0 l\u2019\u00e9tablissement de lieux de culte,<\/li>\n<li>les restrictions injustifi\u00e9es sur les rites fun\u00e9raires,<\/li>\n<li>les attaques contre les lieux de culte et les cimeti\u00e8res,<\/li>\n<li>le harc\u00e8lement, l\u2019intimidation et la pers\u00e9cution des membres de minorit\u00e9s religieuses reconnues ou non reconnues, y compris :\n<ul>\n<li>les chr\u00e9tiens, en particulier les convertis,<\/li>\n<li>les derviches gonabadi,<\/li>\n<li>les juifs,<\/li>\n<li>les soufis,<\/li>\n<li>les musulmans sunnites,<\/li>\n<li>les yarsanis,<\/li>\n<li>les zoroastriens,<\/li>\n<li>et en particulier les bah\u00e1\u2019\u00eds,<\/li>\n<\/ul>\n<\/li>\n<\/ul>\n<p style=\"text-align: justify;\">ces derniers \u00e9tant confront\u00e9s \u00e0 :<\/p>\n<ul style=\"text-align: justify;\">\n<li>une intensification des pers\u00e9cutions,<\/li>\n<li>des d\u00e9tentions arbitraires g\u00e9n\u00e9ralis\u00e9es,<\/li>\n<li>des disparitions forc\u00e9es,<\/li>\n<li>un manque de proc\u00e8s \u00e9quitables,<\/li>\n<li>des peines de mort disproportionn\u00e9es ou discriminatoires,<\/li>\n<li>la destruction et la confiscation de biens,<\/li>\n<li>des attaques visant des membres \u00e9minents ou \u00e2g\u00e9s,<\/li>\n<li>des restrictions en mati\u00e8re d\u2019emploi,<\/li>\n<li>et un acc\u00e8s limit\u00e9 ou refus\u00e9 \u00e0 l\u2019\u00e9ducation.<\/li>\n<\/ul>\n<p style=\"text-align: justify;\"><img loading=\"lazy\" decoding=\"async\" class=\"alignnone wp-image-2309 size-full\" src=\"https:\/\/zagros-centre.org\/wp-content\/uploads\/2025\/11\/Iran-19112025.jpg\" alt=\"\" width=\"1681\" height=\"985\" srcset=\"https:\/\/zagros-centre.org\/wp-content\/uploads\/2025\/11\/Iran-19112025.jpg 1681w, https:\/\/zagros-centre.org\/wp-content\/uploads\/2025\/11\/Iran-19112025-300x176.jpg 300w, https:\/\/zagros-centre.org\/wp-content\/uploads\/2025\/11\/Iran-19112025-600x352.jpg 600w, https:\/\/zagros-centre.org\/wp-content\/uploads\/2025\/11\/Iran-19112025-768x450.jpg 768w, https:\/\/zagros-centre.org\/wp-content\/uploads\/2025\/11\/Iran-19112025-1536x900.jpg 1536w\" sizes=\"auto, (max-width: 1681px) 100vw, 1681px\" \/><\/p>\n","protected":false},"excerpt":{"rendered":"<p>19 novembre 2025 La Troisi\u00e8me Commission de l\u2019Assembl\u00e9e g\u00e9n\u00e9rale des Nations Unies a adopt\u00e9, le 19 novembre 2025, la r\u00e9solution A\/C.3\/80\/L.30 portant sur la situation des droits de l\u2019homme en R\u00e9publique islamique d\u2019Iran. Le texte, pr\u00e9sent\u00e9 par le Canada et sans incidence budg\u00e9taire, a \u00e9t\u00e9 approuv\u00e9 par 79 voix pour, 28 contre et 63 abstentions, &hellip;<\/p>\n","protected":false},"author":1,"featured_media":2309,"comment_status":"open","ping_status":"closed","sticky":false,"template":"","format":"standard","meta":{"footnotes":""},"categories":[70,11,84,71,34,6,75,60,50,73,81,15,31],"tags":[],"class_list":["post-2308","post","type-post","status-publish","format-standard","has-post-thumbnail","","category-baloutch","category-droit-de-lhomme","category-execution-2","category-execution","category-femme","category-iran","category-israel","category-kurde","category-minorite","category-mission-denquete-des-nations-unies","category-new-york","category-peine-de-mort","category-prisonnier"],"_links":{"self":[{"href":"https:\/\/zagros-centre.org\/index.php?rest_route=\/wp\/v2\/posts\/2308","targetHints":{"allow":["GET"]}}],"collection":[{"href":"https:\/\/zagros-centre.org\/index.php?rest_route=\/wp\/v2\/posts"}],"about":[{"href":"https:\/\/zagros-centre.org\/index.php?rest_route=\/wp\/v2\/types\/post"}],"author":[{"embeddable":true,"href":"https:\/\/zagros-centre.org\/index.php?rest_route=\/wp\/v2\/users\/1"}],"replies":[{"embeddable":true,"href":"https:\/\/zagros-centre.org\/index.php?rest_route=%2Fwp%2Fv2%2Fcomments&post=2308"}],"version-history":[{"count":2,"href":"https:\/\/zagros-centre.org\/index.php?rest_route=\/wp\/v2\/posts\/2308\/revisions"}],"predecessor-version":[{"id":2312,"href":"https:\/\/zagros-centre.org\/index.php?rest_route=\/wp\/v2\/posts\/2308\/revisions\/2312"}],"wp:featuredmedia":[{"embeddable":true,"href":"https:\/\/zagros-centre.org\/index.php?rest_route=\/wp\/v2\/media\/2309"}],"wp:attachment":[{"href":"https:\/\/zagros-centre.org\/index.php?rest_route=%2Fwp%2Fv2%2Fmedia&parent=2308"}],"wp:term":[{"taxonomy":"category","embeddable":true,"href":"https:\/\/zagros-centre.org\/index.php?rest_route=%2Fwp%2Fv2%2Fcategories&post=2308"},{"taxonomy":"post_tag","embeddable":true,"href":"https:\/\/zagros-centre.org\/index.php?rest_route=%2Fwp%2Fv2%2Ftags&post=2308"}],"curies":[{"name":"wp","href":"https:\/\/api.w.org\/{rel}","templated":true}]}}