{"id":2314,"date":"2025-12-10T21:48:56","date_gmt":"2025-12-10T20:48:56","guid":{"rendered":"https:\/\/zagros-centre.org\/?p=2314"},"modified":"2025-12-10T21:48:56","modified_gmt":"2025-12-10T20:48:56","slug":"declaration-du-centre-zagros-pour-les-droits-de-lhomme-journee-internationale-des-droits-de-lhomme-10-decembre-2025","status":"publish","type":"post","link":"https:\/\/zagros-centre.org\/?p=2314","title":{"rendered":"D\u00e9claration du Centre Zagros pour les droits de l\u2019homme Journ\u00e9e internationale des droits de l\u2019homme \u2013 10 d\u00e9cembre 2025"},"content":{"rendered":"<p style=\"text-align: justify;\">En cette Journ\u00e9e internationale des droits de l\u2019homme, nous soulignons notre engagement ind\u00e9fectible envers la dignit\u00e9, la libert\u00e9 et l\u2019\u00e9galit\u00e9 de toutes et tous. Depuis l\u2019adoption de la D\u00e9claration universelle des droits de l\u2019homme, le 10 d\u00e9cembre 1948, ce texte fondateur demeure la r\u00e9f\u00e9rence essentielle guidant l\u2019action collective pour prot\u00e9ger chaque individu contre l\u2019injustice, la discrimination et la violence.<\/p>\n<p>Au Centre Zagros pour les droits de l\u2019homme, nous poursuivons notre mission en solidarit\u00e9 avec celles et ceux qui d\u00e9fendent les droits et libert\u00e9s fondamentaux dans des contextes souvent marqu\u00e9s par la r\u00e9pression, les conflits et les in\u00e9galit\u00e9s structurelles. Notre travail couvre notamment la promotion de l\u2019\u00e9galit\u00e9 des sexes, la protection des enfants, la d\u00e9fense des Nations minoritaires et des peuples autochtones, ainsi que la lutte contre la peine de mort et les violations graves du droit international des droits humains.<\/p>\n<p>Cette journ\u00e9e rappelle aussi l\u2019ampleur des d\u00e9fis persistants. Dans de nombreuses r\u00e9gions du monde, les droits humains continuent d\u2019\u00eatre bafou\u00e9s : restrictions des libert\u00e9s civiles, criminalisation des voix dissidentes, violences cibl\u00e9es contre les minorit\u00e9s, atteintes \u00e0 la vie et \u00e0 l\u2019int\u00e9grit\u00e9 physique. Ces r\u00e9alit\u00e9s exigent une vigilance constante et une mobilisation renforc\u00e9e.<\/p>\n<p>Nous appelons la communaut\u00e9 internationale, les organisations de la soci\u00e9t\u00e9 civile et chaque citoyen engag\u00e9 \u00e0 unir leurs efforts pour promouvoir la justice, renforcer la protection des victimes et exiger la mise en \u0153uvre effective des normes internationales. Les droits humains ne sont pas une aspiration abstraite : ils constituent la base d\u2019une soci\u00e9t\u00e9 juste, inclusive et pacifique.<\/p>\n<p>En ce 10 d\u00e9cembre, nous affirmons notre d\u00e9termination \u00e0 \u0153uvrer pour un monde o\u00f9 chaque personne, sans exception, peut jouir pleinement de ses droits inali\u00e9nables.<\/p>\n<p>Centre Zagros pour les droits de l\u2019homme<\/p>\n<p>&nbsp;<\/p>\n<p><img loading=\"lazy\" decoding=\"async\" class=\"alignnone wp-image-2315 size-large\" src=\"https:\/\/zagros-centre.org\/wp-content\/uploads\/2025\/12\/490103473_28885889591055118_6539905589624220202_n-600x424.jpg\" alt=\"\" width=\"600\" height=\"424\" srcset=\"https:\/\/zagros-centre.org\/wp-content\/uploads\/2025\/12\/490103473_28885889591055118_6539905589624220202_n-600x424.jpg 600w, https:\/\/zagros-centre.org\/wp-content\/uploads\/2025\/12\/490103473_28885889591055118_6539905589624220202_n-300x212.jpg 300w, https:\/\/zagros-centre.org\/wp-content\/uploads\/2025\/12\/490103473_28885889591055118_6539905589624220202_n-768x543.jpg 768w, https:\/\/zagros-centre.org\/wp-content\/uploads\/2025\/12\/490103473_28885889591055118_6539905589624220202_n-1536x1086.jpg 1536w, https:\/\/zagros-centre.org\/wp-content\/uploads\/2025\/12\/490103473_28885889591055118_6539905589624220202_n.jpg 2048w\" sizes=\"auto, (max-width: 600px) 100vw, 600px\" \/><\/p>\n","protected":false},"excerpt":{"rendered":"<p>En cette Journ\u00e9e internationale des droits de l\u2019homme, nous soulignons notre engagement ind\u00e9fectible envers la dignit\u00e9, la libert\u00e9 et l\u2019\u00e9galit\u00e9 de toutes et tous. Depuis l\u2019adoption de la D\u00e9claration universelle des droits de l\u2019homme, le 10 d\u00e9cembre 1948, ce texte fondateur demeure la r\u00e9f\u00e9rence essentielle guidant l\u2019action collective pour prot\u00e9ger chaque individu contre l\u2019injustice, la &hellip;<\/p>\n","protected":false},"author":1,"featured_media":2315,"comment_status":"open","ping_status":"closed","sticky":false,"template":"","format":"standard","meta":{"footnotes":""},"categories":[5,11],"tags":[],"class_list":["post-2314","post","type-post","status-publish","format-standard","has-post-thumbnail","","category-declaration","category-droit-de-lhomme"],"_links":{"self":[{"href":"https:\/\/zagros-centre.org\/index.php?rest_route=\/wp\/v2\/posts\/2314","targetHints":{"allow":["GET"]}}],"collection":[{"href":"https:\/\/zagros-centre.org\/index.php?rest_route=\/wp\/v2\/posts"}],"about":[{"href":"https:\/\/zagros-centre.org\/index.php?rest_route=\/wp\/v2\/types\/post"}],"author":[{"embeddable":true,"href":"https:\/\/zagros-centre.org\/index.php?rest_route=\/wp\/v2\/users\/1"}],"replies":[{"embeddable":true,"href":"https:\/\/zagros-centre.org\/index.php?rest_route=%2Fwp%2Fv2%2Fcomments&post=2314"}],"version-history":[{"count":1,"href":"https:\/\/zagros-centre.org\/index.php?rest_route=\/wp\/v2\/posts\/2314\/revisions"}],"predecessor-version":[{"id":2316,"href":"https:\/\/zagros-centre.org\/index.php?rest_route=\/wp\/v2\/posts\/2314\/revisions\/2316"}],"wp:featuredmedia":[{"embeddable":true,"href":"https:\/\/zagros-centre.org\/index.php?rest_route=\/wp\/v2\/media\/2315"}],"wp:attachment":[{"href":"https:\/\/zagros-centre.org\/index.php?rest_route=%2Fwp%2Fv2%2Fmedia&parent=2314"}],"wp:term":[{"taxonomy":"category","embeddable":true,"href":"https:\/\/zagros-centre.org\/index.php?rest_route=%2Fwp%2Fv2%2Fcategories&post=2314"},{"taxonomy":"post_tag","embeddable":true,"href":"https:\/\/zagros-centre.org\/index.php?rest_route=%2Fwp%2Fv2%2Ftags&post=2314"}],"curies":[{"name":"wp","href":"https:\/\/api.w.org\/{rel}","templated":true}]}}