{"id":2326,"date":"2026-01-06T04:43:31","date_gmt":"2026-01-06T03:43:31","guid":{"rendered":"https:\/\/zagros-centre.org\/?p=2326"},"modified":"2026-01-06T04:45:31","modified_gmt":"2026-01-06T03:45:31","slug":"declaration-2-iran-bilan-humain-preoccupant-et-urgence-dune-reponse-internationale-fondee-sur-les-droits-humains","status":"publish","type":"post","link":"https:\/\/zagros-centre.org\/?p=2326","title":{"rendered":"D\u00e9claration (2) Iran : bilan humain pr\u00e9occupant et urgence d\u2019une r\u00e9ponse internationale fond\u00e9e sur les droits humains"},"content":{"rendered":"<p style=\"text-align: justify;\">05 janvier 2026<\/p>\n<p>Depuis notre d\u00e9claration du 31 d\u00e9cembre 2025, les manifestations et gr\u00e8ves se sont poursuivies et \u00e9tendues \u00e0 de nombreuses villes et provinces, tandis que la r\u00e9ponse des autorit\u00e9s s\u2019est caract\u00e9ris\u00e9e par un recours accru \u00e0 la force, une militarisation de l\u2019espace public et une multiplication des arrestations.<\/p>\n<p>Selon les informations recoup\u00e9es de diff\u00e9rentes sources, 25 personnes ont \u00e9t\u00e9 confirm\u00e9es mortes depuis le d\u00e9but du mouvement. Par ailleurs, 9 autres d\u00e9c\u00e8s ont \u00e9t\u00e9 signal\u00e9s mais ne peuvent, \u00e0 ce stade, \u00eatre confirm\u00e9s de mani\u00e8re ind\u00e9pendante, portant le nombre total de morts rapport\u00e9s \u00e0 34 personnes. Parmi les personnes tu\u00e9es figurent des jeunes et des mineurs.<\/p>\n<p>En outre, au moins une cinquantaine de personnes ont \u00e9t\u00e9 bless\u00e9es, certaines par des tirs directs ou des armes \u00e0 projectiles, et plusieurs centaines de personnes ont \u00e9t\u00e9 arr\u00eat\u00e9es, notamment des \u00e9tudiants, des travailleurs, des manifestants pacifiques et des militants civiques.<\/p>\n<p>Dans plusieurs localit\u00e9s, des t\u00e9moignages concordants font \u00e9tat de l\u2019usage de balles r\u00e9elles, de gaz lacrymog\u00e8nes tir\u00e9s \u00e0 courte distance, de passages \u00e0 tabac lors des interpellations, ainsi que de transferts de personnes arr\u00eat\u00e9es vers des lieux de d\u00e9tention non officiels. Des familles demeurent sans nouvelles de proches arr\u00eat\u00e9s, ce qui suscite de graves inqui\u00e9tudes quant au risque de d\u00e9tentions au secret, de torture, de mauvais traitements et de disparitions forc\u00e9es.<\/p>\n<p>Ces \u00e9l\u00e9ments indiquent que la r\u00e9ponse s\u00e9curitaire mise en \u0153uvre ne se limite pas au maintien de l\u2019ordre public, mais vise \u00e0 restreindre l\u2019exercice des droits \u00e0 la libert\u00e9 de r\u00e9union pacifique, d\u2019expression et d\u2019association, notamment par le ciblage r\u00e9p\u00e9t\u00e9 des \u00e9tudiants, des travailleurs, des journalistes et des d\u00e9fenseurs des droits humains.<\/p>\n<p>Nous rappelons que le droit \u00e0 la vie, l\u2019interdiction absolue de la torture, la libert\u00e9 de r\u00e9union pacifique et la libert\u00e9 d\u2019expression sont prot\u00e9g\u00e9s par le droit international et ne souffrent aucune d\u00e9rogation. Le maintien de l\u2019ordre ne saurait en aucun cas justifier l\u2019usage l\u00e9tal ou disproportionn\u00e9 de la force contre des manifestants pacifiques, ni des arrestations arbitraires suivies de d\u00e9tentions au secret.<\/p>\n<p>Compte tenu du nombre \u00e9lev\u00e9 de morts, de bless\u00e9s et de personnes arr\u00eat\u00e9es document\u00e9s, les r\u00e9ponses internationales limit\u00e9es \u00e0 des appels g\u00e9n\u00e9raux \u00e0 la retenue demeurent insuffisantes.<\/p>\n<p>Nous appelons la communaut\u00e9 internationale, en particulier les Nations unies et leurs \u00c9tats membres, \u00e0 :<\/p>\n<p>Renforcer de mani\u00e8re urgente les m\u00e9canismes internationaux ind\u00e9pendants d\u2019enqu\u00eate et de documentation afin d\u2019inclure les \u00e9v\u00e9nements r\u00e9cents et d\u2019assurer la pr\u00e9servation des preuves.<\/p>\n<p>Intensifier la pression diplomatique par des d\u00e9marches coordonn\u00e9es, publiques et sans ambigu\u00eft\u00e9 condamnant la r\u00e9pression violente et les arrestations arbitraires.<\/p>\n<p>Activer des m\u00e9canismes de responsabilit\u00e9 cibl\u00e9s, conformes au droit international, \u00e0 l\u2019encontre des individus et entit\u00e9s impliqu\u00e9s dans de graves violations, notamment les atteintes au droit \u00e0 la vie et \u00e0 l\u2019int\u00e9grit\u00e9 physique.<\/p>\n<p>Mettre en \u0153uvre des mesures concr\u00e8tes de protection pour les personnes expos\u00e9es \u00e0 des risques imm\u00e9diats, y compris les d\u00e9fenseurs des droits humains, les journalistes, les \u00e9tudiants et les t\u00e9moins.<\/p>\n<p>Les revendications exprim\u00e9es \u00e0 travers ces mobilisations traduisent une demande persistante de justice sociale, de dignit\u00e9 et de participation politique, port\u00e9e par des segments larges et divers de la soci\u00e9t\u00e9.<\/p>\n<p>La solidarit\u00e9 internationale doit se traduire par des actes clairs, coh\u00e9rents et fond\u00e9s sur le droit. Prot\u00e9ger la vie, pr\u00e9venir de nouvelles violations, obtenir la lib\u00e9ration des personnes d\u00e9tenues arbitrairement et lutter contre l\u2019impunit\u00e9 constituent des obligations d\u00e9coulant des engagements internationaux en mati\u00e8re de droits humains.<\/p>\n<p>Centre Zagros pour les Droits de l\u2019Homme<\/p>\n<p><img loading=\"lazy\" decoding=\"async\" class=\"alignnone size-large wp-image-2327\" src=\"https:\/\/zagros-centre.org\/wp-content\/uploads\/2026\/01\/Capture-decran-2026-01-05-144956-474x470.jpg\" alt=\"\" width=\"474\" height=\"470\" srcset=\"https:\/\/zagros-centre.org\/wp-content\/uploads\/2026\/01\/Capture-decran-2026-01-05-144956-474x470.jpg 474w, https:\/\/zagros-centre.org\/wp-content\/uploads\/2026\/01\/Capture-decran-2026-01-05-144956-242x240.jpg 242w, https:\/\/zagros-centre.org\/wp-content\/uploads\/2026\/01\/Capture-decran-2026-01-05-144956-768x762.jpg 768w, https:\/\/zagros-centre.org\/wp-content\/uploads\/2026\/01\/Capture-decran-2026-01-05-144956.jpg 1395w\" sizes=\"auto, (max-width: 474px) 100vw, 474px\" \/><\/p>\n","protected":false},"excerpt":{"rendered":"<p>05 janvier 2026 Depuis notre d\u00e9claration du 31 d\u00e9cembre 2025, les manifestations et gr\u00e8ves se sont poursuivies et \u00e9tendues \u00e0 de nombreuses villes et provinces, tandis que la r\u00e9ponse des autorit\u00e9s s\u2019est caract\u00e9ris\u00e9e par un recours accru \u00e0 la force, une militarisation de l\u2019espace public et une multiplication des arrestations. Selon les informations recoup\u00e9es de &hellip;<\/p>\n","protected":false},"author":1,"featured_media":2327,"comment_status":"open","ping_status":"closed","sticky":false,"template":"","format":"standard","meta":{"footnotes":""},"categories":[1,46,51,5,11,6,54],"tags":[],"class_list":["post-2326","post","type-post","status-publish","format-standard","has-post-thumbnail","","category-actualites","category-appel","category-arrestation","category-declaration","category-droit-de-lhomme","category-iran","category-manifestation"],"_links":{"self":[{"href":"https:\/\/zagros-centre.org\/index.php?rest_route=\/wp\/v2\/posts\/2326","targetHints":{"allow":["GET"]}}],"collection":[{"href":"https:\/\/zagros-centre.org\/index.php?rest_route=\/wp\/v2\/posts"}],"about":[{"href":"https:\/\/zagros-centre.org\/index.php?rest_route=\/wp\/v2\/types\/post"}],"author":[{"embeddable":true,"href":"https:\/\/zagros-centre.org\/index.php?rest_route=\/wp\/v2\/users\/1"}],"replies":[{"embeddable":true,"href":"https:\/\/zagros-centre.org\/index.php?rest_route=%2Fwp%2Fv2%2Fcomments&post=2326"}],"version-history":[{"count":2,"href":"https:\/\/zagros-centre.org\/index.php?rest_route=\/wp\/v2\/posts\/2326\/revisions"}],"predecessor-version":[{"id":2329,"href":"https:\/\/zagros-centre.org\/index.php?rest_route=\/wp\/v2\/posts\/2326\/revisions\/2329"}],"wp:featuredmedia":[{"embeddable":true,"href":"https:\/\/zagros-centre.org\/index.php?rest_route=\/wp\/v2\/media\/2327"}],"wp:attachment":[{"href":"https:\/\/zagros-centre.org\/index.php?rest_route=%2Fwp%2Fv2%2Fmedia&parent=2326"}],"wp:term":[{"taxonomy":"category","embeddable":true,"href":"https:\/\/zagros-centre.org\/index.php?rest_route=%2Fwp%2Fv2%2Fcategories&post=2326"},{"taxonomy":"post_tag","embeddable":true,"href":"https:\/\/zagros-centre.org\/index.php?rest_route=%2Fwp%2Fv2%2Ftags&post=2326"}],"curies":[{"name":"wp","href":"https:\/\/api.w.org\/{rel}","templated":true}]}}