{"id":2348,"date":"2026-01-27T08:20:30","date_gmt":"2026-01-27T07:20:30","guid":{"rendered":"https:\/\/zagros-centre.org\/?p=2348"},"modified":"2026-01-27T08:22:47","modified_gmt":"2026-01-27T07:22:47","slug":"declaration-ecrite-nord-de-la-syrie-affrontements-a-alep-deplacements-massifs-et-menaces-accrues-contre-les-minorites","status":"publish","type":"post","link":"https:\/\/zagros-centre.org\/?p=2348","title":{"rendered":"D\u00e9claration \u00e9crite :  Nord de la Syrie : affrontements \u00e0 Alep, d\u00e9placements massifs et menaces accrues contre les minorit\u00e9s"},"content":{"rendered":"<p style=\"text-align: justify;\"><img loading=\"lazy\" decoding=\"async\" class=\"size-large wp-image-2332 alignleft\" src=\"https:\/\/zagros-centre.org\/wp-content\/uploads\/2026\/01\/Cheikh-Maqsoud-et-Achrafieh2-600x400.jpg\" alt=\"\" width=\"600\" height=\"400\" srcset=\"https:\/\/zagros-centre.org\/wp-content\/uploads\/2026\/01\/Cheikh-Maqsoud-et-Achrafieh2-600x400.jpg 600w, https:\/\/zagros-centre.org\/wp-content\/uploads\/2026\/01\/Cheikh-Maqsoud-et-Achrafieh2-300x200.jpg 300w, https:\/\/zagros-centre.org\/wp-content\/uploads\/2026\/01\/Cheikh-Maqsoud-et-Achrafieh2-768x512.jpg 768w, https:\/\/zagros-centre.org\/wp-content\/uploads\/2026\/01\/Cheikh-Maqsoud-et-Achrafieh2.jpg 1198w\" sizes=\"auto, (max-width: 600px) 100vw, 600px\" \/>Conseil des droits de l\u2019homme<br \/>\nSoixante-et-uni\u00e8me session<\/p>\n<p style=\"text-align: justify;\">D\u00e9claration \u00e9crite pr\u00e9sent\u00e9 par Centre Zagros pour les Droits de l&rsquo;Homme, organisation non gouvernementale dot\u00e9e du statut consultatif sp\u00e9cial*<\/p>\n<p style=\"text-align: justify;\">\n<p style=\"text-align: justify;\">\n<p style=\"text-align: justify;\">\n<p style=\"text-align: justify;\">Le Secr\u00e9taire g\u00e9n\u00e9ral a re\u00e7u l\u2019expos\u00e9 \u00e9crit suivant, qui est distribu\u00e9 conform\u00e9ment \u00e0 la r\u00e9solution 1996\/31 du Conseil \u00e9conomique et social.<\/p>\n<p style=\"text-align: justify;\">[26 janvier 2026]\n<p style=\"text-align: justify;\">Nord de la Syrie : affrontements \u00e0 Alep, d\u00e9placements massifs et menaces accrues contre les minorit\u00e9s<\/p>\n<p style=\"text-align: justify;\">Depuis la chute du r\u00e9gime d\u2019Assad fin 2024, le nord de la Syrie est en proie \u00e0 de multiples affrontements. Les quartiers kurdes de la ville d\u2019Alep (Sheikh Maqsoud et Ashrafieh) ont \u00e9t\u00e9 particuli\u00e8rement touch\u00e9s. \u00c0 la fin 2025 et au d\u00e9but 2026, des combats y ont \u00e9clat\u00e9 entre les forces de s\u00e9curit\u00e9 kurdes (Asayish\/FDS) et des milices align\u00e9es sur le gouvernement int\u00e9rimaire syrien. Selon [1], ces hostilit\u00e9s ont tu\u00e9 \u00ab au moins 20 civils \u00bb et fait des dizaines de bless\u00e9s dans ces zones dens\u00e9ment peupl\u00e9es. Ces violences ont provoqu\u00e9 une catastrophe humanitaire : plus de 150\u202f000 habitants ont fui les quartiers attaqu\u00e9s, d\u00e9truisant des liens sociaux tiss\u00e9s depuis plus d\u2019une d\u00e9cennie de guerre. [2] rappelle que les bombardements ont touch\u00e9 des b\u00e2timents civils (h\u00f4pitaux, \u00e9coles) et entra\u00een\u00e9 de graves p\u00e9nuries de vivres, de m\u00e9dicaments et d\u2019\u00e9lectricit\u00e9 dans les quartiers kurdes assi\u00e9g\u00e9s.<\/p>\n<p style=\"text-align: justify;\">\n<p style=\"text-align: justify;\"><strong>Crise \u00e0 Alep et d\u00e9placements massifs<\/strong><\/p>\n<p style=\"text-align: justify;\">Les combats \u00e0 Alep ont culmin\u00e9 d\u00e9but janvier 2026. Le 6 janvier, des milices loyales au gouvernement al-Sharaa ont lanc\u00e9 un \u00ab assaut \u00e0 grande \u00e9chelle \u00bb pour chasser les forces kurdes de Sheikh Maqsoud et d\u2019Ashrafieh. L\u2019aviation de combat syrienne et des groupes affili\u00e9s ont pilonn\u00e9 ces quartiers, tuant civils et combattants. Les Kurdes d\u00e9noncent l\u2019usage d\u2019armes lourdes et de frappes a\u00e9riennes sur des zones r\u00e9sidentielles. Des t\u00e9moins, relay\u00e9s par [3], \u00e9voquent des familles r\u00e9fugi\u00e9es \u00ab dans des \u00e9glises ou des abris de fortune \u00bb et des bombardements qualifi\u00e9s de \u00ab massacres syst\u00e9matiques \u00bb.<\/p>\n<p style=\"text-align: justify;\">Au moins 30 personnes ont \u00e9t\u00e9 tu\u00e9es et plus de 150\u202f000 d\u00e9plac\u00e9es durant cette semaine de combats. Les brefs cessez-le-feu n\u00e9goci\u00e9s sous m\u00e9diation internationale n\u2019ont que partiellement pr\u00e9venu la crise\u202f: les derniers combattants kurdes ont quitt\u00e9 Alep le 10 janvier selon [4], sous escorte de l\u2019arm\u00e9e am\u00e9ricaine, pendant que des centaines de familles pakistanaises fuyaient le conflit. Les autorit\u00e9s syriennes ont rapidement proclam\u00e9 ces quartiers \u00ab zones militaires ferm\u00e9es \u00bb, interdisant l\u2019acc\u00e8s aux humanitaires. Pour les ONG locales, il s\u2019agit d\u2019un nouvel \u00e9pisode d\u2019\u00ab assi\u00e8gement \u00bb des enclaves kurdes, qui subissent d\u00e9j\u00e0 depuis des mois un blocus officieux\u202f: les checkpoints pro-gouvernementaux n\u2019ouvrent que le corridor d\u2019al-Awarid pour les civils, emp\u00eachant l\u2019entr\u00e9e de carburant, de farine et de m\u00e9dicaments. [5] rapportent que l\u2019\u00e9lectricit\u00e9 a \u00e9t\u00e9 coup\u00e9e pendant pr\u00e8s d\u2019un mois, les \u00e9coles et h\u00f4pitaux sont en crise, et les t\u00e9moignages d\u2019exactions (viols, pillages) se multiplient. Face \u00e0 cette \u00ab purge ethnique \u00bb d\u00e9cri\u00e9e par les observateurs, [6] d\u00e9nonce un \u00ab nettoyage de fait \u00bb des populations kurdes, violant les conventions humanitaires.<\/p>\n<p style=\"text-align: justify;\">\n<p style=\"text-align: justify;\"><strong>\u00c9volution s\u00e9curitaire dans le nord-est syrien<\/strong><\/p>\n<p style=\"text-align: justify;\">Sur fond de ces combats \u00e0 Alep, les forces du gouvernement de transition ont lanc\u00e9 mi-janvier 2026 une offensive majeure dans les r\u00e9gions administr\u00e9es par les Kurdes au nord-est. Selon [7], l\u2019arm\u00e9e syrienne a repris le plus grand gisement p\u00e9trolier du pays (Omar) et le champ gazier Conoco, ainsi que le barrage strat\u00e9gique de Tabqa pr\u00e8s de Raqqa. Cette pouss\u00e9e a permis \u00e0 Damas de contr\u00f4ler une grande partie du couloir Est de l\u2019Euphrate, mena\u00e7ant les revenus p\u00e9troliers jadis r\u00e9serv\u00e9s \u00e0 l\u2019AANES. Le 16 janvier, le pr\u00e9sident Ahmad al-Charaa a promulgu\u00e9 un d\u00e9cret accordant au kurde un statut officiel, premi\u00e8re reconnaissance juridique de la langue kurde depuis 1946, mais dans le m\u00eame temps il a justifi\u00e9 l\u2019op\u00e9ration par le besoin de \u00ab lib\u00e9rer \u00bb des terres nationales tenues par les milices kurdes. Le 18 janvier, sous la pression diplomatique (surtout am\u00e9ricaine), les autorit\u00e9s kurdes et Damas ont annonc\u00e9 un accord de cessez-le-feu et d\u2019int\u00e9gration. Celui-ci pr\u00e9voit un retrait complet des forces kurdes \u00e0 l\u2019est de l\u2019Euphrate, le transfert des provinces de Raqqa et Deir ez-Zor au gouvernement et l\u2019absorption progressive des combattants kurdes dans l\u2019arm\u00e9e nationale. Cet accord a \u00e9t\u00e9 suivi le 20 janvier par l\u2019annonce de la prise de contr\u00f4le syrienne de centres de d\u00e9tention et du camp d\u2019Al-Hol contenant des milliers de d\u00e9tenus li\u00e9s \u00e0 l\u2019EI. Toutefois, la situation reste fragile et des br\u00e8ches du cessez-le-feu sont d\u00e9j\u00e0 signal\u00e9es dans plusieurs poches kurdes, attisant la m\u00e9fiance mutuelle et risquant de faire d\u00e9g\u00e9n\u00e9rer le conflit.<\/p>\n<p style=\"text-align: justify;\">\n<p style=\"text-align: justify;\"><strong>Cons\u00e9quences pour les minorit\u00e9s<\/strong><\/p>\n<p style=\"text-align: justify;\">Les r\u00e9centes op\u00e9rations ont des r\u00e9percussions graves au-del\u00e0 de la seule communaut\u00e9 kurde. Sheikh Maqsoud et Ashrafieh \u00e9taient devenus des havres pour de nombreuses populations d\u00e9plac\u00e9es\u202f: y vivaient aussi des familles chr\u00e9tiennes (Assyro-chald\u00e9ennes, notamment) et arabes chass\u00e9es d\u2019autres secteurs, aux c\u00f4t\u00e9s des Kurdes. Leur chute remet en question le projet multiethnique du nord de la Syrie. De plus, les Y\u00e9zidis, tr\u00e8s minoritaires en Syrie mais repr\u00e9sent\u00e9s parmi les r\u00e9fugi\u00e9s et d\u00e9tenus, figurent parmi les victimes de la crise. Un rapport d\u2019[8] met en garde contre un risque de \u00ab nouveau g\u00e9nocide \u00bb pour quelque 1\u202f200 familles y\u00e9zidies menac\u00e9es, et confirme au moins deux tu\u00e9s identifi\u00e9s de cette communaut\u00e9 dans les violences d\u2019Alep. Les exactions rapport\u00e9es (massacres, viols, enl\u00e8vements) visent \u00e0 semer la terreur dans la population et entretenir un climat de guerre confessionnelle. [9] d\u00e9noncent d\u00e9j\u00e0 des \u00ab crimes sectaires en s\u00e9rie \u00bb et un d\u00e9but de \u00ab purification ethnique \u00bb contre les Kurdes.<\/p>\n<p style=\"text-align: justify;\">D\u2019autres minorit\u00e9s craignent \u00e9galement pour leur sort. Les Assyriens-chr\u00e9tiens du Nord-Est voyaient dans l\u2019AANES une protection mod\u00e9r\u00e9e de leurs institutions et de leur h\u00e9ritage culturel\u202f; l\u2019attaque contre les quartiers kurdes d\u2019Alep, et plus largement la reprise en main par Damas, jette une ombre sur leur avenir. Au sud-ouest, les Alaouites et Druzes rapportent de nouveaux actes de violence, rappelant que \u00ab toutes les communaut\u00e9s minoritaires sont cibl\u00e9es \u00bb selon [10]. Les progressistes \u00e9voquent aussi une menace de r\u00e9surgence de l\u2019EI\u202f: l\u2019escalade envoie un signal favorable aux extr\u00e9mistes qu\u2019une solution politique en Syrie est hors de port\u00e9e, ravivant la peur d\u2019un retour des djihadistes.<\/p>\n<p style=\"text-align: justify;\">\n<p style=\"text-align: justify;\"><strong>Recommandations :<\/strong><\/p>\n<p style=\"text-align: justify;\">Le Centre Zagros pour les droits de l\u2019homme appelle les autorit\u00e9s syriennes et la communaut\u00e9 internationale \u00e0 agir d\u2019urgence afin de prot\u00e9ger les populations vuln\u00e9rables :<\/p>\n<p style=\"text-align: justify;\">&#8211; Au gouvernement syrien (gouvernement int\u00e9rimaire) : cesser imm\u00e9diatement les hostilit\u00e9s dans les zones habit\u00e9es et lever le blocus sur les enclaves kurdes. Assurer le contr\u00f4le effectif de toutes les forces arm\u00e9es plac\u00e9es sous son autorit\u00e9 pour emp\u00eacher les exactions. Ouvrir sans d\u00e9lai des corridors s\u00e9curis\u00e9s pour permettre l\u2019\u00e9vacuation volontaire des civils et l\u2019acheminement sans entrave de l\u2019aide humanitaire. Relancer sans pr\u00e9condition un dialogue politique inclusif avec les repr\u00e9sentants kurdes et les autres minorit\u00e9s locales, en appliquant les accords de mars 2025 et janvier 2026, notamment les dispositions garantissant l\u2019usage de la langue kurde et des institutions locales. Poursuivre en justice les auteurs d\u2019atteintes aux droits de l\u2019homme et appliquer les droits fondamentaux (\u00e9galit\u00e9 des droits civiques, propri\u00e9t\u00e9 fonci\u00e8re, pratiques culturelles) \u00e0 toutes les communaut\u00e9s syriennes.<\/p>\n<p style=\"text-align: justify;\">&#8211; \u00c0 la communaut\u00e9 internationale et \u00e0 l\u2019ONU : exercer une pression diplomatique forte sur Damas (et ses soutiens) pour obtenir le respect des normes internationales humanitaires. Exiger un cessez-le-feu durable et la mise en \u0153uvre int\u00e9grale des accords de paix (protection des minorit\u00e9s, int\u00e9gration des forces kurdes). Faciliter la m\u00e9diation et le d\u00e9ploiement de m\u00e9canismes ind\u00e9pendants de surveillance (Commissions d\u2019enqu\u00eate de l\u2019ONU, ODHYS, ONG internationales) pour documenter les violences et faire rapport au Conseil de s\u00e9curit\u00e9. Garantir l\u2019acc\u00e8s rapide des \u00e9quipes humanitaires \u00e0 toutes les populations affect\u00e9es, sans discrimination ethnique ou politique. Enfin, soutenir financi\u00e8rement et logistiquement les projets locaux de reconstruction et de r\u00e9conciliation, en particulier ceux qui promeuvent la participation des Kurdes, Assyriens, Y\u00e9zidis et autres minorit\u00e9s dans l\u2019administration locale.<\/p>\n<p style=\"text-align: justify;\">&#8211; Aux acteurs r\u00e9gionaux : la Turquie doit s\u2019abstenir de toute intervention militaire suppl\u00e9mentaire dans le nord syrien et respecter la souverainet\u00e9 syrienne, tandis que l\u2019Iran et la Russie, alli\u00e9s cl\u00e9s de Damas, doivent conditionner leur aide \u00e0 la protection des civils et au respect du cessez-le-feu. La mise en \u0153uvre du droit international (y compris les r\u00e9solutions de l\u2019ONU sur la Syrie) doit guider leur action.<\/p>\n<p style=\"text-align: justify;\">&#8211; Recommandations aux minorit\u00e9s elles-m\u00eames : la communaut\u00e9 kurde et les autres minorit\u00e9s doivent continuer \u00e0 privil\u00e9gier le dialogue politique et l\u2019engagement pacifique. Les autorit\u00e9s internationales doivent accorder une attention particuli\u00e8re \u00e0 leurs appels au secours. Le Conseil de s\u00e9curit\u00e9 des Nations unies, les institutions europ\u00e9ennes et les ONG de d\u00e9fense des droits de l\u2019homme sont les interlocuteurs naturels pour faire \u00e9voluer la situation.<\/p>\n<p style=\"text-align: justify;\">Le Centre Zagros rappelle que seule une solution politique inclusive, respectueuse des droits de tous, mettra un terme \u00e0 la spirale de violences. Les r\u00e9cents \u00e9v\u00e9nements soulignent l\u2019urgence d\u2019une action d\u00e9termin\u00e9e pour prot\u00e9ger les minorit\u00e9s et pr\u00e9venir un embrasement r\u00e9gional. Les autorit\u00e9s syriennes et les acteurs internationaux ont l\u2019obligation morale et juridique de garantir la s\u00e9curit\u00e9, la dignit\u00e9 et l\u2019\u00e9galit\u00e9 pour toutes les communaut\u00e9s en Syrie.<\/p>\n<p style=\"text-align: justify;\">[1] Amnesty International<br \/>\n[2] Le Centre Zagros<br \/>\n[3] la presse kurde<br \/>\n[4] la presse<br \/>\n[5] Des responsables kurdes<br \/>\n[6] le Centre Zagros<br \/>\n[7] l\u2019agence russe RBC<br \/>\n[8] une ONG yazidie<br \/>\n[9] La Ligue des droits de l\u2019homme syrienne et d\u2019autres observateurs<br \/>\n[10] des sources engag\u00e9es<\/p>\n","protected":false},"excerpt":{"rendered":"<p>Conseil des droits de l\u2019homme Soixante-et-uni\u00e8me session D\u00e9claration \u00e9crite pr\u00e9sent\u00e9 par Centre Zagros pour les Droits de l&rsquo;Homme, organisation non gouvernementale dot\u00e9e du statut consultatif sp\u00e9cial* Le Secr\u00e9taire g\u00e9n\u00e9ral a re\u00e7u l\u2019expos\u00e9 \u00e9crit suivant, qui est distribu\u00e9 conform\u00e9ment \u00e0 la r\u00e9solution 1996\/31 du Conseil \u00e9conomique et social. [26 janvier 2026] Nord de la Syrie : &hellip;<\/p>\n","protected":false},"author":1,"featured_media":2332,"comment_status":"open","ping_status":"closed","sticky":false,"template":"","format":"standard","meta":{"footnotes":""},"categories":[4,37,60,38,50,47,8,90],"tags":[],"class_list":["post-2348","post","type-post","status-publish","format-standard","has-post-thumbnail","","category-declaration-ecrite","category-genocide","category-kurde","category-massacre","category-minorite","category-rojava","category-syrie","category-syrie-2"],"_links":{"self":[{"href":"https:\/\/zagros-centre.org\/index.php?rest_route=\/wp\/v2\/posts\/2348","targetHints":{"allow":["GET"]}}],"collection":[{"href":"https:\/\/zagros-centre.org\/index.php?rest_route=\/wp\/v2\/posts"}],"about":[{"href":"https:\/\/zagros-centre.org\/index.php?rest_route=\/wp\/v2\/types\/post"}],"author":[{"embeddable":true,"href":"https:\/\/zagros-centre.org\/index.php?rest_route=\/wp\/v2\/users\/1"}],"replies":[{"embeddable":true,"href":"https:\/\/zagros-centre.org\/index.php?rest_route=%2Fwp%2Fv2%2Fcomments&post=2348"}],"version-history":[{"count":4,"href":"https:\/\/zagros-centre.org\/index.php?rest_route=\/wp\/v2\/posts\/2348\/revisions"}],"predecessor-version":[{"id":2352,"href":"https:\/\/zagros-centre.org\/index.php?rest_route=\/wp\/v2\/posts\/2348\/revisions\/2352"}],"wp:featuredmedia":[{"embeddable":true,"href":"https:\/\/zagros-centre.org\/index.php?rest_route=\/wp\/v2\/media\/2332"}],"wp:attachment":[{"href":"https:\/\/zagros-centre.org\/index.php?rest_route=%2Fwp%2Fv2%2Fmedia&parent=2348"}],"wp:term":[{"taxonomy":"category","embeddable":true,"href":"https:\/\/zagros-centre.org\/index.php?rest_route=%2Fwp%2Fv2%2Fcategories&post=2348"},{"taxonomy":"post_tag","embeddable":true,"href":"https:\/\/zagros-centre.org\/index.php?rest_route=%2Fwp%2Fv2%2Ftags&post=2348"}],"curies":[{"name":"wp","href":"https:\/\/api.w.org\/{rel}","templated":true}]}}