{"id":82,"date":"2018-09-15T00:00:46","date_gmt":"2018-09-14T22:00:46","guid":{"rendered":"https:\/\/zagros-centre.org\/newsite\/?p=82"},"modified":"2019-11-29T00:23:41","modified_gmt":"2019-11-28T23:23:41","slug":"appel-des-manifestants-pour-mettre-fin-a-lagression-et-les-attaques-du-gouvernement-iranien-contre-le-peuple-kurde","status":"publish","type":"post","link":"https:\/\/zagros-centre.org\/?p=82","title":{"rendered":"Appel des manifestants pour mettre fin \u00e0 l&rsquo;agression et les attaques du gouvernement iranien contre le peuple kurde !"},"content":{"rendered":"<p style=\"text-align: justify;\">La manifestation du 15 septembre 2018 a eu lieu sur la place des Nations \u00e0 Gen\u00e8ve. Des centaines manifestants ont \u00e9t\u00e9 pr\u00e9sents.<br \/>\nNous remercions toutes et tous ceux qui sont venus nous soutenir et pour protester les actes agressifs commis par le gouvernement iranien. Voici l&rsquo;Appel des manifestants :<br \/>\nAppel des manifestants pour mettre fin \u00e0 l&rsquo;agression et les attaques du gouvernement iranien contre le peuple kurde !<br \/>\nLe 08 septembre 2018, la R\u00e9publique islamique d&rsquo;Iran a commis d&rsquo;autres crimes contre le peuple kurde \u00e0 l&rsquo;est du Kurdistan (nomm\u00e9 Kurdistan d&rsquo;Iran).<br \/>\nTrois prisonniers politiques kurdes, Ramin Hussein Panahi, Zaniyar et Loghman Moradi, ont \u00e9t\u00e9 pendus en m\u00eame temps.<br \/>\nEn outre, le camp des familles et le bureau des deux partis principaux politiques Kurde oppos\u00e9s au r\u00e9gime iranien, le Parti d\u00e9mocratique du Kurdistan et le Parti d\u00e9mocratique du Kurdistan d\u2019Iran qui se battent pour la r\u00e9solution pacifique de question kurde en Iran depuis de nombreuses ann\u00e9es, ont \u00e9t\u00e9 pris pour cible par les missiles iraniens.<br \/>\nLe camp et les bureaux politiques se situent \u00e0 Koy Sanjaq \u00e0 200 km de la fronti\u00e8re entre l&rsquo;Iran et l&rsquo;Irak.<br \/>\n\u00c0 la suite de ces attaques de missiles, 15 personnes ont perdu la vie et des dizaines ont \u00e9t\u00e9 bless\u00e9es, et les habitants du camp de r\u00e9fugi\u00e9s Kurdes iraniens ont \u00e9galement quitt\u00e9 leurs maisons pour prot\u00e9ger leurs vies et se sont r\u00e9fugi\u00e9s dans les montagnes environnantes.<br \/>\nMalheureusement, \u00e0 ce jour aucune organisation ou institution international n&rsquo;a condamn\u00e9 ces attaques du r\u00e9gime iranien. M\u00eame le gouvernement irakien ne s\u2019est pas oppos\u00e9 \u00e0 cette violation de la souverainet\u00e9 de son territoire, et ne s\u2019est pas engag\u00e9 pour aider des victimes de l&rsquo;attaque.<br \/>\nNous, les manifestants sur la Place des Nations, condamnons fermement toutes les formes d\u2019attaque contre les militants politiques et pacifistes Kurde, l\u2019ex\u00e9cution et l\u2019assassinat d\u2019activistes environnementaux et civils et les actes subversifs du gouvernement iranien dans d\u2019autres pays du monde, et nous demandons aux Nations Unies et \u00e0 ses Etats membres de :<br \/>\n1- Condamner l&rsquo;ex\u00e9cution et l&rsquo;assassinat syst\u00e9matiquement de militants politiques, civils et environnementaux par le gouvernement iranien, et faire pression sur la R\u00e9publique islamique d\u2019Iran pour qu\u2019il mette un terme \u00e0 toutes les peines et les punitions inadmissible visant les militants pacifiste Kurdes.<br \/>\n2- Condamner les bombardements et les attaques contre les bureaux des partis politiques kurdes et le camp des familles de r\u00e9fugi\u00e9s kurdes iraniens en Irak, et de les prendre sous la protection internationale,<br \/>\n3- Condamner la violation de la souverainet\u00e9 irakienne et la r\u00e9gion f\u00e9d\u00e9ral du Kurdistan et le lancement des missiles sur le territoire de ce pays.<br \/>\n4- Former une commission internationale pour enqu\u00eater sur ces attaques et les ex\u00e9cutions arbitraires par le gouvernement iranien.<\/p>\n<p style=\"text-align: justify;\">Gen\u00e8ve, le 15 septembre 2018<\/p>\n<div id='gallery-1' class='gallery galleryid-82 gallery-columns-4 gallery-size-medium'><figure class='gallery-item'>\n\t\t\t<div class='gallery-icon landscape'>\n\t\t\t\t<a href='https:\/\/zagros-centre.org\/wp-content\/uploads\/2019\/06\/manif_15092018_1.jpg'><img loading=\"lazy\" decoding=\"async\" width=\"300\" height=\"170\" src=\"https:\/\/zagros-centre.org\/wp-content\/uploads\/2019\/06\/manif_15092018_1-300x170.jpg\" class=\"attachment-medium size-medium\" alt=\"\" srcset=\"https:\/\/zagros-centre.org\/wp-content\/uploads\/2019\/06\/manif_15092018_1-300x170.jpg 300w, https:\/\/zagros-centre.org\/wp-content\/uploads\/2019\/06\/manif_15092018_1-768x435.jpg 768w, https:\/\/zagros-centre.org\/wp-content\/uploads\/2019\/06\/manif_15092018_1-1024x580.jpg 1024w, https:\/\/zagros-centre.org\/wp-content\/uploads\/2019\/06\/manif_15092018_1.jpg 2048w\" sizes=\"auto, (max-width: 300px) 100vw, 300px\" \/><\/a>\n\t\t\t<\/div><\/figure><figure class='gallery-item'>\n\t\t\t<div class='gallery-icon landscape'>\n\t\t\t\t<a href='https:\/\/zagros-centre.org\/wp-content\/uploads\/2019\/06\/manif_15092018_2.jpg'><img loading=\"lazy\" decoding=\"async\" width=\"300\" height=\"179\" src=\"https:\/\/zagros-centre.org\/wp-content\/uploads\/2019\/06\/manif_15092018_2-300x179.jpg\" class=\"attachment-medium size-medium\" alt=\"\" srcset=\"https:\/\/zagros-centre.org\/wp-content\/uploads\/2019\/06\/manif_15092018_2-300x179.jpg 300w, https:\/\/zagros-centre.org\/wp-content\/uploads\/2019\/06\/manif_15092018_2-768x459.jpg 768w, https:\/\/zagros-centre.org\/wp-content\/uploads\/2019\/06\/manif_15092018_2-1024x612.jpg 1024w, https:\/\/zagros-centre.org\/wp-content\/uploads\/2019\/06\/manif_15092018_2.jpg 1774w\" sizes=\"auto, (max-width: 300px) 100vw, 300px\" \/><\/a>\n\t\t\t<\/div><\/figure><figure class='gallery-item'>\n\t\t\t<div class='gallery-icon landscape'>\n\t\t\t\t<a href='https:\/\/zagros-centre.org\/wp-content\/uploads\/2019\/06\/manif_15092018_3.jpg'><img loading=\"lazy\" decoding=\"async\" width=\"300\" height=\"168\" src=\"https:\/\/zagros-centre.org\/wp-content\/uploads\/2019\/06\/manif_15092018_3-300x168.jpg\" class=\"attachment-medium size-medium\" alt=\"\" srcset=\"https:\/\/zagros-centre.org\/wp-content\/uploads\/2019\/06\/manif_15092018_3-300x168.jpg 300w, https:\/\/zagros-centre.org\/wp-content\/uploads\/2019\/06\/manif_15092018_3-450x250.jpg 450w, https:\/\/zagros-centre.org\/wp-content\/uploads\/2019\/06\/manif_15092018_3-768x430.jpg 768w, https:\/\/zagros-centre.org\/wp-content\/uploads\/2019\/06\/manif_15092018_3-1024x574.jpg 1024w, https:\/\/zagros-centre.org\/wp-content\/uploads\/2019\/06\/manif_15092018_3.jpg 1872w\" sizes=\"auto, (max-width: 300px) 100vw, 300px\" \/><\/a>\n\t\t\t<\/div><\/figure><figure class='gallery-item'>\n\t\t\t<div class='gallery-icon landscape'>\n\t\t\t\t<a href='https:\/\/zagros-centre.org\/wp-content\/uploads\/2019\/06\/manif_15092018_4.jpg'><img loading=\"lazy\" decoding=\"async\" width=\"300\" height=\"169\" src=\"https:\/\/zagros-centre.org\/wp-content\/uploads\/2019\/06\/manif_15092018_4-300x169.jpg\" class=\"attachment-medium size-medium\" alt=\"\" srcset=\"https:\/\/zagros-centre.org\/wp-content\/uploads\/2019\/06\/manif_15092018_4-300x169.jpg 300w, https:\/\/zagros-centre.org\/wp-content\/uploads\/2019\/06\/manif_15092018_4-768x432.jpg 768w, https:\/\/zagros-centre.org\/wp-content\/uploads\/2019\/06\/manif_15092018_4-1024x576.jpg 1024w, https:\/\/zagros-centre.org\/wp-content\/uploads\/2019\/06\/manif_15092018_4.jpg 1909w\" sizes=\"auto, (max-width: 300px) 100vw, 300px\" \/><\/a>\n\t\t\t<\/div><\/figure>\n\t\t<\/div>\n\n<p style=\"text-align: justify;\">\n","protected":false},"excerpt":{"rendered":"<p>La manifestation du 15 septembre 2018 a eu lieu sur la place des Nations \u00e0 Gen\u00e8ve. Des centaines manifestants ont \u00e9t\u00e9 pr\u00e9sents. Nous remercions toutes et tous ceux qui sont venus nous soutenir et pour protester les actes agressifs commis par le gouvernement iranien. Voici l&rsquo;Appel des manifestants : Appel des manifestants pour mettre fin &hellip;<\/p>\n","protected":false},"author":1,"featured_media":83,"comment_status":"closed","ping_status":"closed","sticky":false,"template":"","format":"standard","meta":{"footnotes":""},"categories":[1,16,11,6,15],"tags":[],"class_list":["post-82","post","type-post","status-publish","format-standard","has-post-thumbnail","","category-actualites","category-conseil-des-droits-de-lhomme","category-droit-de-lhomme","category-iran","category-peine-de-mort"],"_links":{"self":[{"href":"https:\/\/zagros-centre.org\/index.php?rest_route=\/wp\/v2\/posts\/82","targetHints":{"allow":["GET"]}}],"collection":[{"href":"https:\/\/zagros-centre.org\/index.php?rest_route=\/wp\/v2\/posts"}],"about":[{"href":"https:\/\/zagros-centre.org\/index.php?rest_route=\/wp\/v2\/types\/post"}],"author":[{"embeddable":true,"href":"https:\/\/zagros-centre.org\/index.php?rest_route=\/wp\/v2\/users\/1"}],"replies":[{"embeddable":true,"href":"https:\/\/zagros-centre.org\/index.php?rest_route=%2Fwp%2Fv2%2Fcomments&post=82"}],"version-history":[{"count":0,"href":"https:\/\/zagros-centre.org\/index.php?rest_route=\/wp\/v2\/posts\/82\/revisions"}],"wp:featuredmedia":[{"embeddable":true,"href":"https:\/\/zagros-centre.org\/index.php?rest_route=\/wp\/v2\/media\/83"}],"wp:attachment":[{"href":"https:\/\/zagros-centre.org\/index.php?rest_route=%2Fwp%2Fv2%2Fmedia&parent=82"}],"wp:term":[{"taxonomy":"category","embeddable":true,"href":"https:\/\/zagros-centre.org\/index.php?rest_route=%2Fwp%2Fv2%2Fcategories&post=82"},{"taxonomy":"post_tag","embeddable":true,"href":"https:\/\/zagros-centre.org\/index.php?rest_route=%2Fwp%2Fv2%2Ftags&post=82"}],"curies":[{"name":"wp","href":"https:\/\/api.w.org\/{rel}","templated":true}]}}